
{"id":121298,"date":"2022-08-11T00:07:00","date_gmt":"2022-08-11T03:07:00","guid":{"rendered":"https:\/\/www.largadoemguarapari.com.br\/13largado\/?p=121298"},"modified":"2022-08-11T02:50:13","modified_gmt":"2022-08-11T05:50:13","slug":"diplomata-saudita-mohammad-al-qahtani-morre-enquanto-discursava-em-conferencia-no-cairo","status":"publish","type":"post","link":"https:\/\/www.largadoemguarapari.com.br\/13largado\/diplomata-saudita-mohammad-al-qahtani-morre-enquanto-discursava-em-conferencia-no-cairo\/","title":{"rendered":"Diplomata saudita Mohammad al-Qahtani morre enquanto discursava em confer\u00eancia no Cairo"},"content":{"rendered":"\n<figure class=\"wp-block-video\"><video controls src=\"https:\/\/www.largadoemguarapari.com.br\/13largado\/wp-content\/uploads\/2022\/08\/MORTE-DO-DPLOMATA-SAUDITA.mp4\"><\/video><\/figure>\n\n\n\n<div style=\"height:10px\" aria-hidden=\"true\" class=\"wp-block-spacer\"><\/div>\n\n\n\n<p>\u201cN\u00e3o h\u00e1 posi\u00e7\u00e3o e nenhum valor para ningu\u00e9m, exceto para aqueles que encontraram seu Senhor com um cora\u00e7\u00e3o saud\u00e1vel\u201d, disse o diplomata saudita Mohammad al-Qahtani e morreu em seguida.<\/p>\n\n\n\n<div style=\"height:10px\" aria-hidden=\"true\" class=\"wp-block-spacer\"><\/div>\n\n\n\n<p><\/p>\n","protected":false},"excerpt":{"rendered":"<p>\u201cN\u00e3o h\u00e1 posi\u00e7\u00e3o e nenhum valor para ningu\u00e9m, exceto para aqueles que encontraram seu Senhor com um cora\u00e7\u00e3o saud\u00e1vel\u201d, disse o diplomata saudita Mohammad al-Qahtani e morreu em seguida.<\/p>\n","protected":false},"author":10,"featured_media":0,"comment_status":"open","ping_status":"open","sticky":false,"template":"","format":"standard","meta":{"footnotes":""},"categories":[20],"tags":[],"class_list":["post-121298","post","type-post","status-publish","format-standard","hentry","category-bizarra"],"_links":{"self":[{"href":"https:\/\/www.largadoemguarapari.com.br\/13largado\/wp-json\/wp\/v2\/posts\/121298","targetHints":{"allow":["GET"]}}],"collection":[{"href":"https:\/\/www.largadoemguarapari.com.br\/13largado\/wp-json\/wp\/v2\/posts"}],"about":[{"href":"https:\/\/www.largadoemguarapari.com.br\/13largado\/wp-json\/wp\/v2\/types\/post"}],"author":[{"embeddable":true,"href":"https:\/\/www.largadoemguarapari.com.br\/13largado\/wp-json\/wp\/v2\/users\/10"}],"replies":[{"embeddable":true,"href":"https:\/\/www.largadoemguarapari.com.br\/13largado\/wp-json\/wp\/v2\/comments?post=121298"}],"version-history":[{"count":1,"href":"https:\/\/www.largadoemguarapari.com.br\/13largado\/wp-json\/wp\/v2\/posts\/121298\/revisions"}],"predecessor-version":[{"id":121300,"href":"https:\/\/www.largadoemguarapari.com.br\/13largado\/wp-json\/wp\/v2\/posts\/121298\/revisions\/121300"}],"wp:attachment":[{"href":"https:\/\/www.largadoemguarapari.com.br\/13largado\/wp-json\/wp\/v2\/media?parent=121298"}],"wp:term":[{"taxonomy":"category","embeddable":true,"href":"https:\/\/www.largadoemguarapari.com.br\/13largado\/wp-json\/wp\/v2\/categories?post=121298"},{"taxonomy":"post_tag","embeddable":true,"href":"https:\/\/www.largadoemguarapari.com.br\/13largado\/wp-json\/wp\/v2\/tags?post=121298"}],"curies":[{"name":"wp","href":"https:\/\/api.w.org\/{rel}","templated":true}]}}