
{"id":14947,"date":"2014-07-08T00:07:21","date_gmt":"2014-07-08T03:07:21","guid":{"rendered":"http:\/\/www.largadoemguarapari.com.br\/13largado\/?p=14947"},"modified":"2014-07-06T01:56:33","modified_gmt":"2014-07-06T04:56:33","slug":"quem-e-que-joga-fumaca-pro-alto-nunca-pare-ao-lado-da-caminhonete-do-marcelo-d2","status":"publish","type":"post","link":"https:\/\/www.largadoemguarapari.com.br\/13largado\/quem-e-que-joga-fumaca-pro-alto-nunca-pare-ao-lado-da-caminhonete-do-marcelo-d2\/","title":{"rendered":"QUEM \u00c9 QUE JOGA FUMA\u00c7A PRO ALTO? NUNCA PARE AO LADO DA CAMINHONETE DO MARCELO D2"},"content":{"rendered":"<p><center><iframe loading=\"lazy\" src=\"\/\/www.youtube.com\/embed\/CLIyuvelLpU?rel=0\" width=\"600\" height=\"450\" frameborder=\"0\" allowfullscreen=\"allowfullscreen\"><\/iframe><\/center><br \/>\n<span style=\"color: white;\">***<\/span><\/p>\n<p style=\"text-align: center;\"><strong><em>B\u00f4nus: Filha que cuida da m\u00e3e com Alzheimer comove internautas ap\u00f3s postar v\u00eddeo<\/em><\/strong><\/p>\n<p><span style=\"color: white;\">***<\/span><\/p>\n<p><center><iframe loading=\"lazy\" src=\"\/\/www.youtube.com\/embed\/ALU4s5njmIA?rel=0\" width=\"600\" height=\"450\" frameborder=\"0\" allowfullscreen=\"allowfullscreen\"><\/iframe><\/center><\/p>\n","protected":false},"excerpt":{"rendered":"<p>*** B\u00f4nus: Filha que cuida da m\u00e3e com Alzheimer comove internautas ap\u00f3s postar v\u00eddeo ***<\/p>\n","protected":false},"author":9,"featured_media":0,"comment_status":"open","ping_status":"open","sticky":false,"template":"","format":"standard","meta":{"footnotes":""},"categories":[17],"tags":[],"class_list":["post-14947","post","type-post","status-publish","format-standard","hentry","category-videos"],"_links":{"self":[{"href":"https:\/\/www.largadoemguarapari.com.br\/13largado\/wp-json\/wp\/v2\/posts\/14947","targetHints":{"allow":["GET"]}}],"collection":[{"href":"https:\/\/www.largadoemguarapari.com.br\/13largado\/wp-json\/wp\/v2\/posts"}],"about":[{"href":"https:\/\/www.largadoemguarapari.com.br\/13largado\/wp-json\/wp\/v2\/types\/post"}],"author":[{"embeddable":true,"href":"https:\/\/www.largadoemguarapari.com.br\/13largado\/wp-json\/wp\/v2\/users\/9"}],"replies":[{"embeddable":true,"href":"https:\/\/www.largadoemguarapari.com.br\/13largado\/wp-json\/wp\/v2\/comments?post=14947"}],"version-history":[{"count":1,"href":"https:\/\/www.largadoemguarapari.com.br\/13largado\/wp-json\/wp\/v2\/posts\/14947\/revisions"}],"predecessor-version":[{"id":14950,"href":"https:\/\/www.largadoemguarapari.com.br\/13largado\/wp-json\/wp\/v2\/posts\/14947\/revisions\/14950"}],"wp:attachment":[{"href":"https:\/\/www.largadoemguarapari.com.br\/13largado\/wp-json\/wp\/v2\/media?parent=14947"}],"wp:term":[{"taxonomy":"category","embeddable":true,"href":"https:\/\/www.largadoemguarapari.com.br\/13largado\/wp-json\/wp\/v2\/categories?post=14947"},{"taxonomy":"post_tag","embeddable":true,"href":"https:\/\/www.largadoemguarapari.com.br\/13largado\/wp-json\/wp\/v2\/tags?post=14947"}],"curies":[{"name":"wp","href":"https:\/\/api.w.org\/{rel}","templated":true}]}}