
{"id":151695,"date":"2025-02-27T00:20:00","date_gmt":"2025-02-27T03:20:00","guid":{"rendered":"https:\/\/www.largadoemguarapari.com.br\/13largado\/?p=151695"},"modified":"2025-02-26T18:25:17","modified_gmt":"2025-02-26T21:25:17","slug":"frase-do-dia-2846","status":"publish","type":"post","link":"https:\/\/www.largadoemguarapari.com.br\/13largado\/frase-do-dia-2846\/","title":{"rendered":"FRASE DO DIA"},"content":{"rendered":"\n<h2 class=\"wp-block-heading\">QUEM SER\u00c1 O PRIMEIRO A PERDER O VISTO?<\/h2>\n\n\n\n<h1 class=\"wp-block-heading\">PARECE QUE TEREMOS UM VENCEDOR<\/h1>\n\n\n\n<div style=\"height:11px\" aria-hidden=\"true\" class=\"wp-block-spacer\"><\/div>\n\n\n\n<figure class=\"wp-block-image size-large is-resized\"><img loading=\"lazy\" decoding=\"async\" width=\"600\" height=\"338\" src=\"https:\/\/www.largadoemguarapari.com.br\/13largado\/wp-content\/uploads\/2025\/02\/MIN-600x338.jpg\" alt=\"\" class=\"wp-image-151697\" style=\"width:693px;height:auto\" srcset=\"https:\/\/www.largadoemguarapari.com.br\/13largado\/wp-content\/uploads\/2025\/02\/MIN-600x338.jpg 600w, https:\/\/www.largadoemguarapari.com.br\/13largado\/wp-content\/uploads\/2025\/02\/MIN-300x169.jpg 300w, https:\/\/www.largadoemguarapari.com.br\/13largado\/wp-content\/uploads\/2025\/02\/MIN-768x432.jpg 768w, https:\/\/www.largadoemguarapari.com.br\/13largado\/wp-content\/uploads\/2025\/02\/MIN-1536x864.jpg 1536w, https:\/\/www.largadoemguarapari.com.br\/13largado\/wp-content\/uploads\/2025\/02\/MIN.jpg 1600w\" sizes=\"auto, (max-width: 600px) 100vw, 600px\" \/><\/figure>\n\n\n\n<h1 class=\"wp-block-heading\">Ministros do STF fazem piada com o risco de perder visto americano<\/h1>\n\n\n\n<h2 class=\"wp-block-heading\">A vit\u00f3ria de Donald Trump aumenta a possibilidade dos EUA assumirem uma postura mais r\u00edgida em rela\u00e7\u00e3o ao Brasil.<\/h2>\n\n\n<div class=\"wp-block-image\">\n<figure class=\"alignleft size-full is-resized\"><a href=\"https:\/\/www.brasilparalelo.com.br\/noticias\/ministros-do-stf-fazem-piada-com-o-risco-de-perder-visto-americano\" target=\"_blank\" rel=\" noreferrer noopener\"><img loading=\"lazy\" decoding=\"async\" width=\"500\" height=\"104\" src=\"https:\/\/www.largadoemguarapari.com.br\/13largado\/wp-content\/uploads\/2025\/02\/BP.png\" alt=\"\" class=\"wp-image-151699\" style=\"aspect-ratio:1.7777777777777777;object-fit:contain;width:151px;height:auto\" srcset=\"https:\/\/www.largadoemguarapari.com.br\/13largado\/wp-content\/uploads\/2025\/02\/BP.png 500w, https:\/\/www.largadoemguarapari.com.br\/13largado\/wp-content\/uploads\/2025\/02\/BP-300x62.png 300w\" sizes=\"auto, (max-width: 500px) 100vw, 500px\" \/><\/a><\/figure>\n<\/div>\n\n\n<div style=\"height:74px\" aria-hidden=\"true\" class=\"wp-block-spacer\"><\/div>\n\n\n\n<p><\/p>\n","protected":false},"excerpt":{"rendered":"<p>QUEM SER\u00c1 O PRIMEIRO A PERDER O VISTO? PARECE QUE TEREMOS UM VENCEDOR Ministros do STF fazem piada com o risco de perder visto americano A vit\u00f3ria de Donald Trump aumenta a possibilidade dos EUA assumirem uma postura mais r\u00edgida em rela\u00e7\u00e3o ao Brasil.<\/p>\n","protected":false},"author":10,"featured_media":0,"comment_status":"open","ping_status":"open","sticky":false,"template":"","format":"standard","meta":{"footnotes":""},"categories":[13],"tags":[],"class_list":["post-151695","post","type-post","status-publish","format-standard","hentry","category-frase-do-dia"],"_links":{"self":[{"href":"https:\/\/www.largadoemguarapari.com.br\/13largado\/wp-json\/wp\/v2\/posts\/151695","targetHints":{"allow":["GET"]}}],"collection":[{"href":"https:\/\/www.largadoemguarapari.com.br\/13largado\/wp-json\/wp\/v2\/posts"}],"about":[{"href":"https:\/\/www.largadoemguarapari.com.br\/13largado\/wp-json\/wp\/v2\/types\/post"}],"author":[{"embeddable":true,"href":"https:\/\/www.largadoemguarapari.com.br\/13largado\/wp-json\/wp\/v2\/users\/10"}],"replies":[{"embeddable":true,"href":"https:\/\/www.largadoemguarapari.com.br\/13largado\/wp-json\/wp\/v2\/comments?post=151695"}],"version-history":[{"count":6,"href":"https:\/\/www.largadoemguarapari.com.br\/13largado\/wp-json\/wp\/v2\/posts\/151695\/revisions"}],"predecessor-version":[{"id":151703,"href":"https:\/\/www.largadoemguarapari.com.br\/13largado\/wp-json\/wp\/v2\/posts\/151695\/revisions\/151703"}],"wp:attachment":[{"href":"https:\/\/www.largadoemguarapari.com.br\/13largado\/wp-json\/wp\/v2\/media?parent=151695"}],"wp:term":[{"taxonomy":"category","embeddable":true,"href":"https:\/\/www.largadoemguarapari.com.br\/13largado\/wp-json\/wp\/v2\/categories?post=151695"},{"taxonomy":"post_tag","embeddable":true,"href":"https:\/\/www.largadoemguarapari.com.br\/13largado\/wp-json\/wp\/v2\/tags?post=151695"}],"curies":[{"name":"wp","href":"https:\/\/api.w.org\/{rel}","templated":true}]}}