
{"id":152156,"date":"2025-03-11T10:24:44","date_gmt":"2025-03-11T13:24:44","guid":{"rendered":"https:\/\/www.largadoemguarapari.com.br\/13largado\/?p=152156"},"modified":"2025-03-11T10:24:44","modified_gmt":"2025-03-11T13:24:44","slug":"noticias-do-dia-637","status":"publish","type":"post","link":"https:\/\/www.largadoemguarapari.com.br\/13largado\/noticias-do-dia-637\/","title":{"rendered":"NOT\u00cdCIAS DO DIA"},"content":{"rendered":"\n<p><img loading=\"lazy\" decoding=\"async\" height=\"16\" width=\"16\" alt=\"\u2705\" src=\"https:\/\/static.xx.fbcdn.net\/images\/emoji.php\/v9\/t33\/1\/16\/2705.png\"\/> NOT\u00cdCIAS DO DIA &#8211; ANO 9 n\u00b0 3034<\/p>\n\n\n\n<p>Dia 11 de Mar\u00e7o de 2025, Ter\u00e7a-Feira<\/p>\n\n\n\n<p>DATAS COMEMORATIVAS<\/p>\n\n\n\n<p>Dia Europeu das V\u00edtimas do Terrorismo<\/p>\n\n\n\n<p>Dia <a><\/a>Internacional do Encanamento<\/p>\n\n\n\n<p>TEMPERATURA E INDICADORES FINANCEIROS<\/p>\n\n\n\n<p><img loading=\"lazy\" decoding=\"async\" height=\"16\" width=\"16\" alt=\"\u26c5\" src=\"https:\/\/static.xx.fbcdn.net\/images\/emoji.php\/v9\/t9f\/1\/16\/26c5.png\"\/> M\u00edn 19\u00b0 M\u00e1x 32\u00b0 (Bras\u00edlia-DF)<\/p>\n\n\n\n<p><img loading=\"lazy\" decoding=\"async\" height=\"16\" width=\"16\" alt=\"\ud83d\udcb5\" src=\"https:\/\/static.xx.fbcdn.net\/images\/emoji.php\/v9\/tdf\/1\/16\/1f4b5.png\"\/> D\u00f3lar Com <img loading=\"lazy\" decoding=\"async\" height=\"16\" width=\"16\" alt=\"\u2b06\ufe0f\" src=\"https:\/\/static.xx.fbcdn.net\/images\/emoji.php\/v9\/t9f\/1\/16\/2b06.png\"\/> 1,06% R$ 5,85<\/p>\n\n\n\n<p><img loading=\"lazy\" decoding=\"async\" height=\"16\" width=\"16\" alt=\"\ud83d\udcb6\" src=\"https:\/\/static.xx.fbcdn.net\/images\/emoji.php\/v9\/t60\/1\/16\/1f4b6.png\"\/> Euro <img loading=\"lazy\" decoding=\"async\" height=\"16\" width=\"16\" alt=\"\u2b06\ufe0f\" src=\"https:\/\/static.xx.fbcdn.net\/images\/emoji.php\/v9\/t9f\/1\/16\/2b06.png\"\/> 0,96% R$ 6,34<\/p>\n\n\n\n<p><img loading=\"lazy\" decoding=\"async\" height=\"16\" width=\"16\" alt=\"\ud83d\udcca\" src=\"https:\/\/static.xx.fbcdn.net\/images\/emoji.php\/v9\/taa\/1\/16\/1f4ca.png\"\/> Ibovespa <img loading=\"lazy\" decoding=\"async\" height=\"16\" width=\"16\" alt=\"\u2b07\ufe0f\" src=\"https:\/\/static.xx.fbcdn.net\/images\/emoji.php\/v9\/t20\/1\/16\/2b07.png\"\/> 0,41% 124.519 pts<\/p>\n\n\n\n<p><img loading=\"lazy\" decoding=\"async\" height=\"16\" width=\"16\" alt=\"\ud83e\ude99\" src=\"https:\/\/static.xx.fbcdn.net\/images\/emoji.php\/v9\/td9\/1\/16\/1fa99.png\"\/> Bitcoin <img loading=\"lazy\" decoding=\"async\" height=\"16\" width=\"16\" alt=\"\u2b07\ufe0f\" src=\"https:\/\/static.xx.fbcdn.net\/images\/emoji.php\/v9\/t20\/1\/16\/2b07.png\"\/> 7,82% R$ 465.076,85<\/p>\n\n\n\n<p><img loading=\"lazy\" decoding=\"async\" height=\"16\" width=\"16\" alt=\"\ud83d\udcb2\" src=\"https:\/\/static.xx.fbcdn.net\/images\/emoji.php\/v9\/t5c\/1\/16\/1f4b2.png\"\/>IPCA <img loading=\"lazy\" decoding=\"async\" height=\"16\" width=\"16\" alt=\"\u2b06\ufe0f\" src=\"https:\/\/static.xx.fbcdn.net\/images\/emoji.php\/v9\/t9f\/1\/16\/2b06.png\"\/> 0,16% Janeiro de 2025<\/p>\n\n\n\n<p><img loading=\"lazy\" decoding=\"async\" height=\"16\" width=\"16\" alt=\"\ud83d\udcb2\" src=\"https:\/\/static.xx.fbcdn.net\/images\/emoji.php\/v9\/t5c\/1\/16\/1f4b2.png\"\/>SELIC <img loading=\"lazy\" decoding=\"async\" height=\"16\" width=\"16\" alt=\"\u2b06\ufe0f\" src=\"https:\/\/static.xx.fbcdn.net\/images\/emoji.php\/v9\/t9f\/1\/16\/2b06.png\"\/> 13,25% 29 de Janeiro de 2025<\/p>\n\n\n\n<p><img loading=\"lazy\" decoding=\"async\" height=\"16\" width=\"16\" alt=\"\ud83d\udfe8\" src=\"https:\/\/static.xx.fbcdn.net\/images\/emoji.php\/v9\/t2\/1\/16\/1f7e8.png\"\/> Ouro (grama) <img loading=\"lazy\" decoding=\"async\" height=\"16\" width=\"16\" alt=\"\u2b06\ufe0f\" src=\"https:\/\/static.xx.fbcdn.net\/images\/emoji.php\/v9\/t9f\/1\/16\/2b06.png\"\/> R$ 543,46<\/p>\n\n\n\n<p><img loading=\"lazy\" decoding=\"async\" height=\"16\" width=\"16\" alt=\"\ud83c\udde7\ud83c\uddf7\" src=\"https:\/\/static.xx.fbcdn.net\/images\/emoji.php\/v9\/t9\/1\/16\/1f1e7_1f1f7.png\"\/><img loading=\"lazy\" decoding=\"async\" height=\"16\" width=\"16\" alt=\"\ud83d\udcf0\" src=\"https:\/\/static.xx.fbcdn.net\/images\/emoji.php\/v9\/td6\/1\/16\/1f4f0.png\"\/> NOT\u00cdCIAS NACIONAIS<\/p>\n\n\n\n<!--more-->\n\n\n\n<p><img loading=\"lazy\" decoding=\"async\" height=\"16\" width=\"16\" alt=\"\ud83c\udde7\ud83c\uddf7\" src=\"https:\/\/static.xx.fbcdn.net\/images\/emoji.php\/v9\/t9\/1\/16\/1f1e7_1f1f7.png\"\/><img loading=\"lazy\" decoding=\"async\" height=\"16\" width=\"16\" alt=\"\ud83c\uddf8\ud83c\uddfe\" src=\"https:\/\/static.xx.fbcdn.net\/images\/emoji.php\/v9\/t57\/1\/16\/1f1f8_1f1fe.png\"\/> Itamaraty orienta brasileiros a deixarem a S\u00edria em meio a novos conflitos e den\u00fancias de assassinatos \u00e9tnicos; Minist\u00e9rio das Rela\u00e7\u00f5es Exteriores informou que n\u00e3o h\u00e1 registro de brasileiros entre as v\u00edtimas e expressou forte preocupa\u00e7\u00e3o com os incidentes violentos ocorridos, entre 6 e 9 de mar\u00e7o, que resultaram na morte de mais de 1000 pessoas<\/p>\n\n\n\n<p><img loading=\"lazy\" decoding=\"async\" height=\"16\" width=\"16\" alt=\"\ud83c\udde7\ud83c\uddf7\" src=\"https:\/\/static.xx.fbcdn.net\/images\/emoji.php\/v9\/t9\/1\/16\/1f1e7_1f1f7.png\"\/><img loading=\"lazy\" decoding=\"async\" height=\"16\" width=\"16\" alt=\"\ud83d\udc65\" src=\"https:\/\/static.xx.fbcdn.net\/images\/emoji.php\/v9\/t8b\/1\/16\/1f465.png\"\/> Alexandre Padilha tomou posse nesta segunda-feira (10), como novo ministro da Sa\u00fade; ele, que j\u00e1 ocupou a pasta de 2011 a 2014, substitui N\u00edsia Trindade; a Secretaria de Rela\u00e7\u00f5es Institucionais, que era ocupada por Padilha, ser\u00e1 comandada, a partir de agora, por Gleisi Hoffmann, que tamb\u00e9m tomou posse nesta segunda-feira<\/p>\n\n\n\n<p><img loading=\"lazy\" decoding=\"async\" height=\"16\" width=\"16\" alt=\"\ud83c\udde7\ud83c\uddf7\" src=\"https:\/\/static.xx.fbcdn.net\/images\/emoji.php\/v9\/t9\/1\/16\/1f1e7_1f1f7.png\"\/> Alexandre Silveira anuncia novas regras para combater fraudes no RenovaBio; ministro de Minas e Energia informou nesta segunda-feira (10) que o governo vai endurecer as regras do RenovaBio, programa que incentiva o uso de biocombust\u00edveis, como o biodiesel e o etanol, com o objetivo de aumentar a efici\u00eancia energ\u00e9tica; o an\u00fancio ocorreu em reuni\u00e3o com a Federa\u00e7\u00e3o das Ind\u00fastrias do Estado de Pernambuco (Fiepe)<\/p>\n\n\n\n<p><img loading=\"lazy\" decoding=\"async\" height=\"16\" width=\"16\" alt=\"\u270d\ud83c\udffc\" src=\"https:\/\/static.xx.fbcdn.net\/images\/emoji.php\/v9\/t5e\/1\/16\/270d_1f3fc.png\"\/> Proposta de Emenda \u00e0 Constitui\u00e7\u00e3o (PEC) da Seguran\u00e7a P\u00fablica vai prever compet\u00eancias de guardas municipais; texto incorpora entendimento do STF sobre essas corpora\u00e7\u00f5es<\/p>\n\n\n\n<p><img loading=\"lazy\" decoding=\"async\" height=\"16\" width=\"16\" alt=\"\u2696\ufe0f\" src=\"https:\/\/static.xx.fbcdn.net\/images\/emoji.php\/v9\/ta\/1\/16\/2696.png\"\/> STF condena mais 63 envolvidos nos atos de vandalismo do 8 de Janeiro; entre os r\u00e9us, nove receberam penas mais severas, que v\u00e3o de 14 a 17 anos, al\u00e9m de serem responsabilizados a pagar R$ 30 milh\u00f5es em indeniza\u00e7\u00e3o por danos morais coletivos<\/p>\n\n\n\n<p><img loading=\"lazy\" decoding=\"async\" height=\"16\" width=\"16\" alt=\"\u2696\ufe0f\" src=\"https:\/\/static.xx.fbcdn.net\/images\/emoji.php\/v9\/ta\/1\/16\/2696.png\"\/> Procuradoria-Geral da Rep\u00fablica (PGR) recorre de decis\u00e3o de Toffoli que anulou processos contra Palocci; defesa do ex-ministro da Fazenda foi at\u00e9 o STF baseando-se em decis\u00e3o a favor de Marcelo Odebrecht; Gonet diz que argumentos &#8220;n\u00e3o s\u00e3o automaticamente transpon\u00edveis&#8221;<\/p>\n\n\n\n<p><img loading=\"lazy\" decoding=\"async\" height=\"16\" width=\"16\" alt=\"\ud83d\ude94\" src=\"https:\/\/static.xx.fbcdn.net\/images\/emoji.php\/v9\/t69\/1\/16\/1f694.png\"\/> Pol\u00edcia Federal apreende mais de 10 mil ma\u00e7os de cigarros contrabandeados em Mar\u00edlia, no interior de S\u00e3o Paulo; a\u00e7\u00e3o resultou na pris\u00e3o de duas pessoas e na apreens\u00e3o de ve\u00edculos e valores<\/p>\n\n\n\n<p><img loading=\"lazy\" decoding=\"async\" height=\"16\" width=\"16\" alt=\"\ud83d\ude94\" src=\"https:\/\/static.xx.fbcdn.net\/images\/emoji.php\/v9\/t69\/1\/16\/1f694.png\"\/> Pol\u00edcia Federal e Batalh\u00e3o de Pol\u00edcia de Fronteira (BPFRON) realizam apreens\u00e3o de ve\u00edculo carregado com 140 quilos de agrot\u00f3xicos em Terra Roxa (PR); o material il\u00edcito foi transportado em um ve\u00edculo que trafegava em alta velocidade pelas estradas vicinais do munic\u00edpio<\/p>\n\n\n\n<p><img loading=\"lazy\" decoding=\"async\" height=\"16\" width=\"16\" alt=\"\ud83d\ude94\" src=\"https:\/\/static.xx.fbcdn.net\/images\/emoji.php\/v9\/t69\/1\/16\/1f694.png\"\/><img loading=\"lazy\" decoding=\"async\" height=\"16\" width=\"16\" alt=\"\ud83d\udc65\" src=\"https:\/\/static.xx.fbcdn.net\/images\/emoji.php\/v9\/t8b\/1\/16\/1f465.png\"\/> Paes apresenta projeto que cria For\u00e7a de Seguran\u00e7a Armada e altera a Guarda Municipal do Rio; se o projeto for aprovado, a Guarda Municipal mudar\u00e1 o nome para For\u00e7a de Seguran\u00e7a Municipal (FSM) e ir\u00e1 criar uma \u2018divis\u00e3o de elite\u2019 que ter\u00e1 4.500 homens at\u00e9 2028, segundo o prefeito do Rio<\/p>\n\n\n\n<p><img loading=\"lazy\" decoding=\"async\" height=\"16\" width=\"16\" alt=\"\ud83e\udd9f\" src=\"https:\/\/static.xx.fbcdn.net\/images\/emoji.php\/v9\/t5e\/1\/16\/1f99f.png\"\/> Brasil soma mais de 500 mil casos de dengue de janeiro a mar\u00e7o deste ano; durante o per\u00edodo, foram confirmadas 235 mortes pela doen\u00e7a, enquanto 491 \u00f3bitos permanecem em investiga\u00e7\u00e3o; o coeficiente de incid\u00eancia no pa\u00eds, neste momento, \u00e9 de 236,3 casos de dengue para cada 100 mil habitantes<\/p>\n\n\n\n<p><img loading=\"lazy\" decoding=\"async\" height=\"16\" width=\"16\" alt=\"\u2708\ufe0f\" src=\"https:\/\/static.xx.fbcdn.net\/images\/emoji.php\/v9\/tb6\/1\/16\/2708.png\"\/> Ag\u00eancia Nacional de Avia\u00e7\u00e3o Civil (Anac) suspende opera\u00e7\u00f5es a\u00e9reas da Voepass; segundo nota publicada pela Ag\u00eancia, a suspens\u00e3o \u00e9 de car\u00e1ter cautelar, e valer\u00e1 at\u00e9 que a empresa fa\u00e7a a &#8220;corre\u00e7\u00e3o de irregularidades&#8221;<\/p>\n\n\n\n<p><img loading=\"lazy\" decoding=\"async\" height=\"16\" width=\"16\" alt=\"\ud83d\udee2\ufe0f\" src=\"https:\/\/static.xx.fbcdn.net\/images\/emoji.php\/v9\/tbb\/1\/16\/1f6e2.png\"\/><img loading=\"lazy\" decoding=\"async\" height=\"16\" width=\"16\" alt=\"\ud83d\udc65\" src=\"https:\/\/static.xx.fbcdn.net\/images\/emoji.php\/v9\/t8b\/1\/16\/1f465.png\"\/> Explora\u00e7\u00e3o de petr\u00f3leo teve 78 feridos graves em 2024; no total, foram 183 feridos em 731 acidentes, de acordo com a Ag\u00eancia Nacional do Petr\u00f3leo, G\u00e1s Natural e Biocombust\u00edveis (ANP)<\/p>\n\n\n\n<p><img loading=\"lazy\" decoding=\"async\" height=\"16\" width=\"16\" alt=\"\ud83d\udd25\" src=\"https:\/\/static.xx.fbcdn.net\/images\/emoji.php\/v9\/t50\/1\/16\/1f525.png\"\/>Inc\u00eandio em abrigo deixa quatro mortos na cidade de S\u00e3o Jos\u00e9 dos Campos, no interior de S\u00e3o Paulo; nove pessoas foram socorridas e levadas para hospitais da regi\u00e3o<\/p>\n\n\n\n<p><img loading=\"lazy\" decoding=\"async\" height=\"16\" width=\"16\" alt=\"\ud83d\udcb2\" src=\"https:\/\/static.xx.fbcdn.net\/images\/emoji.php\/v9\/t5c\/1\/16\/1f4b2.png\"\/><img loading=\"lazy\" decoding=\"async\" height=\"16\" width=\"16\" alt=\"\ud83d\uded2\" src=\"https:\/\/static.xx.fbcdn.net\/images\/emoji.php\/v9\/t1c\/1\/16\/1f6d2.png\"\/> Departamento Intersindical de Estat\u00edstica e Estudos Socioecon\u00f4micos (Dieese): cesta b\u00e1sica fica mais cara em 14 capitais no m\u00eas de fevereiro; custo caiu apenas em Goi\u00e2nia, Florian\u00f3polis e Porto Alegre<\/p>\n\n\n\n<p><img loading=\"lazy\" decoding=\"async\" height=\"16\" width=\"16\" alt=\"\ud83d\udcb2\" src=\"https:\/\/static.xx.fbcdn.net\/images\/emoji.php\/v9\/t5c\/1\/16\/1f4b2.png\"\/>Mercado financeiro eleva expectativas de infla\u00e7\u00e3o para 2025; para os anos seguintes, as previs\u00f5es indicam uma infla\u00e7\u00e3o de 4,4% em 2026, 4% em 2027 e 3,75% em 2028, segundo o Boletim Focus, divulgado nesta segunda-feira (10) pelo Banco Central<\/p>\n\n\n\n<p><img loading=\"lazy\" decoding=\"async\" height=\"16\" width=\"16\" alt=\"\ud83d\udcb0\" src=\"https:\/\/static.xx.fbcdn.net\/images\/emoji.php\/v9\/t5a\/1\/16\/1f4b0.png\"\/>Mega-Sena 2838: sorteio desta ter\u00e7a-feira (11) pode pagar R$ 12 milh\u00f5es<\/p>\n\n\n\n<p>CI\u00caNCIA e TECNOLOGIA<\/p>\n\n\n\n<p><img loading=\"lazy\" decoding=\"async\" height=\"16\" width=\"16\" alt=\"\ud83d\udd25\" src=\"https:\/\/static.xx.fbcdn.net\/images\/emoji.php\/v9\/t50\/1\/16\/1f525.png\"\/>Inc\u00eandios e seca reduzem armazenamento de carbono na Amaz\u00f4nia, diz estudo feito pelo Instituto da Pesquisa Ambiental da Amaz\u00f4nia (Ipam), publicado nesta segunda-feira (10) na revista cient\u00edfica Forest Ecology and Management (\u201cEcologia e Gerenciamento de Florestas\u201d, em tradu\u00e7\u00e3o livre); eventos clim\u00e1ticos extremos impedem recupera\u00e7\u00e3o das florestas e interferem na troca de carbono entre o solo e a atmosfera<\/p>\n\n\n\n<p><img loading=\"lazy\" decoding=\"async\" height=\"16\" width=\"16\" alt=\"\ud83d\udcf2\" src=\"https:\/\/static.xx.fbcdn.net\/images\/emoji.php\/v9\/td8\/1\/16\/1f4f2.png\"\/> Usu\u00e1rios relatam instabilidade no antigo Twitter nesta segunda-feira (10); de acordo com Downdetector, que re\u00fane alertas de problemas em sites e outras plataformas virtuais, o pico de reclama\u00e7\u00f5es registradas foi de 4.238 notifica\u00e7\u00f5es, \u00e0s 10h58<\/p>\n\n\n\n<p>ESPORTES<\/p>\n\n\n\n<p><img loading=\"lazy\" decoding=\"async\" height=\"16\" width=\"16\" alt=\"\u26bd\" src=\"https:\/\/static.xx.fbcdn.net\/images\/emoji.php\/v9\/taf\/1\/16\/26bd.png\"\/> Campeonatos Estaduais<\/p>\n\n\n\n<p>Paulista<\/p>\n\n\n\n<p>Semifinal, jogo \u00fanico:<\/p>\n\n\n\n<p>Palmeiras 1&#215;0 S\u00e3o Paulo<\/p>\n\n\n\n<p><img loading=\"lazy\" decoding=\"async\" height=\"16\" width=\"16\" alt=\"\u26bd\" src=\"https:\/\/static.xx.fbcdn.net\/images\/emoji.php\/v9\/taf\/1\/16\/26bd.png\"\/><img loading=\"lazy\" decoding=\"async\" height=\"16\" width=\"16\" alt=\"\ud83d\udc64\" src=\"https:\/\/static.xx.fbcdn.net\/images\/emoji.php\/v9\/ta\/1\/16\/1f464.png\"\/> Atl\u00e9tico-MG oficializa venda do atacante Alisson, de 19 anos, ao Shakhtar Donetsk, da Ucr\u00e2nia; valores est\u00e3o na casa dos 14 milh\u00f5es de euros e envolvem metas a serem atingidas pelo atleta<\/p>\n\n\n\n<p><img loading=\"lazy\" decoding=\"async\" height=\"16\" width=\"16\" alt=\"\ud83c\udfd0\" src=\"https:\/\/static.xx.fbcdn.net\/images\/emoji.php\/v9\/t57\/1\/16\/1f3d0.png\"\/> Praia Clube vence o Minas de virada e decide Sul-Americano de V\u00f4lei Feminino com Alianza Lima, do Peru; time de BH abre 2 a 0, mas equipe de Uberl\u00e2ndia busca a virada para se garantir na decis\u00e3o e no Mundial de Clubes<\/p>\n\n\n\n<p><img loading=\"lazy\" decoding=\"async\" height=\"16\" width=\"16\" alt=\"\ud83c\udfbe\" src=\"https:\/\/static.xx.fbcdn.net\/images\/emoji.php\/v9\/tce\/1\/16\/1f3be.png\"\/><img loading=\"lazy\" decoding=\"async\" height=\"16\" width=\"16\" alt=\"\ud83d\udc65\" src=\"https:\/\/static.xx.fbcdn.net\/images\/emoji.php\/v9\/t8b\/1\/16\/1f465.png\"\/> Bia Haddad leva virada de dupla algoz em Dubai e cai nas oitavas em Indian Wells, nos Estados Unidos; atuando ao lado da alem\u00e3 Laura Siegemund, brasileira \u00e9 eliminada por Katerina Siniakova e Taylor Townsend, que as derrotaram em fevereiro; americana e tcheca conseguiram pneu no 2\u00ba set<\/p>\n\n\n\n<p><img loading=\"lazy\" decoding=\"async\" height=\"16\" width=\"16\" alt=\"\ud83e\udd4b\" src=\"https:\/\/static.xx.fbcdn.net\/images\/emoji.php\/v9\/t3f\/1\/16\/1f94b.png\"\/> P\u00f3dios no jud\u00f4 e recorde no inverno marcam semana esportiva do Brasil; pa\u00eds conquista tr\u00eas medalhas no GP de jud\u00f4 na \u00c1ustria, com ouro de Ronald Lima, e tem melhor resultado da hist\u00f3ria nos esportes de inverno, o quarto lugar de Nicole Silveira no Mundial de skeleton<\/p>\n\n\n\n<p><img loading=\"lazy\" decoding=\"async\" height=\"16\" width=\"16\" alt=\"\ud83c\udf0d\" src=\"https:\/\/static.xx.fbcdn.net\/images\/emoji.php\/v9\/t3f\/1\/16\/1f30d.png\"\/><img loading=\"lazy\" decoding=\"async\" height=\"16\" width=\"16\" alt=\"\ud83d\udcf0\" src=\"https:\/\/static.xx.fbcdn.net\/images\/emoji.php\/v9\/td6\/1\/16\/1f4f0.png\"\/> NOT\u00cdCIAS INTERNACIONAIS<\/p>\n\n\n\n<p><img loading=\"lazy\" decoding=\"async\" height=\"16\" width=\"16\" alt=\"\ud83c\uddfb\ud83c\udde6\" src=\"https:\/\/static.xx.fbcdn.net\/images\/emoji.php\/v9\/tb3\/1\/16\/1f1fb_1f1e6.png\"\/> Vaticano: Papa continua melhorando e deixa de ter progn\u00f3stico \u201creservado\u201d; apesar da melhora, Francisco ainda deve permanecer no hospital por &#8220;v\u00e1rios dias&#8221;<\/p>\n\n\n\n<p><img loading=\"lazy\" decoding=\"async\" height=\"16\" width=\"16\" alt=\"\ud83c\uddfa\ud83c\udde6\" src=\"https:\/\/static.xx.fbcdn.net\/images\/emoji.php\/v9\/tf2\/1\/16\/1f1fa_1f1e6.png\"\/><img loading=\"lazy\" decoding=\"async\" height=\"16\" width=\"16\" alt=\"\ud83c\uddf7\ud83c\uddfa\" src=\"https:\/\/static.xx.fbcdn.net\/images\/emoji.php\/v9\/t92\/1\/16\/1f1f7_1f1fa.png\"\/> Ucr\u00e2nia ataca Moscou no maior ataque de drones \u00e0 capital russa; um total de 337 drones ucranianos foram abatidos, incluindo 91 que estavam sobre a regi\u00e3o de Moscou, segundo o Minist\u00e9rio da Defesa russo<\/p>\n\n\n\n<p><img loading=\"lazy\" decoding=\"async\" height=\"16\" width=\"16\" alt=\"\ud83c\uddfa\ud83c\udde6\" src=\"https:\/\/static.xx.fbcdn.net\/images\/emoji.php\/v9\/tf2\/1\/16\/1f1fa_1f1e6.png\"\/> Zelensky vai \u00e0 Ar\u00e1bia Saudita antes de negocia\u00e7\u00f5es cruciais com os EUA; autoridades ucranianas e americanas devem se concentrar em um acordo bilateral de minerais e em como acabar com a guerra<\/p>\n\n\n\n<p><img loading=\"lazy\" decoding=\"async\" height=\"16\" width=\"16\" alt=\"\ud83c\uddec\ud83c\udde7\" src=\"https:\/\/static.xx.fbcdn.net\/images\/emoji.php\/v9\/t96\/1\/16\/1f1ec_1f1e7.png\"\/> Reino Unido: Um petroleiro transportando combust\u00edvel de avia\u00e7\u00e3o ficou em chamas e com vazamentos no Mar do Norte, no nordeste da Inglaterra, ap\u00f3s uma colis\u00e3o com um navio de carga nesta segunda-feira (10); mais de 30 tripulantes ficaram feridos e precisaram ser hospitalizados<\/p>\n\n\n\n<p><img loading=\"lazy\" decoding=\"async\" height=\"16\" width=\"16\" alt=\"\ud83c\udde9\ud83c\uddea\" src=\"https:\/\/static.xx.fbcdn.net\/images\/emoji.php\/v9\/t16\/1\/16\/1f1e9_1f1ea.png\"\/> Greve de trabalhadores paralisa aeroportos na Alemanha; funcion\u00e1rios pedem aumento salarial de 8%; milhares de voos foram cancelados<\/p>\n\n\n\n<p><img loading=\"lazy\" decoding=\"async\" height=\"16\" width=\"16\" alt=\"\ud83c\uddea\ud83c\uddfa\" src=\"https:\/\/static.xx.fbcdn.net\/images\/emoji.php\/v9\/tdd\/1\/16\/1f1ea_1f1fa.png\"\/> Preocupa\u00e7\u00f5es na Europa sobre poss\u00edvel \u2018interruptor de desligamento\u2019 nos ca\u00e7as F-35 fabricados pelos EUA; recentes alega\u00e7\u00f5es sobre a exist\u00eancia de um poss\u00edvel \u201cinterruptor de desligamento\u201d (\u201ckill switch\u201d) nos ca\u00e7as F-35, fabricados pelos Estados Unidos, t\u00eam gerado inquieta\u00e7\u00e3o entre pa\u00edses europeus que adquiriram ou planejam adquirir essa aeronave de quinta gera\u00e7\u00e3o; a capacidade dos EUA de desativar remotamente esses ca\u00e7as, embora h\u00e1 muito tempo especulada, nunca foi confirmada oficialmente<\/p>\n\n\n\n<p><img loading=\"lazy\" decoding=\"async\" height=\"16\" width=\"16\" alt=\"\ud83c\uddf1\ud83c\uddfa\" src=\"https:\/\/static.xx.fbcdn.net\/images\/emoji.php\/v9\/tc\/1\/16\/1f1f1_1f1fa.png\"\/> Pr\u00edncipe de Luxemburgo morre aos 22 anos de doen\u00e7a rara; Frederik foi diagnosticado com POLG aos 14 anos; condi\u00e7\u00e3o causa disfun\u00e7\u00e3o e fal\u00eancia progressiva de m\u00faltiplos \u00f3rg\u00e3os<\/p>\n\n\n\n<p><img loading=\"lazy\" decoding=\"async\" height=\"16\" width=\"16\" alt=\"\ud83c\uddf7\ud83c\uddfa\" src=\"https:\/\/static.xx.fbcdn.net\/images\/emoji.php\/v9\/t92\/1\/16\/1f1f7_1f1fa.png\"\/><img loading=\"lazy\" decoding=\"async\" height=\"16\" width=\"16\" alt=\"\ud83c\uddec\ud83c\udde7\" src=\"https:\/\/static.xx.fbcdn.net\/images\/emoji.php\/v9\/t96\/1\/16\/1f1ec_1f1e7.png\"\/> R\u00fassia acusa dois diplomatas brit\u00e2nicos de espionagem e os expulsa do pa\u00eds; segundo o Servi\u00e7o Federal do pa\u00eds, os acusados forneceram informa\u00e7\u00f5es falsas ao obter permiss\u00e3o para entrar no pa\u00eds e &#8220;identificou sinais de intelig\u00eancia e trabalho subversivo&#8221;<\/p>\n\n\n\n<p><img loading=\"lazy\" decoding=\"async\" height=\"16\" width=\"16\" alt=\"\ud83c\uddf7\ud83c\uddfa\" src=\"https:\/\/static.xx.fbcdn.net\/images\/emoji.php\/v9\/t92\/1\/16\/1f1f7_1f1fa.png\"\/><img loading=\"lazy\" decoding=\"async\" height=\"16\" width=\"16\" alt=\"\ud83c\uddfa\ud83c\uddf8\" src=\"https:\/\/static.xx.fbcdn.net\/images\/emoji.php\/v9\/t93\/1\/16\/1f1fa_1f1f8.png\"\/> R\u00fassia e EUA participam de reuni\u00e3o do Conselho de Seguran\u00e7a sobre S\u00edria; mais de mil civis morreram nos \u00faltimos dias em confrontos entre aliados de Bashar al-Assad e for\u00e7as do novo governo s\u00edrio<\/p>\n\n\n\n<p><img loading=\"lazy\" decoding=\"async\" height=\"16\" width=\"16\" alt=\"\ud83c\uddf8\ud83c\uddfe\" src=\"https:\/\/static.xx.fbcdn.net\/images\/emoji.php\/v9\/t57\/1\/16\/1f1f8_1f1fe.png\"\/> Minist\u00e9rio da Defesa da S\u00edria diz que opera\u00e7\u00e3o contra aliados de Assad terminou; confrontos entre partid\u00e1rios de presidente deposto e novos governantes do pa\u00eds mataram mais de mil pessoas<\/p>\n\n\n\n<p><img loading=\"lazy\" decoding=\"async\" height=\"16\" width=\"16\" alt=\"\ud83c\udde6\ud83c\uddfa\" src=\"https:\/\/static.xx.fbcdn.net\/images\/emoji.php\/v9\/t72\/1\/16\/1f1e6_1f1fa.png\"\/> Imagens mostram pessoas ilhadas ap\u00f3s passagem de ciclone na Austr\u00e1lia; milhares est\u00e3o sem energia em Queensland e pelo menos uma morte foi relatada<\/p>\n\n\n\n<p><img loading=\"lazy\" decoding=\"async\" height=\"16\" width=\"16\" alt=\"\ud83c\udde8\ud83c\uddf3\" src=\"https:\/\/static.xx.fbcdn.net\/images\/emoji.php\/v9\/tc6\/1\/16\/1f1e8_1f1f3.png\"\/><img loading=\"lazy\" decoding=\"async\" height=\"16\" width=\"16\" alt=\"\ud83c\uddf9\ud83c\uddfc\" src=\"https:\/\/static.xx.fbcdn.net\/images\/emoji.php\/v9\/t16\/1\/16\/1f1f9_1f1fc.png\"\/> China promete esfor\u00e7os totais para \u201creunifica\u00e7\u00e3o pac\u00edfica\u201d com Taiwan; Minist\u00e9rio das Rela\u00e7\u00f5es Exteriores do pa\u00eds afirmou que tomar\u00e1 todas as medidas necess\u00e1rias para preservar a soberania nacional, a integridade territorial e se opor\u00e1 \u00e0 independ\u00eancia da ilha<\/p>\n\n\n\n<p><img loading=\"lazy\" decoding=\"async\" height=\"16\" width=\"16\" alt=\"\ud83c\udde8\ud83c\uddf3\" src=\"https:\/\/static.xx.fbcdn.net\/images\/emoji.php\/v9\/tc6\/1\/16\/1f1e8_1f1f3.png\"\/><img loading=\"lazy\" decoding=\"async\" height=\"16\" width=\"16\" alt=\"\ud83c\udde8\ud83c\udde6\" src=\"https:\/\/static.xx.fbcdn.net\/images\/emoji.php\/v9\/taa\/1\/16\/1f1e8_1f1e6.png\"\/> China diz que desenvolver\u00e1 rela\u00e7\u00f5es com o Canad\u00e1 com base no respeito m\u00fatuo; porta-voz do Minist\u00e9rio das Rela\u00e7\u00f5es Exteriores fez afirma\u00e7\u00e3o um dia ap\u00f3s Mark Carney vencer corrida para se tornar premi\u00ea do Canad\u00e1<\/p>\n\n\n\n<p><img loading=\"lazy\" decoding=\"async\" height=\"16\" width=\"16\" alt=\"\ud83c\uddfa\ud83c\uddf8\" src=\"https:\/\/static.xx.fbcdn.net\/images\/emoji.php\/v9\/t93\/1\/16\/1f1fa_1f1f8.png\"\/> Governo Trump cancelou mais de 80% dos programas da USAID, diz Marco Rubio; Secret\u00e1rio de Estado afirmou que contratos cancelados representavam gastos que &#8220;n\u00e3o serviram os principais interesses&#8221; dos EUA<\/p>\n\n\n\n<p><img loading=\"lazy\" decoding=\"async\" height=\"16\" width=\"16\" alt=\"\ud83c\uddfa\ud83c\uddf8\" src=\"https:\/\/static.xx.fbcdn.net\/images\/emoji.php\/v9\/t93\/1\/16\/1f1fa_1f1f8.png\"\/> EUA revogam memorandos de Biden que abordavam clima em projetos de infraestrura; documentos encorajavam estados a abordar como as mudan\u00e7as clim\u00e1ticas impactam projetos<\/p>\n\n\n\n<p><img loading=\"lazy\" decoding=\"async\" height=\"16\" width=\"16\" alt=\"\ud83c\uddfa\ud83c\uddf8\" src=\"https:\/\/static.xx.fbcdn.net\/images\/emoji.php\/v9\/t93\/1\/16\/1f1fa_1f1f8.png\"\/> Ativista palestino que liderou protestos estudantis \u00e9 preso nos EUA; Mahmoud Khalil foi um dos l\u00edderes do movimento estudantil pr\u00f3-Palestina na Universidade de Columbia<\/p>\n\n\n\n<p><img loading=\"lazy\" decoding=\"async\" height=\"16\" width=\"16\" alt=\"\ud83c\uddfa\ud83c\uddf8\" src=\"https:\/\/static.xx.fbcdn.net\/images\/emoji.php\/v9\/t93\/1\/16\/1f1fa_1f1f8.png\"\/><img loading=\"lazy\" decoding=\"async\" height=\"16\" width=\"16\" alt=\"\ud83d\udee9\ufe0f\" src=\"https:\/\/static.xx.fbcdn.net\/images\/emoji.php\/v9\/t42\/1\/16\/1f6e9.png\"\/> Avi\u00e3o de pequeno porte cai em \u00e1rea residencial nos Estados Unidos; aeronave, que transportava cinco pessoas, caiu no estacionamento de um lar de idosos na Pensilv\u00e2nia; apesar da gravidade do incidente, todos os ocupantes conseguiram sobreviver, e n\u00e3o houve feridos entre os residentes do local; a Administra\u00e7\u00e3o Federal de Avia\u00e7\u00e3o dos Estados Unidos (FAA) iniciou uma investiga\u00e7\u00e3o para apurar as causas do acidente<\/p>\n\n\n\n<p><img loading=\"lazy\" decoding=\"async\" height=\"16\" width=\"16\" alt=\"\ud83c\udde6\ud83c\uddf7\" src=\"https:\/\/static.xx.fbcdn.net\/images\/emoji.php\/v9\/t48\/1\/16\/1f1e6_1f1f7.png\"\/> Argentina declara luto oficial por mortes em enchentes que atingiram o pa\u00eds; segundo o jornal argentino La Nacion, ao menos 16 pessoas morreram no munic\u00edpio de Bah\u00eda Blanca; 1450 foram retiradas do munic\u00edpio do local e est\u00e3o alojadas em centros de atendimento<\/p>\n\n\n\n<p><img loading=\"lazy\" decoding=\"async\" height=\"16\" width=\"16\" alt=\"\ud83c\udde6\ud83c\uddf7\" src=\"https:\/\/static.xx.fbcdn.net\/images\/emoji.php\/v9\/t48\/1\/16\/1f1e6_1f1f7.png\"\/> Justi\u00e7a argentina julgar\u00e1 sete profissionais da sa\u00fade por morte de Maradona; r\u00e9us foram acusados de homic\u00eddio culposo por neglig\u00eancia e devem ser julgados na ter\u00e7a-feira (11)<\/p>\n\n\n\n<p><img loading=\"lazy\" decoding=\"async\" height=\"16\" width=\"16\" alt=\"\ud83c\udde8\ud83c\uddf4\" src=\"https:\/\/static.xx.fbcdn.net\/images\/emoji.php\/v9\/t47\/1\/16\/1f1e8_1f1f4.png\"\/> Governo Petro quer que ONU retire folha de coca da lista de subst\u00e2ncias proibidas; ministra das Rela\u00e7\u00f5es Exteriores da Col\u00f4mbia, Laura Sarabia, pediu a exclus\u00e3o nesta segunda-feira (10) \u00e0 Comiss\u00e3o das Na\u00e7\u00f5es Unidas sobre Narc\u00f3ticos, durante a 68\u00aa sess\u00e3o do \u00f3rg\u00e3o em Viena, na \u00c1ustria<\/p>\n\n\n\n<p><img loading=\"lazy\" decoding=\"async\" height=\"16\" width=\"16\" alt=\"\ud83c\udf0d\" src=\"https:\/\/static.xx.fbcdn.net\/images\/emoji.php\/v9\/t3f\/1\/16\/1f30d.png\"\/> EVENTOS HIST\u00d3RICOS DO DIA<\/p>\n\n\n\n<p>-1702: The Daily Courant, o primeiro jornal di\u00e1rio nacional da Inglaterra, \u00e9 publicado pela primeira vez<\/p>\n\n\n\n<p>-1808: O Minist\u00e9rio da Marinha no Brasil \u00e9 criado pelo Pr\u00edncipe Regente D. Jo\u00e3o VI. O Visconde de Anadia \u00e9 nomeado como o primeiro-ministro da Marinha<\/p>\n\n\n\n<p>-1985: Mikhail Gorbachev, \u00e9 eleito secret\u00e1rio-geral do Partido Comunista da Uni\u00e3o Sovi\u00e9tica, dando in\u00edcio \u00e0s reformas internas do sistema socialista: a Glasnost (transpar\u00eancia do poder, com vista \u00e0 liberaliza\u00e7\u00e3o pol\u00edtica) e a Perestroika (reestrutura\u00e7\u00e3o) que culminaram no fim da URSS e na introdu\u00e7\u00e3o do modelo de economia capitalista na R\u00fassia<\/p>\n\n\n\n<p>-1991: No Brasil entra em vigor o C\u00f3digo de Defesa do Consumidor<\/p>\n\n\n\n<p>-1999: Um blecaute atinge 70% dos territ\u00f3rios brasileiro e paraguaio, terminando na madrugada do dia seguinte<\/p>\n\n\n\n<p>-2010: O economista e empres\u00e1rio Sebasti\u00e1n Pi\u00f1era toma posse como Presidente do Chile, enquanto tr\u00eas sismos, o mais forte de magnitude 6,9 e todos centrados nas proximidades de Pichilemu, capital da prov\u00edncia de Cardenal Caro, atingem a regi\u00e3o central do Chile durante a cerim\u00f4nia<\/p>\n\n\n\n<p>-2020: A Organiza\u00e7\u00e3o Mundial da Sa\u00fade (OMS) declara o v\u00edrus que causa a Covid-19 uma pandemia global<\/p>\n\n\n\n<p>2022: Gabriel Boric assume a presid\u00eancia do Chile; \u00e9 o mais jovem presidente na hist\u00f3ria do pa\u00eds<\/p>\n\n\n\n<p>Essas s\u00e3o algumas not\u00edcias do dia <img loading=\"lazy\" decoding=\"async\" height=\"16\" width=\"16\" alt=\"\u2705\" src=\"https:\/\/static.xx.fbcdn.net\/images\/emoji.php\/v9\/t33\/1\/16\/2705.png\"\/><\/p>\n\n\n\n<p>Autor: Roberto Vieira Filho <img loading=\"lazy\" decoding=\"async\" height=\"16\" width=\"16\" alt=\"\ud83c\udde7\ud83c\uddf7\" src=\"https:\/\/static.xx.fbcdn.net\/images\/emoji.php\/v9\/t9\/1\/16\/1f1e7_1f1f7.png\"\/><img loading=\"lazy\" decoding=\"async\" height=\"16\" width=\"16\" alt=\"\ud83c\udf0e\" src=\"https:\/\/static.xx.fbcdn.net\/images\/emoji.php\/v9\/tc0\/1\/16\/1f30e.png\"\/><\/p>\n\n\n\n<p>Bom Dia!!! <img loading=\"lazy\" decoding=\"async\" height=\"16\" width=\"16\" alt=\"\ud83d\udc4d\ud83c\udffc\" src=\"https:\/\/static.xx.fbcdn.net\/images\/emoji.php\/v9\/tf8\/1\/16\/1f44d_1f3fc.png\"\/><img loading=\"lazy\" decoding=\"async\" height=\"16\" width=\"16\" alt=\"\ud83d\ude09\" src=\"https:\/\/static.xx.fbcdn.net\/images\/emoji.php\/v9\/t57\/1\/16\/1f609.png\"\/><\/p>\n\n\n\n<p>Compartilhado por <a href=\"https:\/\/www.facebook.com\/litoral24h?__cft__[0]=AZW1-16k2YSqzQYKDzkZbTNf5ZCYldWYOmgO3sylr6WgEu7LXTeQekh6s4znpErS30BP6s4cvyiP_frr7chvCTOXFjGFl61kQjWkMqXsV91PSFiUIAUoAUaINGyg-rGglrjjNyECBWJax0u3XC9MKPm9wzohUlX1O44bpIcaaE1wKcoHZ0cGjgf-aACkHLwxQE0&amp;__tn__=-]K-R\">Litoral 24h Online<\/a><\/p>\n\n\n\n<p><\/p>\n","protected":false},"excerpt":{"rendered":"<p>NOT\u00cdCIAS DO DIA &#8211; ANO 9 n\u00b0 3034 Dia 11 de Mar\u00e7o de 2025, Ter\u00e7a-Feira DATAS COMEMORATIVAS Dia Europeu das V\u00edtimas do Terrorismo Dia Internacional do Encanamento TEMPERATURA E INDICADORES FINANCEIROS M\u00edn 19\u00b0 M\u00e1x 32\u00b0 (Bras\u00edlia-DF) D\u00f3lar Com 1,06% R$ 5,85 Euro 0,96% R$ 6,34 Ibovespa 0,41% 124.519 pts Bitcoin 7,82% R$ 465.076,85 IPCA 0,16% [&hellip;]<\/p>\n","protected":false},"author":12,"featured_media":0,"comment_status":"open","ping_status":"open","sticky":false,"template":"","format":"standard","meta":{"footnotes":""},"categories":[9],"tags":[],"class_list":["post-152156","post","type-post","status-publish","format-standard","hentry","category-engracadas"],"_links":{"self":[{"href":"https:\/\/www.largadoemguarapari.com.br\/13largado\/wp-json\/wp\/v2\/posts\/152156","targetHints":{"allow":["GET"]}}],"collection":[{"href":"https:\/\/www.largadoemguarapari.com.br\/13largado\/wp-json\/wp\/v2\/posts"}],"about":[{"href":"https:\/\/www.largadoemguarapari.com.br\/13largado\/wp-json\/wp\/v2\/types\/post"}],"author":[{"embeddable":true,"href":"https:\/\/www.largadoemguarapari.com.br\/13largado\/wp-json\/wp\/v2\/users\/12"}],"replies":[{"embeddable":true,"href":"https:\/\/www.largadoemguarapari.com.br\/13largado\/wp-json\/wp\/v2\/comments?post=152156"}],"version-history":[{"count":1,"href":"https:\/\/www.largadoemguarapari.com.br\/13largado\/wp-json\/wp\/v2\/posts\/152156\/revisions"}],"predecessor-version":[{"id":152157,"href":"https:\/\/www.largadoemguarapari.com.br\/13largado\/wp-json\/wp\/v2\/posts\/152156\/revisions\/152157"}],"wp:attachment":[{"href":"https:\/\/www.largadoemguarapari.com.br\/13largado\/wp-json\/wp\/v2\/media?parent=152156"}],"wp:term":[{"taxonomy":"category","embeddable":true,"href":"https:\/\/www.largadoemguarapari.com.br\/13largado\/wp-json\/wp\/v2\/categories?post=152156"},{"taxonomy":"post_tag","embeddable":true,"href":"https:\/\/www.largadoemguarapari.com.br\/13largado\/wp-json\/wp\/v2\/tags?post=152156"}],"curies":[{"name":"wp","href":"https:\/\/api.w.org\/{rel}","templated":true}]}}