
{"id":152227,"date":"2025-03-13T09:16:19","date_gmt":"2025-03-13T12:16:19","guid":{"rendered":"https:\/\/www.largadoemguarapari.com.br\/13largado\/?p=152227"},"modified":"2025-03-13T09:16:19","modified_gmt":"2025-03-13T12:16:19","slug":"noticias-do-dia-638","status":"publish","type":"post","link":"https:\/\/www.largadoemguarapari.com.br\/13largado\/noticias-do-dia-638\/","title":{"rendered":"NOT\u00cdCIAS DO DIA"},"content":{"rendered":"\n<p><img loading=\"lazy\" decoding=\"async\" height=\"16\" width=\"16\" alt=\"\u2705\" src=\"https:\/\/static.xx.fbcdn.net\/images\/emoji.php\/v9\/t33\/1\/16\/2705.png\"\/> NOT\u00cdCIAS DO DIA &#8211; ANO 9 n\u00b0 3036<\/p>\n\n\n\n<p>Dia 13 de Mar\u00e7o de 2025, Quinta-Feira<\/p>\n\n\n\n<p>DATAS COMEMORATIVAS<\/p>\n\n\n\n<p>Dia do Conservacionismo<\/p>\n\n\n\n<p>Dia <a><\/a>Mundial do Rim<\/p>\n\n\n\n<p>Dia Mundial do Rotaract<\/p>\n\n\n\n<p>TEMPERATURA E INDICADORES FINANCEIROS<\/p>\n\n\n\n<p><img loading=\"lazy\" decoding=\"async\" height=\"16\" width=\"16\" alt=\"\u26c5\" src=\"https:\/\/static.xx.fbcdn.net\/images\/emoji.php\/v9\/t9f\/1\/16\/26c5.png\"\/> M\u00edn 22\u00b0 M\u00e1x 32\u00b0 (Belo Horizonte-MG)<\/p>\n\n\n\n<p><img loading=\"lazy\" decoding=\"async\" height=\"16\" width=\"16\" alt=\"\ud83d\udcb5\" src=\"https:\/\/static.xx.fbcdn.net\/images\/emoji.php\/v9\/tdf\/1\/16\/1f4b5.png\"\/> D\u00f3lar Com <img loading=\"lazy\" decoding=\"async\" height=\"16\" width=\"16\" alt=\"\u2b07\ufe0f\" src=\"https:\/\/static.xx.fbcdn.net\/images\/emoji.php\/v9\/t20\/1\/16\/2b07.png\"\/> 0,07% R$ 5,80<\/p>\n\n\n\n<p><img loading=\"lazy\" decoding=\"async\" height=\"16\" width=\"16\" alt=\"\ud83d\udcb6\" src=\"https:\/\/static.xx.fbcdn.net\/images\/emoji.php\/v9\/t60\/1\/16\/1f4b6.png\"\/> Euro <img loading=\"lazy\" decoding=\"async\" height=\"16\" width=\"16\" alt=\"\u2b07\ufe0f\" src=\"https:\/\/static.xx.fbcdn.net\/images\/emoji.php\/v9\/t20\/1\/16\/2b07.png\"\/> 0,35% R$ 6,32<\/p>\n\n\n\n<p><img loading=\"lazy\" decoding=\"async\" height=\"16\" width=\"16\" alt=\"\ud83d\udcca\" src=\"https:\/\/static.xx.fbcdn.net\/images\/emoji.php\/v9\/taa\/1\/16\/1f4ca.png\"\/> Ibovespa <img loading=\"lazy\" decoding=\"async\" height=\"16\" width=\"16\" alt=\"\u2b06\ufe0f\" src=\"https:\/\/static.xx.fbcdn.net\/images\/emoji.php\/v9\/t9f\/1\/16\/2b06.png\"\/> 0,29% 123.866 pts<\/p>\n\n\n\n<p><img loading=\"lazy\" decoding=\"async\" height=\"16\" width=\"16\" alt=\"\ud83e\ude99\" src=\"https:\/\/static.xx.fbcdn.net\/images\/emoji.php\/v9\/td9\/1\/16\/1fa99.png\"\/> Bitcoin <img loading=\"lazy\" decoding=\"async\" height=\"16\" width=\"16\" alt=\"\u2b07\ufe0f\" src=\"https:\/\/static.xx.fbcdn.net\/images\/emoji.php\/v9\/t20\/1\/16\/2b07.png\"\/> 0,16% R$ 482.085,72<\/p>\n\n\n\n<p><img loading=\"lazy\" decoding=\"async\" height=\"16\" width=\"16\" alt=\"\ud83d\udcb2\" src=\"https:\/\/static.xx.fbcdn.net\/images\/emoji.php\/v9\/t5c\/1\/16\/1f4b2.png\"\/>IPCA <img loading=\"lazy\" decoding=\"async\" height=\"16\" width=\"16\" alt=\"\u2b06\ufe0f\" src=\"https:\/\/static.xx.fbcdn.net\/images\/emoji.php\/v9\/t9f\/1\/16\/2b06.png\"\/> 1,31% Fevereiro de 2025<\/p>\n\n\n\n<p><img loading=\"lazy\" decoding=\"async\" height=\"16\" width=\"16\" alt=\"\ud83d\udcb2\" src=\"https:\/\/static.xx.fbcdn.net\/images\/emoji.php\/v9\/t5c\/1\/16\/1f4b2.png\"\/>SELIC <img loading=\"lazy\" decoding=\"async\" height=\"16\" width=\"16\" alt=\"\u2b06\ufe0f\" src=\"https:\/\/static.xx.fbcdn.net\/images\/emoji.php\/v9\/t9f\/1\/16\/2b06.png\"\/> 13,25% 29 de Janeiro de 2025<\/p>\n\n\n\n<p><img loading=\"lazy\" decoding=\"async\" height=\"16\" width=\"16\" alt=\"\ud83d\udfe8\" src=\"https:\/\/static.xx.fbcdn.net\/images\/emoji.php\/v9\/t2\/1\/16\/1f7e8.png\"\/> Ouro (grama) <img loading=\"lazy\" decoding=\"async\" height=\"16\" width=\"16\" alt=\"\u2b06\ufe0f\" src=\"https:\/\/static.xx.fbcdn.net\/images\/emoji.php\/v9\/t9f\/1\/16\/2b06.png\"\/> R$ 549,64<\/p>\n\n\n\n<p><img loading=\"lazy\" decoding=\"async\" height=\"16\" width=\"16\" alt=\"\ud83c\udde7\ud83c\uddf7\" src=\"https:\/\/static.xx.fbcdn.net\/images\/emoji.php\/v9\/t9\/1\/16\/1f1e7_1f1f7.png\"\/><img loading=\"lazy\" decoding=\"async\" height=\"16\" width=\"16\" alt=\"\ud83d\udcf0\" src=\"https:\/\/static.xx.fbcdn.net\/images\/emoji.php\/v9\/td6\/1\/16\/1f4f0.png\"\/> NOT\u00cdCIAS NACIONAIS<\/p>\n\n\n\n<!--more-->\n\n\n\n<p><img loading=\"lazy\" decoding=\"async\" height=\"16\" width=\"16\" alt=\"\ud83c\udde7\ud83c\uddf7\" src=\"https:\/\/static.xx.fbcdn.net\/images\/emoji.php\/v9\/t9\/1\/16\/1f1e7_1f1f7.png\"\/><img loading=\"lazy\" decoding=\"async\" height=\"16\" width=\"16\" alt=\"\ud83c\uddfa\ud83c\uddf8\" src=\"https:\/\/static.xx.fbcdn.net\/images\/emoji.php\/v9\/t93\/1\/16\/1f1fa_1f1f8.png\"\/> Tarifas dos EUA de 25% sobre a\u00e7o e alum\u00ednio entram em vigor, sem concess\u00f5es ou isen\u00e7\u00f5es, conforme anunciado pela Casa Branca; Canad\u00e1, Brasil e M\u00e9xico est\u00e3o entre os pa\u00edses impactados pela tarifa na exporta\u00e7\u00e3o de a\u00e7o, enquanto Emirados \u00c1rabes Unidos e Coreia do Sul figuram entre os principais fornecedores de alum\u00ednio<\/p>\n\n\n\n<p><img loading=\"lazy\" decoding=\"async\" height=\"16\" width=\"16\" alt=\"\ud83c\udde7\ud83c\uddf7\" src=\"https:\/\/static.xx.fbcdn.net\/images\/emoji.php\/v9\/t9\/1\/16\/1f1e7_1f1f7.png\"\/><img loading=\"lazy\" decoding=\"async\" height=\"16\" width=\"16\" alt=\"\ud83c\uddfa\ud83c\uddf8\" src=\"https:\/\/static.xx.fbcdn.net\/images\/emoji.php\/v9\/t93\/1\/16\/1f1fa_1f1f8.png\"\/> Exporta\u00e7\u00f5es de a\u00e7o e alum\u00ednio para os EUA devem cair 11,27%, diz Instituto de Pesquisa Econ\u00f4mica Aplicada (Ipea); em termos absolutos, a tarifa poder\u00e1 causar a perda de 1,5 bilh\u00e3o de d\u00f3lares nas exporta\u00e7\u00f5es, ou cerca de R$ 8,7 bilh\u00f5es no c\u00e2mbio atual; em volume comercializado, a diminui\u00e7\u00e3o pode chegar a 1,6 milh\u00e3o de toneladas de a\u00e7o e alum\u00ednio<\/p>\n\n\n\n<p><img loading=\"lazy\" decoding=\"async\" height=\"16\" width=\"16\" alt=\"\ud83c\udde7\ud83c\uddf7\" src=\"https:\/\/static.xx.fbcdn.net\/images\/emoji.php\/v9\/t9\/1\/16\/1f1e7_1f1f7.png\"\/> Governo discute solu\u00e7\u00e3o para R$ 15 bilh\u00f5es fora do teto do Or\u00e7amento 2025; segundo o relator do Or\u00e7amento no Congresso Nacional, h\u00e1 cerca de R$ 3 bilh\u00f5es do Vale G\u00e1s e R$ 12 bilh\u00f5es do programa P\u00e9-de-Meia que est\u00e3o por fora do limite de despesas previstas para este ano<\/p>\n\n\n\n<p><img loading=\"lazy\" decoding=\"async\" height=\"16\" width=\"16\" alt=\"\u2696\ufe0f\" src=\"https:\/\/static.xx.fbcdn.net\/images\/emoji.php\/v9\/ta\/1\/16\/2696.png\"\/> STF agenda julgamento de m\u00e3e presa por pichar est\u00e1tua da Justi\u00e7a com batom no 8 de Janeiro; D\u00e9bora Rodrigues dos Santos \u00e9 m\u00e3e de duas crian\u00e7as e est\u00e1 presa desde 17 de mar\u00e7o de 2023, por ordem do ministro Alexandre de Moraes; o julgamento foi marcado para 21 a 28 de mar\u00e7o, de forma virtual<\/p>\n\n\n\n<p><img loading=\"lazy\" decoding=\"async\" height=\"16\" width=\"16\" alt=\"\u2696\ufe0f\" src=\"https:\/\/static.xx.fbcdn.net\/images\/emoji.php\/v9\/ta\/1\/16\/2696.png\"\/> Corregedor do Conselho Nacional de Justi\u00e7a (CNJ), Mauro Campbell, suspende edital para aquisi\u00e7\u00e3o de iPhones pelo Tribunal de Justi\u00e7a do Maranh\u00e3o (TJ-MA); valor total estimado para a compra dos dispositivos para desembargadores seria de aproximadamente R$ 573 mil; cada aparelho custa cerca de R$ 11,4 mil; apesar de o Tribunal j\u00e1 ter interrompido o processo licitat\u00f3rio ap\u00f3s a repercuss\u00e3o negativa, o CNJ mant\u00e9m a possibilidade de investigar mais a fundo e at\u00e9 mesmo barrar futuras aquisi\u00e7\u00f5es<\/p>\n\n\n\n<p><img loading=\"lazy\" decoding=\"async\" height=\"16\" width=\"16\" alt=\"\ud83d\ude94\" src=\"https:\/\/static.xx.fbcdn.net\/images\/emoji.php\/v9\/t69\/1\/16\/1f694.png\"\/> Pol\u00edcia Federal combate organiza\u00e7\u00e3o criminosa que fraudava documentos de servidores p\u00fablicos do estado de Rond\u00f4nia; a a\u00e7\u00e3o tinha como finalidade obter financiamentos e cr\u00e9ditos perante bancos, por exemplo: a Caixa Econ\u00f4mica Federal<\/p>\n\n\n\n<p><img loading=\"lazy\" decoding=\"async\" height=\"16\" width=\"16\" alt=\"\ud83d\ude94\" src=\"https:\/\/static.xx.fbcdn.net\/images\/emoji.php\/v9\/t69\/1\/16\/1f694.png\"\/> Pol\u00edcia Federal deflagra opera\u00e7\u00e3o e apreende uma tonelada de coca\u00edna em S\u00e3o Lu\u00eds (MA); ind\u00edcios apontam que entorpecente seria enviado ao exterior<\/p>\n\n\n\n<p><img loading=\"lazy\" decoding=\"async\" height=\"16\" width=\"16\" alt=\"\ud83d\ude94\" src=\"https:\/\/static.xx.fbcdn.net\/images\/emoji.php\/v9\/t69\/1\/16\/1f694.png\"\/> Pol\u00edcia Federal e IBAMA prendem investigado por desmatamento ilegal, lavagem de dinheiro e invas\u00f5es de terras p\u00fablicas da Uni\u00e3o no Amazonas; foi realizada pris\u00e3o preventiva e cumprimento de ordem judicial de sequestro de mais de R$ 19 milh\u00f5es de reais<\/p>\n\n\n\n<p><img loading=\"lazy\" decoding=\"async\" height=\"16\" width=\"16\" alt=\"\ud83d\ude94\" src=\"https:\/\/static.xx.fbcdn.net\/images\/emoji.php\/v9\/t69\/1\/16\/1f694.png\"\/> Pol\u00edcia Federal combate o desvio de m\u00e1quinas agr\u00edcolas na Coordena\u00e7\u00e3o Estadual do DNOCS (Departamento Nacional de Obras Contra as Secas) na Bahia; na a\u00e7\u00e3o desta quarta-feira (12), foram cumpridos nove mandados de busca e apreens\u00e3o, nas cidades de Salvador, Sim\u00f5es Filho e Am\u00e9rica Dourada<\/p>\n\n\n\n<p><img loading=\"lazy\" decoding=\"async\" height=\"16\" width=\"16\" alt=\"\ud83c\udf28\ufe0f\" src=\"https:\/\/static.xx.fbcdn.net\/images\/emoji.php\/v9\/t51\/1\/16\/1f328.png\"\/> Chuva intensa em S\u00e3o Paulo causa queda de \u00e1rvores e morte; segundo a Enel, mais de 175 mil im\u00f3veis est\u00e3o sem energia el\u00e9trica na Regi\u00e3o Metropolitana de S\u00e3o Paulo; o Centro de Gerenciamento de Emerg\u00eancias Clim\u00e1ticas (CGE) declarou estado de aten\u00e7\u00e3o para alagamentos<\/p>\n\n\n\n<p><img loading=\"lazy\" decoding=\"async\" height=\"16\" width=\"16\" alt=\"\ud83c\udf28\ufe0f\" src=\"https:\/\/static.xx.fbcdn.net\/images\/emoji.php\/v9\/t51\/1\/16\/1f328.png\"\/> Chuvas intensas no Rio de Janeiro deixam ruas alagadas e causam transtornos no transporte p\u00fablico; sistema de metr\u00f4 da cidade est\u00e1 operando com intervalos irregulares, o que tem gerado dificuldades para os usu\u00e1rios<\/p>\n\n\n\n<p><img loading=\"lazy\" decoding=\"async\" height=\"16\" width=\"16\" alt=\"\ud83e\udd81\" src=\"https:\/\/static.xx.fbcdn.net\/images\/emoji.php\/v9\/ta\/1\/16\/1f981.png\"\/> Receita Federal divulga novas regras para Imposto de Renda 2025; programa para preenchimento da declara\u00e7\u00e3o ser\u00e1 disponibilizado no dia 17 de mar\u00e7o; nova faixa de isen\u00e7\u00e3o foi fixada em R$ 2.824<\/p>\n\n\n\n<p><img loading=\"lazy\" decoding=\"async\" height=\"16\" width=\"16\" alt=\"\ud83d\udcb2\" src=\"https:\/\/static.xx.fbcdn.net\/images\/emoji.php\/v9\/t5c\/1\/16\/1f4b2.png\"\/>A infla\u00e7\u00e3o do m\u00eas de fevereiro ficou em 1,31% puxada principalmente pelos gastos com educa\u00e7\u00e3o e energia el\u00e9trica, de acordo com dados divulgados pelo IBGE nesta quarta (12); a alta j\u00e1 era esperada pelo mercado, que projetava um \u00edndice de 1,28%, e foi o maior para um m\u00eas de fevereiro desde 2003 de acordo com o instituto<\/p>\n\n\n\n<p><img loading=\"lazy\" decoding=\"async\" height=\"16\" width=\"16\" alt=\"\ud83d\udcb2\" src=\"https:\/\/static.xx.fbcdn.net\/images\/emoji.php\/v9\/t5c\/1\/16\/1f4b2.png\"\/>Saques da poupan\u00e7a em fevereiro superam dep\u00f3sitos em R$ 8 bilh\u00f5es; no m\u00eas, os brasileiros aplicaram na poupan\u00e7a R$ 331,996 bilh\u00f5es<\/p>\n\n\n\n<p><img loading=\"lazy\" decoding=\"async\" height=\"16\" width=\"16\" alt=\"\ud83d\udcb2\" src=\"https:\/\/static.xx.fbcdn.net\/images\/emoji.php\/v9\/t5c\/1\/16\/1f4b2.png\"\/>Em 2024, 63% dos brasileiros usaram o PIX ao menos uma vez por m\u00eas; em m\u00e9dia, cada usu\u00e1rio realizou 32 transa\u00e7\u00f5es mensais, diz Funda\u00e7\u00e3o Getulio Vargas (FGV)<\/p>\n\n\n\n<p><img loading=\"lazy\" decoding=\"async\" height=\"16\" width=\"16\" alt=\"\ud83c\udfdb\ufe0f\" src=\"https:\/\/static.xx.fbcdn.net\/images\/emoji.php\/v9\/t89\/1\/16\/1f3db.png\"\/> Universidade Federal Rural do Rio de Janeiro (UFRRJ) inaugura Museu de Rochas e Minerais na Baixada Fluminense; regi\u00e3o tem mais de tr\u00eas mil escolas de Ensino Fundamental e M\u00e9dio<\/p>\n\n\n\n<p>CI\u00caNCIA e TECNOLOGIA<\/p>\n\n\n\n<p><img loading=\"lazy\" decoding=\"async\" height=\"16\" width=\"16\" alt=\"\ud83d\udc65\" src=\"https:\/\/static.xx.fbcdn.net\/images\/emoji.php\/v9\/t8b\/1\/16\/1f465.png\"\/> Meta come\u00e7a a testar primeiro chip interno de treinamento de Intelig\u00eancia Artificial; conglomerado planeja aumentar a produ\u00e7\u00e3o para uso em larga escala se o teste for bem-sucedido<\/p>\n\n\n\n<p><img loading=\"lazy\" decoding=\"async\" height=\"16\" width=\"16\" alt=\"\ud83d\udc65\" src=\"https:\/\/static.xx.fbcdn.net\/images\/emoji.php\/v9\/t8b\/1\/16\/1f465.png\"\/> Arque\u00f3logos encontram rede de irriga\u00e7\u00e3o do primeiro mil\u00eanio a.C. na Mesopot\u00e2mia; an\u00e1lises obtiveram detalhes das t\u00e9cnicas de agricultura utilizadas pelos povos que viveram na regi\u00e3o<\/p>\n\n\n\n<p><img loading=\"lazy\" decoding=\"async\" height=\"16\" width=\"16\" alt=\"\ud83c\uddea\ud83c\uddf8\" src=\"https:\/\/static.xx.fbcdn.net\/images\/emoji.php\/v9\/t34\/1\/16\/1f1ea_1f1f8.png\"\/><img loading=\"lazy\" decoding=\"async\" height=\"16\" width=\"16\" alt=\"\ud83d\udc64\" src=\"https:\/\/static.xx.fbcdn.net\/images\/emoji.php\/v9\/ta\/1\/16\/1f464.png\"\/>F\u00f3sseis dos humanos mais antigos s\u00e3o encontrados em caverna na Espanha; esp\u00e9cie que viveu h\u00e1 mais de 1,1 milh\u00e3o de anos tem os habitantes mais antigos conhecidos da Europa Ocidental<\/p>\n\n\n\n<p><img loading=\"lazy\" decoding=\"async\" height=\"16\" width=\"16\" alt=\"\ud83e\udd88\" src=\"https:\/\/static.xx.fbcdn.net\/images\/emoji.php\/v9\/t91\/1\/16\/1f988.png\"\/>\u201cTubar\u00e3o-guitarra\u201d e \u201ccoral-leque\u201d: projeto descobre 866 esp\u00e9cies marinhas; Projeto Ocean Census revela criaturas \u00fanicas, incluindo tubar\u00e3o em forma de viol\u00e3o e caracol venenoso, em ambicioso esfor\u00e7o para documentar a vida marinha<\/p>\n\n\n\n<p><img loading=\"lazy\" decoding=\"async\" height=\"16\" width=\"16\" alt=\"\ud83d\ude80\" src=\"https:\/\/static.xx.fbcdn.net\/images\/emoji.php\/v9\/tc6\/1\/16\/1f680.png\"\/> Telesc\u00f3pio da NASA \u00e9 lan\u00e7ado para mapear \u201cmilh\u00f5es de gal\u00e1xias\u201d e estudar origens do universo; o lan\u00e7amento ocorreu na Base da For\u00e7a Espacial de Vandenberg, na Calif\u00f3rnia, a bordo de um foguete Falcon 9, que tamb\u00e9m transportava quatro pequenos sat\u00e9lites para observa\u00e7\u00e3o do Sol<\/p>\n\n\n\n<p>ESPORTES<\/p>\n\n\n\n<p><img loading=\"lazy\" decoding=\"async\" height=\"16\" width=\"16\" alt=\"\u26bd\" src=\"https:\/\/static.xx.fbcdn.net\/images\/emoji.php\/v9\/taf\/1\/16\/26bd.png\"\/> Copa do Brasil<\/p>\n\n\n\n<p>Segunda fase, jogo \u00fanico:<\/p>\n\n\n\n<p>Vit\u00f3ria 0x2 N\u00e1utico<\/p>\n\n\n\n<p>Athletic Club (7)3&#215;3(<img loading=\"lazy\" decoding=\"async\" height=\"16\" width=\"16\" alt=\"\ud83d\ude0e\" src=\"https:\/\/static.xx.fbcdn.net\/images\/emoji.php\/v9\/t83\/1\/16\/1f60e.png\"\/> Gr\u00eamio<\/p>\n\n\n\n<p>Atl\u00e9tico-GO (1)1&#215;1(4) Retr\u00f4<\/p>\n\n\n\n<p>Cear\u00e1 (3)2&#215;2(0) Confian\u00e7a<\/p>\n\n\n\n<p><img loading=\"lazy\" decoding=\"async\" height=\"16\" width=\"16\" alt=\"\u26bd\" src=\"https:\/\/static.xx.fbcdn.net\/images\/emoji.php\/v9\/taf\/1\/16\/26bd.png\"\/> Campeonatos Estaduais<\/p>\n\n\n\n<p>Carioca<\/p>\n\n\n\n<p>Final, jogo 1:<\/p>\n\n\n\n<p>Fluminense 1&#215;2 Flamengo<\/p>\n\n\n\n<p><img loading=\"lazy\" decoding=\"async\" height=\"16\" width=\"16\" alt=\"\u26bd\" src=\"https:\/\/static.xx.fbcdn.net\/images\/emoji.php\/v9\/taf\/1\/16\/26bd.png\"\/> Liga dos Campe\u00f5es da Europa<\/p>\n\n\n\n<p>Oitavas de final, jogo 2:<\/p>\n\n\n\n<p>Lille (Fra) 1&#215;2 Dortmund (Ale)<\/p>\n\n\n\n<p>Arsenal (Ing) 2&#215;2 PSV (Hol)<\/p>\n\n\n\n<p>Aston Villa (Ing) 3&#215;0 Club Brugge (Bel)<\/p>\n\n\n\n<p>Atl\u00e9tico de Madrid (Esp) (2)1&#215;0(4) Real Madrid (Esp)<\/p>\n\n\n\n<p><img loading=\"lazy\" decoding=\"async\" height=\"16\" width=\"16\" alt=\"\u26bd\" src=\"https:\/\/static.xx.fbcdn.net\/images\/emoji.php\/v9\/taf\/1\/16\/26bd.png\"\/><img loading=\"lazy\" decoding=\"async\" height=\"16\" width=\"16\" alt=\"\ud83d\udc64\" src=\"https:\/\/static.xx.fbcdn.net\/images\/emoji.php\/v9\/ta\/1\/16\/1f464.png\"\/>Ronaldo &#8220;Fen\u00f4meno&#8221; desiste de candidatura \u00e0 presid\u00eancia da CBF; ex-jogador anunciou fim de sua campanha em post nas redes sociais: &#8220;No meu primeiro contato com as 27 filiadas, encontrei 23 portas fechadas&#8221;<\/p>\n\n\n\n<p><img loading=\"lazy\" decoding=\"async\" height=\"16\" width=\"16\" alt=\"\u26bd\" src=\"https:\/\/static.xx.fbcdn.net\/images\/emoji.php\/v9\/taf\/1\/16\/26bd.png\"\/><img loading=\"lazy\" decoding=\"async\" height=\"16\" width=\"16\" alt=\"\ud83d\udc64\" src=\"https:\/\/static.xx.fbcdn.net\/images\/emoji.php\/v9\/ta\/1\/16\/1f464.png\"\/>Coritiba anuncia o meia uruguaio De Pena como refor\u00e7o para S\u00e9rie B; jogador de 33 anos tem passagens por Internacional e Bahia no futebol brasileiro<\/p>\n\n\n\n<p><img loading=\"lazy\" decoding=\"async\" height=\"16\" width=\"16\" alt=\"\ud83c\udfd0\" src=\"https:\/\/static.xx.fbcdn.net\/images\/emoji.php\/v9\/t57\/1\/16\/1f3d0.png\"\/> Cruzeiro domina Juan Ferreira e vence na estreia do Sul-Americano de clubes de v\u00f4lei Masculino; Filipe Ferraz roda elenco e vence uruguaios por 3 sets a 0 no gin\u00e1sio do UTC, em Uberl\u00e2ndia; anfitri\u00e3o, Praia Clube tamb\u00e9m ganha na primeira rodada<\/p>\n\n\n\n<p><img loading=\"lazy\" decoding=\"async\" height=\"16\" width=\"16\" alt=\"\ud83c\udfc0\" src=\"https:\/\/static.xx.fbcdn.net\/images\/emoji.php\/v9\/tb8\/1\/16\/1f3c0.png\"\/> Quimsa-ARG vence Franca no Pedroc\u00e3o e for\u00e7a jogo 3 nas quartas da Champions das Am\u00e9ricas; visitantes dominam o jogo todo e fecham placar com dez pontos de diferen\u00e7a (88 a 78)<\/p>\n\n\n\n<p><img loading=\"lazy\" decoding=\"async\" height=\"16\" width=\"16\" alt=\"\ud83c\udfc0\" src=\"https:\/\/static.xx.fbcdn.net\/images\/emoji.php\/v9\/tb8\/1\/16\/1f3c0.png\"\/> Pinheiros vence Mogi por 91 a 77 e encerra sequ\u00eancia negativa no NBB; time controla placar do in\u00edcio ao fim e volta a vencer no nacional ap\u00f3s mais de um m\u00eas<\/p>\n\n\n\n<p><img loading=\"lazy\" decoding=\"async\" height=\"16\" width=\"16\" alt=\"\ud83c\udfbe\" src=\"https:\/\/static.xx.fbcdn.net\/images\/emoji.php\/v9\/tce\/1\/16\/1f3be.png\"\/> Jo\u00e3o Fonseca vence Pavel Kotov por 2 sets a 0 na estreia e vai \u00e0s oitavas de final do Challenger de Phoenix; brasileiro de 18 anos domina russo em torneio nos Estados Unidos<\/p>\n\n\n\n<p><img loading=\"lazy\" decoding=\"async\" height=\"16\" width=\"16\" alt=\"\ud83c\udf0d\" src=\"https:\/\/static.xx.fbcdn.net\/images\/emoji.php\/v9\/t3f\/1\/16\/1f30d.png\"\/><img loading=\"lazy\" decoding=\"async\" height=\"16\" width=\"16\" alt=\"\ud83d\udcf0\" src=\"https:\/\/static.xx.fbcdn.net\/images\/emoji.php\/v9\/td6\/1\/16\/1f4f0.png\"\/> NOT\u00cdCIAS INTERNACIONAIS<\/p>\n\n\n\n<p><img loading=\"lazy\" decoding=\"async\" height=\"16\" width=\"16\" alt=\"\ud83c\uddfb\ud83c\udde6\" src=\"https:\/\/static.xx.fbcdn.net\/images\/emoji.php\/v9\/tb3\/1\/16\/1f1fb_1f1e6.png\"\/> Papa Francisco permanece est\u00e1vel e radiografia aponta melhora, diz Vaticano; pont\u00edfice est\u00e1 internado h\u00e1 quase um m\u00eas e luta contra uma pneumonia bilateral<\/p>\n\n\n\n<p><img loading=\"lazy\" decoding=\"async\" height=\"16\" width=\"16\" alt=\"\ud83c\uddea\ud83c\uddfa\" src=\"https:\/\/static.xx.fbcdn.net\/images\/emoji.php\/v9\/tdd\/1\/16\/1f1ea_1f1fa.png\"\/><img loading=\"lazy\" decoding=\"async\" height=\"16\" width=\"16\" alt=\"\ud83c\uddfa\ud83c\uddf8\" src=\"https:\/\/static.xx.fbcdn.net\/images\/emoji.php\/v9\/t93\/1\/16\/1f1fa_1f1f8.png\"\/> Uni\u00e3o Europeia (UE) vai impor tarifas retaliat\u00f3rias sobre US$ 28 bilh\u00f5es em produtos dos EUA; segundo a presidente da Comiss\u00e3o Europeia, Ursula von der Leyen, medidas ter\u00e3o in\u00edcio em 1\u00ba de abril, e entrar\u00e3o totalmente em vigor a partir do dia 13<\/p>\n\n\n\n<p><img loading=\"lazy\" decoding=\"async\" height=\"16\" width=\"16\" alt=\"\ud83c\uddfa\ud83c\udde6\" src=\"https:\/\/static.xx.fbcdn.net\/images\/emoji.php\/v9\/tf2\/1\/16\/1f1fa_1f1e6.png\"\/><img loading=\"lazy\" decoding=\"async\" height=\"16\" width=\"16\" alt=\"\ud83c\uddf7\ud83c\uddfa\" src=\"https:\/\/static.xx.fbcdn.net\/images\/emoji.php\/v9\/t92\/1\/16\/1f1f7_1f1fa.png\"\/> Ataque russo deixa ao menos quatro mortos em porto ucraniano, diz Kiev; v\u00edtimas eram cidad\u00e3os s\u00edrios; duas pessoas ficaram feridas<\/p>\n\n\n\n<p><img loading=\"lazy\" decoding=\"async\" height=\"16\" width=\"16\" alt=\"\ud83c\uddfa\ud83c\udde6\" src=\"https:\/\/static.xx.fbcdn.net\/images\/emoji.php\/v9\/tf2\/1\/16\/1f1fa_1f1e6.png\"\/><img loading=\"lazy\" decoding=\"async\" height=\"16\" width=\"16\" alt=\"\ud83c\uddf7\ud83c\uddfa\" src=\"https:\/\/static.xx.fbcdn.net\/images\/emoji.php\/v9\/t92\/1\/16\/1f1f7_1f1fa.png\"\/> Zelensky diz que cessar-fogo pode ser usado para elaborar plano de paz; Estados Unidos propuseram tr\u00e9gua de 30 dias entre Kiev e Moscou; resolu\u00e7\u00e3o ser\u00e1 apresentada para a R\u00fassia<\/p>\n\n\n\n<p><img loading=\"lazy\" decoding=\"async\" height=\"16\" width=\"16\" alt=\"\ud83c\uddf5\ud83c\uddf1\" src=\"https:\/\/static.xx.fbcdn.net\/images\/emoji.php\/v9\/te0\/1\/16\/1f1f5_1f1f1.png\"\/> Entregas de armas dos EUA para Ucr\u00e2nia foram retomadas, diz Pol\u00f4nia; aeroporto no sudeste do pa\u00eds \u00e9 o principal centro por onde passa maior parte da ajuda para Kiev<\/p>\n\n\n\n<p><img loading=\"lazy\" decoding=\"async\" height=\"16\" width=\"16\" alt=\"\ud83c\uddfa\ud83c\uddf3\" src=\"https:\/\/static.xx.fbcdn.net\/images\/emoji.php\/v9\/te\/1\/16\/1f1fa_1f1f3.png\"\/> ONU acolhe cessar-fogo na Ucr\u00e2nia e torce por \u201cpaz justa\u201d, diz Secret\u00e1rio-Geral das Na\u00e7\u00f5es Unidas, Antonio Guterres; EUA anunciaram acordo na ter\u00e7a-feira (11); resposta da R\u00fassia ainda \u00e9 aguardada<\/p>\n\n\n\n<p><img loading=\"lazy\" decoding=\"async\" height=\"16\" width=\"16\" alt=\"\ud83c\uddee\ud83c\uddf7\" src=\"https:\/\/static.xx.fbcdn.net\/images\/emoji.php\/v9\/tb7\/1\/16\/1f1ee_1f1f7.png\"\/><img loading=\"lazy\" decoding=\"async\" height=\"16\" width=\"16\" alt=\"\ud83c\uddfa\ud83c\uddf8\" src=\"https:\/\/static.xx.fbcdn.net\/images\/emoji.php\/v9\/t93\/1\/16\/1f1fa_1f1f8.png\"\/> L\u00edder supremo do Ir\u00e3 rejeita negociar com os EUA ap\u00f3s carta de Trump; Ali Khamenei questionou o sentido de negociar quando se sabe que os EUA &#8220;n\u00e3o v\u00e3o honrar&#8221; com compromisso<\/p>\n\n\n\n<p><img loading=\"lazy\" decoding=\"async\" height=\"16\" width=\"16\" alt=\"\ud83c\uddf5\ud83c\udded\" src=\"https:\/\/static.xx.fbcdn.net\/images\/emoji.php\/v9\/tf4\/1\/16\/1f1f5_1f1ed.png\"\/> Ap\u00f3s pris\u00e3o, Rodrigo Duterte \u00e9 levado sob cust\u00f3dia e aguarda julgamento pelo Tribunal Penal Internacional (TPI); ex-presidente das Filipinas \u00e9 acusado de crimes contra a humanidade<\/p>\n\n\n\n<p><img loading=\"lazy\" decoding=\"async\" height=\"16\" width=\"16\" alt=\"\ud83c\uddee\ud83c\udde9\" src=\"https:\/\/static.xx.fbcdn.net\/images\/emoji.php\/v9\/t1a\/1\/16\/1f1ee_1f1e9.png\"\/> Detentos escapam de penitenci\u00e1ria na Indon\u00e9sia; situa\u00e7\u00e3o foi rapidamente controlada com a colabora\u00e7\u00e3o de for\u00e7as prisionais, policiais e militares; os fugitivos conseguiram romper tr\u00eas portas de seguran\u00e7a e sa\u00edram pela entrada principal e pelo telhado da unidade prisional; a maioria estava cumprindo pena por delitos relacionados a drogas<\/p>\n\n\n\n<p><img loading=\"lazy\" decoding=\"async\" height=\"16\" width=\"16\" alt=\"\ud83c\uddf5\ud83c\uddf0\" src=\"https:\/\/static.xx.fbcdn.net\/images\/emoji.php\/v9\/t5f\/1\/16\/1f1f5_1f1f0.png\"\/> Grupo separatista sequestra trem e mant\u00e9m cerca de 250 ref\u00e9ns no Paquist\u00e3o; ataque do Ex\u00e9rcito de Liberta\u00e7\u00e3o Bal\u00fachi (BLA) j\u00e1 deixou pelo menos 10 civis mortos<\/p>\n\n\n\n<p><img loading=\"lazy\" decoding=\"async\" height=\"16\" width=\"16\" alt=\"\ud83c\uddfa\ud83c\uddf8\" src=\"https:\/\/static.xx.fbcdn.net\/images\/emoji.php\/v9\/t93\/1\/16\/1f1fa_1f1f8.png\"\/> Marco Rubio diz que Ucr\u00e2nia precisa de \u201cdissuas\u00e3o\u201d contra ataques futuros; Secret\u00e1rio de Estado dos EUA enfatizou que \u00e9 necess\u00e1rio evitar que uma guerra estoure novamente dentro de v\u00e1rios anos<\/p>\n\n\n\n<p><img loading=\"lazy\" decoding=\"async\" height=\"16\" width=\"16\" alt=\"\ud83c\uddf2\ud83c\uddfd\" src=\"https:\/\/static.xx.fbcdn.net\/images\/emoji.php\/v9\/t50\/1\/16\/1f1f2_1f1fd.png\"\/> Autoridades prometem investigar vala comum encontrada no M\u00e9xico; acredita-se que vala tenha liga\u00e7\u00e3o com gangues de drogas<\/p>\n\n\n\n<p><img loading=\"lazy\" decoding=\"async\" height=\"16\" width=\"16\" alt=\"\ud83c\udde7\ud83c\uddf4\" src=\"https:\/\/static.xx.fbcdn.net\/images\/emoji.php\/v9\/t86\/1\/16\/1f1e7_1f1f4.png\"\/> Novo acidente de \u00f4nibus na Bol\u00edvia deixa pelo menos 13 mortos e 20 feridos; pa\u00eds sul-americano tem vivenciado s\u00e9rie de colis\u00f5es fatais em 2025<\/p>\n\n\n\n<p><img loading=\"lazy\" decoding=\"async\" height=\"16\" width=\"16\" alt=\"\ud83c\udde6\ud83c\uddf7\" src=\"https:\/\/static.xx.fbcdn.net\/images\/emoji.php\/v9\/t48\/1\/16\/1f1e6_1f1f7.png\"\/> Protesto violento de militantes gera caos em frente ao Congresso da Argentina; o protesto, que havia sido convocado para reivindicar direitos previdenci\u00e1rios, rapidamente foi tomado por grupos militantes kirchneristas e torcedores organizados de clubes de futebol, resultando em destrui\u00e7\u00e3o, confrontos e a pris\u00e3o de mais de 30 pessoas<\/p>\n\n\n\n<p><img loading=\"lazy\" decoding=\"async\" height=\"16\" width=\"16\" alt=\"\ud83c\udf0d\" src=\"https:\/\/static.xx.fbcdn.net\/images\/emoji.php\/v9\/t3f\/1\/16\/1f30d.png\"\/> EVENTOS HIST\u00d3RICOS DO DIA<\/p>\n\n\n\n<p>-1325: Funda\u00e7\u00e3o da cidade de Tenochtitl\u00e1n, a capital do Imp\u00e9rio Asteca no atual M\u00e9xico<\/p>\n\n\n\n<p>-1639: O &#8220;New College&#8221;, em Cambridge, Col\u00f4nia da Ba\u00eda de Massachusetts, col\u00f4nia do Reino da Inglaterra, muda de nome para &#8220;Harvard College&#8221; em homenagem ao pastor congregacional calvinista John Harvard. Esta institui\u00e7\u00e3o de ensino \u00e9 conhecida hoje como Universidade Harvard<\/p>\n\n\n\n<p>-1781: William Herschel, um astr\u00f4nomo alem\u00e3o naturalizado ingl\u00eas, descobre o planeta Urano<\/p>\n\n\n\n<p>-1823: A Batalha do Jenipapo ocorreu \u00e0s margens do riacho de mesmo nome, no Piau\u00ed, e foi decisiva para a Independ\u00eancia do Brasil e consolida\u00e7\u00e3o do territ\u00f3rio deste pa\u00eds<\/p>\n\n\n\n<p>-1930: A not\u00edcia da descoberta de Plut\u00e3o \u00e9 anunciada pelo Observat\u00f3rio Lowell<\/p>\n\n\n\n<p>-1964: \u00c9 realizado na Esta\u00e7\u00e3o Central do Brasil, no Rio de Janeiro, o Com\u00edcio das Reformas. Com a presen\u00e7a e discursos do ent\u00e3o presidente Jo\u00e3o Goulart, dos ent\u00e3o governadores Leonel Brizola (Rio Grande do Sul) e Miguel Arraes (Pernambuco) e tamb\u00e9m com a presen\u00e7a do pol\u00edtico Luis Carlos Prestes. O ato foi considerado uma provoca\u00e7\u00e3o de cunho comunista pelos advers\u00e1rios do presidente<\/p>\n\n\n\n<p>-1967: Governo Militar no Brasil: \u00e9 promulgada a Lei de Seguran\u00e7a Nacional<\/p>\n\n\n\n<p>-1969: Programa Apollo: a Apollo 9 retorna com seguran\u00e7a \u00e0 Terra depois de testar o M\u00f3dulo Lunar<\/p>\n\n\n\n<p>-1986: A sonda espacial Giotto, da Ag\u00eancia Espacial Europeia, se aproxima a menos de 500 quil\u00f4metros do n\u00facleo do cometa Halley<\/p>\n\n\n\n<p>-1988: Inaugurado no Jap\u00e3o o mais longo t\u00fanel ferrovi\u00e1rio do mundo. O t\u00fanel Seikan cont\u00e9m um trecho de 23,3 km sob o leito marinho. Conecta a prefeitura de Aomori, na ilha japonesa de Honshu, \u00e0 ilha de Hokkaido<\/p>\n\n\n\n<p>-2013: Papa Francisco \u00e9 eleito, no conclave papal, como o 266.\u00b0 Papa da Igreja Cat\u00f3lica<\/p>\n\n\n\n<p>-2016: Manifesta\u00e7\u00f5es contra a ent\u00e3o presidente Dilma Rousseff ocorrem em todas as capitais e algumas cidades do Brasil<\/p>\n\n\n\n<p>Essas s\u00e3o algumas not\u00edcias do dia <img loading=\"lazy\" decoding=\"async\" height=\"16\" width=\"16\" alt=\"\u2705\" src=\"https:\/\/static.xx.fbcdn.net\/images\/emoji.php\/v9\/t33\/1\/16\/2705.png\"\/><\/p>\n\n\n\n<p>Autor: Roberto Vieira Filho <img loading=\"lazy\" decoding=\"async\" height=\"16\" width=\"16\" alt=\"\ud83c\udde7\ud83c\uddf7\" src=\"https:\/\/static.xx.fbcdn.net\/images\/emoji.php\/v9\/t9\/1\/16\/1f1e7_1f1f7.png\"\/><img loading=\"lazy\" decoding=\"async\" height=\"16\" width=\"16\" alt=\"\ud83c\udf0e\" src=\"https:\/\/static.xx.fbcdn.net\/images\/emoji.php\/v9\/tc0\/1\/16\/1f30e.png\"\/><\/p>\n\n\n\n<p>Bom Dia!!! <img loading=\"lazy\" decoding=\"async\" height=\"16\" width=\"16\" alt=\"\ud83d\udc4d\ud83c\udffc\" src=\"https:\/\/static.xx.fbcdn.net\/images\/emoji.php\/v9\/tf8\/1\/16\/1f44d_1f3fc.png\"\/><img loading=\"lazy\" decoding=\"async\" height=\"16\" width=\"16\" alt=\"\ud83d\ude09\" src=\"https:\/\/static.xx.fbcdn.net\/images\/emoji.php\/v9\/t57\/1\/16\/1f609.png\"\/><\/p>\n\n\n\n<p>Compartilhado por <a href=\"https:\/\/www.facebook.com\/litoral24h?__cft__[0]=AZUUENNe7nGn4DILpzmOJ2XMVRJPjB602GWA3ZL0jwquWsmFFh7clXskXNq0IwawTKLhsqDsddghyKCxcAVIGso4NOvW1D7Qng4hpTQAT5y_GjadWxOc-oX5fyrpW4otpXS36IA0s_WdByaUOafwYsPC0Ar-MTRVZyBIAj9PxB3CdvGIM5Kim7XcUydp_E1FVFQ&amp;__tn__=-]K-R\">Litoral 24h Online<\/a><\/p>\n","protected":false},"excerpt":{"rendered":"<p>NOT\u00cdCIAS DO DIA &#8211; ANO 9 n\u00b0 3036 Dia 13 de Mar\u00e7o de 2025, Quinta-Feira DATAS COMEMORATIVAS Dia do Conservacionismo Dia Mundial do Rim Dia Mundial do Rotaract TEMPERATURA E INDICADORES FINANCEIROS M\u00edn 22\u00b0 M\u00e1x 32\u00b0 (Belo Horizonte-MG) D\u00f3lar Com 0,07% R$ 5,80 Euro 0,35% R$ 6,32 Ibovespa 0,29% 123.866 pts Bitcoin 0,16% R$ 482.085,72 [&hellip;]<\/p>\n","protected":false},"author":12,"featured_media":0,"comment_status":"open","ping_status":"open","sticky":false,"template":"","format":"standard","meta":{"footnotes":""},"categories":[9],"tags":[],"class_list":["post-152227","post","type-post","status-publish","format-standard","hentry","category-engracadas"],"_links":{"self":[{"href":"https:\/\/www.largadoemguarapari.com.br\/13largado\/wp-json\/wp\/v2\/posts\/152227","targetHints":{"allow":["GET"]}}],"collection":[{"href":"https:\/\/www.largadoemguarapari.com.br\/13largado\/wp-json\/wp\/v2\/posts"}],"about":[{"href":"https:\/\/www.largadoemguarapari.com.br\/13largado\/wp-json\/wp\/v2\/types\/post"}],"author":[{"embeddable":true,"href":"https:\/\/www.largadoemguarapari.com.br\/13largado\/wp-json\/wp\/v2\/users\/12"}],"replies":[{"embeddable":true,"href":"https:\/\/www.largadoemguarapari.com.br\/13largado\/wp-json\/wp\/v2\/comments?post=152227"}],"version-history":[{"count":1,"href":"https:\/\/www.largadoemguarapari.com.br\/13largado\/wp-json\/wp\/v2\/posts\/152227\/revisions"}],"predecessor-version":[{"id":152228,"href":"https:\/\/www.largadoemguarapari.com.br\/13largado\/wp-json\/wp\/v2\/posts\/152227\/revisions\/152228"}],"wp:attachment":[{"href":"https:\/\/www.largadoemguarapari.com.br\/13largado\/wp-json\/wp\/v2\/media?parent=152227"}],"wp:term":[{"taxonomy":"category","embeddable":true,"href":"https:\/\/www.largadoemguarapari.com.br\/13largado\/wp-json\/wp\/v2\/categories?post=152227"},{"taxonomy":"post_tag","embeddable":true,"href":"https:\/\/www.largadoemguarapari.com.br\/13largado\/wp-json\/wp\/v2\/tags?post=152227"}],"curies":[{"name":"wp","href":"https:\/\/api.w.org\/{rel}","templated":true}]}}