
{"id":152709,"date":"2025-03-26T00:08:00","date_gmt":"2025-03-26T03:08:00","guid":{"rendered":"https:\/\/www.largadoemguarapari.com.br\/13largado\/?p=152709"},"modified":"2025-03-25T11:30:47","modified_gmt":"2025-03-25T14:30:47","slug":"e-velha-mas-e-boa-2146","status":"publish","type":"post","link":"https:\/\/www.largadoemguarapari.com.br\/13largado\/e-velha-mas-e-boa-2146\/","title":{"rendered":"\u00c9 VELHA, MAS \u00c9 BOA"},"content":{"rendered":"\n<h2 class=\"wp-block-heading\">Um casal rico, Pedro Afonso\u00a0e Patr\u00edcia, est\u00e1 em uma recep\u00e7\u00e3o\u00a0para uma institui\u00e7\u00e3o de caridade,\u00a0\u00e0 noite, quando\u00a0Patr\u00edcia sente-se cansada. <\/h2>\n\n\n\n<h2 class=\"wp-block-heading\">&#8220;Vou para casa&#8221;,\u00a0ela\u00a0avisa o marido. <\/h2>\n\n\n\n<h2 class=\"wp-block-heading\">&#8220;Sem problemas&#8221;, ele diz, &#8220;vou pegar uma carona para casa mais tarde. Pegue a limusine&#8221;. <\/h2>\n\n\n\n<h2 class=\"wp-block-heading\">Ao chegar em casa, Patr\u00edcia encontra Jarbas, seu mordomo, deitado no sof\u00e1, relaxando. Ela vai at\u00e9 Jarbas e ordena, <\/h2>\n\n\n\n<h2 class=\"wp-block-heading\">&#8220;Jarbas, tire meu vestido&#8221;. Jarbas obedece e tira o vestido. <\/h2>\n\n\n\n<h2 class=\"wp-block-heading\">Ela ent\u00e3o ordena, &#8220;Jarbas, tire meus saltos altos&#8221;, Jarbas obedece e tira seus saltos altos.<\/h2>\n\n\n\n<h2 class=\"wp-block-heading\">&#8220;Jarbas,&#8221; ela ordena,\u00a0&#8220;tire\u00a0o meu suti\u00e3&#8221;, Jarbas obedece e tira seu suti\u00e3. <\/h2>\n\n\n\n<h2 class=\"wp-block-heading\">&#8220;Jarbas,&#8221; ela ordena,\u00a0&#8220;tire a minha calcinha&#8221;. Jarbas obedece e tira as\u00a0calcinhas dela. <\/h2>\n\n\n\n<h2 class=\"wp-block-heading\">Ent\u00e3o ela o olha de cima a baixo e diz &#8220;Jarbas,\u00a0se eu te pegar usando minhas roupas de novo, voc\u00ea est\u00e1 demitido!&#8221;<\/h2>\n\n\n\n<div style=\"height:27px\" aria-hidden=\"true\" class=\"wp-block-spacer\"><\/div>\n","protected":false},"excerpt":{"rendered":"<p>Um casal rico, Pedro Afonso\u00a0e Patr\u00edcia, est\u00e1 em uma recep\u00e7\u00e3o\u00a0para uma institui\u00e7\u00e3o de caridade,\u00a0\u00e0 noite, quando\u00a0Patr\u00edcia sente-se cansada. &#8220;Vou para casa&#8221;,\u00a0ela\u00a0avisa o marido. &#8220;Sem problemas&#8221;, ele diz, &#8220;vou pegar uma carona para casa mais tarde. Pegue a limusine&#8221;. Ao chegar em casa, Patr\u00edcia encontra Jarbas, seu mordomo, deitado no sof\u00e1, relaxando. Ela vai at\u00e9 Jarbas [&hellip;]<\/p>\n","protected":false},"author":10,"featured_media":0,"comment_status":"open","ping_status":"open","sticky":false,"template":"","format":"standard","meta":{"footnotes":""},"categories":[10],"tags":[],"class_list":["post-152709","post","type-post","status-publish","format-standard","hentry","category-piada"],"_links":{"self":[{"href":"https:\/\/www.largadoemguarapari.com.br\/13largado\/wp-json\/wp\/v2\/posts\/152709","targetHints":{"allow":["GET"]}}],"collection":[{"href":"https:\/\/www.largadoemguarapari.com.br\/13largado\/wp-json\/wp\/v2\/posts"}],"about":[{"href":"https:\/\/www.largadoemguarapari.com.br\/13largado\/wp-json\/wp\/v2\/types\/post"}],"author":[{"embeddable":true,"href":"https:\/\/www.largadoemguarapari.com.br\/13largado\/wp-json\/wp\/v2\/users\/10"}],"replies":[{"embeddable":true,"href":"https:\/\/www.largadoemguarapari.com.br\/13largado\/wp-json\/wp\/v2\/comments?post=152709"}],"version-history":[{"count":1,"href":"https:\/\/www.largadoemguarapari.com.br\/13largado\/wp-json\/wp\/v2\/posts\/152709\/revisions"}],"predecessor-version":[{"id":152710,"href":"https:\/\/www.largadoemguarapari.com.br\/13largado\/wp-json\/wp\/v2\/posts\/152709\/revisions\/152710"}],"wp:attachment":[{"href":"https:\/\/www.largadoemguarapari.com.br\/13largado\/wp-json\/wp\/v2\/media?parent=152709"}],"wp:term":[{"taxonomy":"category","embeddable":true,"href":"https:\/\/www.largadoemguarapari.com.br\/13largado\/wp-json\/wp\/v2\/categories?post=152709"},{"taxonomy":"post_tag","embeddable":true,"href":"https:\/\/www.largadoemguarapari.com.br\/13largado\/wp-json\/wp\/v2\/tags?post=152709"}],"curies":[{"name":"wp","href":"https:\/\/api.w.org\/{rel}","templated":true}]}}