
{"id":154295,"date":"2025-05-08T14:45:25","date_gmt":"2025-05-08T17:45:25","guid":{"rendered":"https:\/\/www.largadoemguarapari.com.br\/13largado\/?p=154295"},"modified":"2025-05-08T14:45:25","modified_gmt":"2025-05-08T17:45:25","slug":"noticias-do-dia-666","status":"publish","type":"post","link":"https:\/\/www.largadoemguarapari.com.br\/13largado\/noticias-do-dia-666\/","title":{"rendered":"NOT\u00cdCIAS DO DIA"},"content":{"rendered":"\n<p><img loading=\"lazy\" decoding=\"async\" height=\"16\" width=\"16\" alt=\"\u2705\" src=\"https:\/\/static.xx.fbcdn.net\/images\/emoji.php\/v9\/t33\/1\/16\/2705.png\"\/> NOT\u00cdCIAS DO DIA &#8211; ANO 9 n\u00b0 3092<\/p>\n\n\n\n<p>Dia 8 de Maio de 2025, Quinta-Feira<\/p>\n\n\n\n<p>DATAS COMEMORATIVAS<\/p>\n\n\n\n<p>Dia da Vit\u00f3ria<\/p>\n\n\n\n<p>Dia <a><\/a>do Artista Pl\u00e1stico<\/p>\n\n\n\n<p>Dia do Profissional de Marketing<\/p>\n\n\n\n<p>Dia Nacional das Hemoglobinopatias<\/p>\n\n\n\n<p>Dia Nacional do Turismo<\/p>\n\n\n\n<p>Dia Internacional da Cruz Vermelha<\/p>\n\n\n\n<p>Dia Internacional da Talassemia<\/p>\n\n\n\n<p>Dia Mundial de Combate ao C\u00e2ncer de Ov\u00e1rio<\/p>\n\n\n\n<p>TEMPERATURA E INDICADORES FINANCEIROS<\/p>\n\n\n\n<p><img loading=\"lazy\" decoding=\"async\" height=\"16\" width=\"16\" alt=\"\u26c5\" src=\"https:\/\/static.xx.fbcdn.net\/images\/emoji.php\/v9\/t9f\/1\/16\/26c5.png\"\/> M\u00edn 25\u00b0 M\u00e1x 31\u00b0 (Recife-PE)<\/p>\n\n\n\n<p><img loading=\"lazy\" decoding=\"async\" height=\"16\" width=\"16\" alt=\"\ud83d\udcb5\" src=\"https:\/\/static.xx.fbcdn.net\/images\/emoji.php\/v9\/tdf\/1\/16\/1f4b5.png\"\/> D\u00f3lar Com <img loading=\"lazy\" decoding=\"async\" height=\"16\" width=\"16\" alt=\"\u2b06\ufe0f\" src=\"https:\/\/static.xx.fbcdn.net\/images\/emoji.php\/v9\/t9f\/1\/16\/2b06.png\"\/> 0,62% R$ 5,74<\/p>\n\n\n\n<p><img loading=\"lazy\" decoding=\"async\" height=\"16\" width=\"16\" alt=\"\ud83d\udcb6\" src=\"https:\/\/static.xx.fbcdn.net\/images\/emoji.php\/v9\/t60\/1\/16\/1f4b6.png\"\/> Euro <img loading=\"lazy\" decoding=\"async\" height=\"16\" width=\"16\" alt=\"\u2b06\ufe0f\" src=\"https:\/\/static.xx.fbcdn.net\/images\/emoji.php\/v9\/t9f\/1\/16\/2b06.png\"\/> 0,1% R$ 6,49<\/p>\n\n\n\n<p><img loading=\"lazy\" decoding=\"async\" height=\"16\" width=\"16\" alt=\"\ud83d\udcca\" src=\"https:\/\/static.xx.fbcdn.net\/images\/emoji.php\/v9\/taa\/1\/16\/1f4ca.png\"\/> Ibovespa <img loading=\"lazy\" decoding=\"async\" height=\"16\" width=\"16\" alt=\"\u2b07\ufe0f\" src=\"https:\/\/static.xx.fbcdn.net\/images\/emoji.php\/v9\/t20\/1\/16\/2b07.png\"\/> 0,09% 133.397 pts<\/p>\n\n\n\n<p><img loading=\"lazy\" decoding=\"async\" height=\"16\" width=\"16\" alt=\"\ud83e\ude99\" src=\"https:\/\/static.xx.fbcdn.net\/images\/emoji.php\/v9\/td9\/1\/16\/1fa99.png\"\/> Bitcoin <img loading=\"lazy\" decoding=\"async\" height=\"16\" width=\"16\" alt=\"\u2b06\ufe0f\" src=\"https:\/\/static.xx.fbcdn.net\/images\/emoji.php\/v9\/t9f\/1\/16\/2b06.png\"\/> 1,66% R$ 559.744,00<\/p>\n\n\n\n<p><img loading=\"lazy\" decoding=\"async\" height=\"16\" width=\"16\" alt=\"\ud83d\udcb2\" src=\"https:\/\/static.xx.fbcdn.net\/images\/emoji.php\/v9\/t5c\/1\/16\/1f4b2.png\"\/>IPCA <img loading=\"lazy\" decoding=\"async\" height=\"16\" width=\"16\" alt=\"\u2b06\ufe0f\" src=\"https:\/\/static.xx.fbcdn.net\/images\/emoji.php\/v9\/t9f\/1\/16\/2b06.png\"\/> 0,56% Mar\u00e7o de 2025<\/p>\n\n\n\n<p><img loading=\"lazy\" decoding=\"async\" height=\"16\" width=\"16\" alt=\"\ud83d\udcb2\" src=\"https:\/\/static.xx.fbcdn.net\/images\/emoji.php\/v9\/t5c\/1\/16\/1f4b2.png\"\/>SELIC <img loading=\"lazy\" decoding=\"async\" height=\"16\" width=\"16\" alt=\"\u2b06\ufe0f\" src=\"https:\/\/static.xx.fbcdn.net\/images\/emoji.php\/v9\/t9f\/1\/16\/2b06.png\"\/> 14,75% 7 de Maio de 2025<\/p>\n\n\n\n<p><img loading=\"lazy\" decoding=\"async\" height=\"16\" width=\"16\" alt=\"\ud83d\udfe8\" src=\"https:\/\/static.xx.fbcdn.net\/images\/emoji.php\/v9\/t2\/1\/16\/1f7e8.png\"\/> Ouro (grama) <img loading=\"lazy\" decoding=\"async\" height=\"16\" width=\"16\" alt=\"\u2b07\ufe0f\" src=\"https:\/\/static.xx.fbcdn.net\/images\/emoji.php\/v9\/t20\/1\/16\/2b07.png\"\/> R$ 624,22<\/p>\n\n\n\n<p><img loading=\"lazy\" decoding=\"async\" height=\"16\" width=\"16\" alt=\"\ud83c\udde7\ud83c\uddf7\" src=\"https:\/\/static.xx.fbcdn.net\/images\/emoji.php\/v9\/t9\/1\/16\/1f1e7_1f1f7.png\"\/><img loading=\"lazy\" decoding=\"async\" height=\"16\" width=\"16\" alt=\"\ud83d\udcf0\" src=\"https:\/\/static.xx.fbcdn.net\/images\/emoji.php\/v9\/td6\/1\/16\/1f4f0.png\"\/> NOT\u00cdCIAS NACIONAIS<\/p>\n\n\n\n<!--more-->\n\n\n\n<p><img loading=\"lazy\" decoding=\"async\" height=\"16\" width=\"16\" alt=\"\ud83c\udde7\ud83c\uddf7\" src=\"https:\/\/static.xx.fbcdn.net\/images\/emoji.php\/v9\/t9\/1\/16\/1f1e7_1f1f7.png\"\/><img loading=\"lazy\" decoding=\"async\" height=\"16\" width=\"16\" alt=\"\ud83c\uddfb\ud83c\uddea\" src=\"https:\/\/static.xx.fbcdn.net\/images\/emoji.php\/v9\/t5e\/1\/16\/1f1fb_1f1ea.png\"\/> Brasil diz que n\u00e3o conseguiu autoriza\u00e7\u00e3o para asilados sa\u00edrem da Venezuela; em nota, governo brasileiro confirma que s\u00f3 soube na ter\u00e7a-feira (6) sobre a sa\u00edda de opositores da embaixada argentina em Caracas<\/p>\n\n\n\n<p><img loading=\"lazy\" decoding=\"async\" height=\"16\" width=\"16\" alt=\"\ud83c\udde7\ud83c\uddf7\" src=\"https:\/\/static.xx.fbcdn.net\/images\/emoji.php\/v9\/t9\/1\/16\/1f1e7_1f1f7.png\"\/><img loading=\"lazy\" decoding=\"async\" height=\"16\" width=\"16\" alt=\"\ud83d\udc65\" src=\"https:\/\/static.xx.fbcdn.net\/images\/emoji.php\/v9\/t8b\/1\/16\/1f465.png\"\/> Novo parecer do projeto de lei que cria o Marco Legal para o Licenciamento Ambiental no Brasil foi apresentado nesta quarta-feira (7) na Comiss\u00f5es do Meio Ambiente (CMA) e da Agricultura (CRA) do Senado; o governo pediu mais tempo para analisar o relat\u00f3rio e, por isso, o debate sobre o tema foi adiado para pr\u00f3xima semana; o presidente do Senado, Davi Alcolumbre, vem defendendo a vota\u00e7\u00e3o do projeto, que \u00e9 alvo de cr\u00edticas de organiza\u00e7\u00f5es ambientalistas<\/p>\n\n\n\n<p><img loading=\"lazy\" decoding=\"async\" height=\"16\" width=\"16\" alt=\"\ud83c\udde7\ud83c\uddf7\" src=\"https:\/\/static.xx.fbcdn.net\/images\/emoji.php\/v9\/t9\/1\/16\/1f1e7_1f1f7.png\"\/><img loading=\"lazy\" decoding=\"async\" height=\"16\" width=\"16\" alt=\"\ud83d\udc65\" src=\"https:\/\/static.xx.fbcdn.net\/images\/emoji.php\/v9\/t8b\/1\/16\/1f465.png\"\/> Caminhada pr\u00f3-anistia re\u00fane multid\u00e3o em Bras\u00edlia (DF); evento contou com a presen\u00e7a do ex-presidente Jair Bolsonaro e de dezenas de parlamentares; a oposi\u00e7\u00e3o espera aumentar a press\u00e3o sobre o presidente da C\u00e2mara dos Deputados, Hugo Motta, para destravar a vota\u00e7\u00e3o do projeto de lei da anistia para os presos do 8 de janeiro<\/p>\n\n\n\n<p><img loading=\"lazy\" decoding=\"async\" height=\"16\" width=\"16\" alt=\"\ud83d\udc65\" src=\"https:\/\/static.xx.fbcdn.net\/images\/emoji.php\/v9\/t8b\/1\/16\/1f465.png\"\/> Oposi\u00e7\u00e3o se mobiliza para retirar outras comiss\u00f5es para dar prioridade \u00e0 CPI do INSS; atualmente, existem 12 pedidos de abertura de registrados, mas apenas cinco podem operar ao mesmo tempo; l\u00edder do PL na C\u00e2mara, S\u00f3stenes Cavalcante, lidera a iniciativa<\/p>\n\n\n\n<p><img loading=\"lazy\" decoding=\"async\" height=\"16\" width=\"16\" alt=\"\ud83d\udc65\" src=\"https:\/\/static.xx.fbcdn.net\/images\/emoji.php\/v9\/t8b\/1\/16\/1f465.png\"\/> Comiss\u00e3o de Constitui\u00e7\u00e3o e Justi\u00e7a (CCJ) da C\u00e2mara dos Deputados aprova suspens\u00e3o de a\u00e7\u00e3o penal instaurada no Supremo Tribunal Federal (STF) contra o deputado Alexandre Ramagem no \u00e2mbito do inqu\u00e9rito que apura a suposta \u201ctrama golpista\u201d; o pedido do Partido Liberal est\u00e1 baseado no par\u00e1grafo 3\u00ba do artigo 53 da Constitui\u00e7\u00e3o Federal, que trata sobre a imunidade parlamentar<\/p>\n\n\n\n<p><img loading=\"lazy\" decoding=\"async\" height=\"16\" width=\"16\" alt=\"\u2696\ufe0f\" src=\"https:\/\/static.xx.fbcdn.net\/images\/emoji.php\/v9\/ta\/1\/16\/2696.png\"\/> Procuradoria-Geral da Rep\u00fablica (PGR) defende soltura de turco-brasileiro preso ap\u00f3s pedido de extradi\u00e7\u00e3o; pris\u00e3o de Mustafa G\u00f6ktepe foi determinada por Fl\u00e1vio Dino ap\u00f3s governo da Turquia dizer que ele integra organiza\u00e7\u00e3o terrorista armada<\/p>\n\n\n\n<p><img loading=\"lazy\" decoding=\"async\" height=\"16\" width=\"16\" alt=\"\u2696\ufe0f\" src=\"https:\/\/static.xx.fbcdn.net\/images\/emoji.php\/v9\/ta\/1\/16\/2696.png\"\/> Ju\u00edzes se mobilizam contra suspens\u00e3o de processos sobre pejotiza\u00e7\u00e3o; magistrados defenderam compet\u00eancia da Justi\u00e7a do Trabalho<\/p>\n\n\n\n<p><img loading=\"lazy\" decoding=\"async\" height=\"16\" width=\"16\" alt=\"\u2696\ufe0f\" src=\"https:\/\/static.xx.fbcdn.net\/images\/emoji.php\/v9\/ta\/1\/16\/2696.png\"\/><img loading=\"lazy\" decoding=\"async\" height=\"16\" width=\"16\" alt=\"\ud83d\udc65\" src=\"https:\/\/static.xx.fbcdn.net\/images\/emoji.php\/v9\/t8b\/1\/16\/1f465.png\"\/> Prazo para regularizar situa\u00e7\u00e3o eleitoral termina no dia 19 deste m\u00eas; regulariza\u00e7\u00e3o evita cancelamento de documento do eleitor<\/p>\n\n\n\n<p><img loading=\"lazy\" decoding=\"async\" height=\"16\" width=\"16\" alt=\"\u2696\ufe0f\" src=\"https:\/\/static.xx.fbcdn.net\/images\/emoji.php\/v9\/ta\/1\/16\/2696.png\"\/> STF nega pedido de afastamento de Ednaldo Rodrigues da CBF; ministro Gilmar Mendes considera &#8220;incab\u00edvel&#8221; sa\u00edda agora de Ednaldo da presid\u00eancia da entidade, mas determina &#8220;apura\u00e7\u00e3o imediata e urgente&#8221; de casos relatados em peti\u00e7\u00f5es<\/p>\n\n\n\n<p><img loading=\"lazy\" decoding=\"async\" height=\"16\" width=\"16\" alt=\"\u2696\ufe0f\" src=\"https:\/\/static.xx.fbcdn.net\/images\/emoji.php\/v9\/ta\/1\/16\/2696.png\"\/> Minist\u00e9rio P\u00fablico Federal (MPF) critica novo modelo de plano de sa\u00fade da Ag\u00eancia Nacional de Sa\u00fade Suplementar (ANS) que exclui interna\u00e7\u00f5es e emerg\u00eancias; MPF ressalta que a falta de estudos sobre as consequ\u00eancias para os usu\u00e1rios de planos tradicionais pode resultar em uma press\u00e3o adicional sobre o Sistema \u00danico de Sa\u00fade (SUS)<\/p>\n\n\n\n<p><img loading=\"lazy\" decoding=\"async\" height=\"16\" width=\"16\" alt=\"\ud83d\ude94\" src=\"https:\/\/static.xx.fbcdn.net\/images\/emoji.php\/v9\/t69\/1\/16\/1f694.png\"\/> Pol\u00edcia Federal identifica aposentados do INSS com mais de um desconto ilegal em diferentes associa\u00e7\u00f5es e sindicatos; apesar de o Instituto falar em cerca de quatro milh\u00f5es de poss\u00edveis v\u00edtimas, investigadores acreditam que possa haver mais de seis milh\u00f5es de afetados de forma direta; alguns, inclusive, mais de uma vez<\/p>\n\n\n\n<p><img loading=\"lazy\" decoding=\"async\" height=\"16\" width=\"16\" alt=\"\ud83d\ude94\" src=\"https:\/\/static.xx.fbcdn.net\/images\/emoji.php\/v9\/t69\/1\/16\/1f694.png\"\/> Pol\u00edcia Federal combate grupo que envia drogas para Europa em avi\u00f5es; o grupo criminoso usava as chamadas mulas, ou seja, passageiros que transportam produtos ilegais em suas bagagens ou em seu pr\u00f3prio corpo; investigados podem responder por tr\u00e1fico drogas<\/p>\n\n\n\n<p><img loading=\"lazy\" decoding=\"async\" height=\"16\" width=\"16\" alt=\"\ud83d\ude94\" src=\"https:\/\/static.xx.fbcdn.net\/images\/emoji.php\/v9\/t69\/1\/16\/1f694.png\"\/> Pol\u00edcia Civil prende na zona Leste de S\u00e3o Paulo chef\u00e3o do PCC na tr\u00edplice fronteira do Brasil com Peru e Bol\u00edvia; \u2018Paulo Baladeira\u2019 foi condenado a 21 anos de pris\u00e3o e foi localizado por agentes do Deic em uma distribuidora de bebidas na rua Flor de Inverno<\/p>\n\n\n\n<p><img loading=\"lazy\" decoding=\"async\" height=\"16\" width=\"16\" alt=\"\ud83c\udfe5\" src=\"https:\/\/static.xx.fbcdn.net\/images\/emoji.php\/v9\/t7b\/1\/16\/1f3e5.png\"\/> Secretaria Municipal de Sa\u00fade do Rio de Janeiro (SMS-RJ) retoma a vacina\u00e7\u00e3o atualizada contra a covid-19 que protege contra a cepa JN.1; a secretaria recebeu 20.700 doses; o primeiro grupo a ser vacinado \u00e9 de idosos que vivem em institui\u00e7\u00f5es de longa perman\u00eancia; o munic\u00edpio do Rio tamb\u00e9m recebeu 13.040 doses do imunizante Pfizer Baby para aplica\u00e7\u00e3o em crian\u00e7as de seis meses a quatro anos<\/p>\n\n\n\n<p><img loading=\"lazy\" decoding=\"async\" height=\"16\" width=\"16\" alt=\"\ud83d\udcb2\" src=\"https:\/\/static.xx.fbcdn.net\/images\/emoji.php\/v9\/t5c\/1\/16\/1f4b2.png\"\/>Copom aumenta Selic para 14,75%, maior patamar desde 2006; o aumento de 0,50 ponto porcentual da taxa b\u00e1sica de juros nesta quarta-feira (7) j\u00e1 era esperado pela maior parte do mercado financeiro; a decis\u00e3o do colegiado foi un\u00e2nime<\/p>\n\n\n\n<p><img loading=\"lazy\" decoding=\"async\" height=\"16\" width=\"16\" alt=\"\ud83d\udcb5\" src=\"https:\/\/static.xx.fbcdn.net\/images\/emoji.php\/v9\/tdf\/1\/16\/1f4b5.png\"\/> D\u00f3lar encerra o dia a R$ 5,74 com tom cauteloso do Fed; Ibovespa fecha quase est\u00e1vel; foi o terceiro preg\u00e3o consecutivo de avan\u00e7o da divisa, que fechou no maior n\u00edvel desde 17 de abril (R$ 5,80) e passou a acumular valoriza\u00e7\u00e3o de 1,21% nos quatro primeiros preg\u00f5es de maio<\/p>\n\n\n\n<p><img loading=\"lazy\" decoding=\"async\" height=\"16\" width=\"16\" alt=\"\ud83d\udcb0\" src=\"https:\/\/static.xx.fbcdn.net\/images\/emoji.php\/v9\/t5a\/1\/16\/1f4b0.png\"\/> Sorteio de hoje da Mega-Sena 2.860 pode pagar pr\u00eamio acumulado de R$ 38 milh\u00f5es<\/p>\n\n\n\n<p><img loading=\"lazy\" decoding=\"async\" height=\"16\" width=\"16\" alt=\"\ud83d\udcda\" src=\"https:\/\/static.xx.fbcdn.net\/images\/emoji.php\/v9\/t49\/1\/16\/1f4da.png\"\/><img loading=\"lazy\" decoding=\"async\" height=\"16\" width=\"16\" alt=\"\ud83d\udc65\" src=\"https:\/\/static.xx.fbcdn.net\/images\/emoji.php\/v9\/t8b\/1\/16\/1f465.png\"\/> Feira do Livro da Unesp oferece publica\u00e7\u00f5es com 50% de desconto; s\u00e9tima edi\u00e7\u00e3o do evento vai at\u00e9 domingo na universidade paulista<\/p>\n\n\n\n<p>CI\u00caNCIA e TECNOLOGIA<\/p>\n\n\n\n<p><img loading=\"lazy\" decoding=\"async\" height=\"16\" width=\"16\" alt=\"\ud83c\udfd4\ufe0f\" src=\"https:\/\/static.xx.fbcdn.net\/images\/emoji.php\/v9\/t5b\/1\/16\/1f3d4.png\"\/> Monte Everest est\u00e1 crescendo por causa de um rio \u201cpirata\u201d, diz estudo; o Monte Everest cresceu entre 15 e 50 metros devido a um ajuste da crosta terrestre provocado pela eros\u00e3o de um desfiladeiro pr\u00f3ximo; visto como s\u00edmbolo de prest\u00edgio e status, escalar o monte Everest, no Himalaia, apresenta uma s\u00e9rie de riscos, como temperaturas at\u00e9 -60\u00baC, mal da altitude, avalanches, custos elevados e uma janela clim\u00e1tica apertada<\/p>\n\n\n\n<p><img loading=\"lazy\" decoding=\"async\" height=\"16\" width=\"16\" alt=\"\ud83e\udd96\" src=\"https:\/\/static.xx.fbcdn.net\/images\/emoji.php\/v9\/t2e\/1\/16\/1f996.png\"\/> Ancestrais do T. rex usaram ponte terrestre para ir da \u00c1sia \u00e0 Am\u00e9rica; pesquisa sugere que ancestrais do Tyrannosaurus rex cruzaram o Estreito de Bering h\u00e1 70 milh\u00f5es de anos, revelando nova teoria sobre a origem do rei dos dinossauros<\/p>\n\n\n\n<p>ESPORTES<\/p>\n\n\n\n<p><img loading=\"lazy\" decoding=\"async\" height=\"16\" width=\"16\" alt=\"\u26bd\" src=\"https:\/\/static.xx.fbcdn.net\/images\/emoji.php\/v9\/taf\/1\/16\/26bd.png\"\/> Ta\u00e7a Libertadores<\/p>\n\n\n\n<p>Fase de Grupos, 4\u00aa rodada:<\/p>\n\n\n\n<p>Bahia (Bra) 1&#215;3 Nacional (Uru)<\/p>\n\n\n\n<p>Deportivo Tachira (Ven) 2&#215;3 LDU Quito (Equ)<\/p>\n\n\n\n<p>Central C\u00f3rdoba (Arg) 1&#215;1 Flamengo (Bra)<\/p>\n\n\n\n<p>Cerro Porte\u00f1o (Par) 0x2 Palmeiras (Bra)<\/p>\n\n\n\n<p><img loading=\"lazy\" decoding=\"async\" height=\"16\" width=\"16\" alt=\"\u26bd\" src=\"https:\/\/static.xx.fbcdn.net\/images\/emoji.php\/v9\/taf\/1\/16\/26bd.png\"\/> Copa Sul-Americana<\/p>\n\n\n\n<p>Fase de Grupos, 4\u00aa rodada:<\/p>\n\n\n\n<p>Puerto Cabello (Ven) 4&#215;1 Vasco (Bra)<\/p>\n\n\n\n<p>Grau (Per) 0x0 Gr\u00eamio (Bra)<\/p>\n\n\n\n<p>Mushuc Runa (Equ) 1&#215;1 Cruzeiro (Bra)<\/p>\n\n\n\n<p><img loading=\"lazy\" decoding=\"async\" height=\"16\" width=\"16\" alt=\"\u26bd\" src=\"https:\/\/static.xx.fbcdn.net\/images\/emoji.php\/v9\/taf\/1\/16\/26bd.png\"\/> Liga dos Campe\u00f5es da Europa<\/p>\n\n\n\n<p>Semifinal, jogo 2:<\/p>\n\n\n\n<p>PSG (Fra) 2&#215;1 Arsenal (Ing)<\/p>\n\n\n\n<p><img loading=\"lazy\" decoding=\"async\" height=\"16\" width=\"16\" alt=\"\u26bd\ufe0f\" src=\"https:\/\/static.xx.fbcdn.net\/images\/emoji.php\/v9\/taf\/1\/16\/26bd.png\"\/> A Federa\u00e7\u00e3o Internacional de Futebol (Fifa) anunciou nesta quarta-feira (7) os oito est\u00e1dios que receber\u00e3o os jogos da Copa do Mundo de futebol feminino de 2027, que ser\u00e1 disputada no Brasil: Maracan\u00e3 (Rio de Janeiro), Arena Fonte Nova (Salvador), Arena Itaquera (S\u00e3o Paulo), Mineir\u00e3o (Belo Horizonte), Est\u00e1dio Nacional (Bras\u00edlia), Arena Castel\u00e3o (Fortaleza), Est\u00e1dio Beira-Rio (Porto Alegre) e Arena Pernambuco (Recife)<\/p>\n\n\n\n<p><img loading=\"lazy\" decoding=\"async\" height=\"16\" width=\"16\" alt=\"\u26bd\" src=\"https:\/\/static.xx.fbcdn.net\/images\/emoji.php\/v9\/taf\/1\/16\/26bd.png\"\/> PSG faz bom jogo em casa, despacha o Arsenal e vai brigar pelo t\u00edtulo in\u00e9dito da Liga dos Campe\u00f5es; time de Paris ir\u00e1 disputar a sua segunda final da hist\u00f3ria; advers\u00e1rio ser\u00e1 a Inter de Mil\u00e3o, no dia 31, em Munique (Alemanha)<\/p>\n\n\n\n<p><img loading=\"lazy\" decoding=\"async\" height=\"16\" width=\"16\" alt=\"\ud83c\udfc0\" src=\"https:\/\/static.xx.fbcdn.net\/images\/emoji.php\/v9\/tb8\/1\/16\/1f3c0.png\"\/> Corinthians bate Campinas no aperto, vence a sexta seguida e dorme l\u00edder da Liga de Basquete Feminino (LBF); Tim\u00e3o faz 52 a 47 no interior paulista e consolida o bom momento na competi\u00e7\u00e3o<\/p>\n\n\n\n<p><img loading=\"lazy\" decoding=\"async\" height=\"16\" width=\"16\" alt=\"\ud83c\udf0d\" src=\"https:\/\/static.xx.fbcdn.net\/images\/emoji.php\/v9\/t3f\/1\/16\/1f30d.png\"\/><img loading=\"lazy\" decoding=\"async\" height=\"16\" width=\"16\" alt=\"\ud83d\udcf0\" src=\"https:\/\/static.xx.fbcdn.net\/images\/emoji.php\/v9\/td6\/1\/16\/1f4f0.png\"\/> NOT\u00cdCIAS INTERNACIONAIS<\/p>\n\n\n\n<p><img loading=\"lazy\" decoding=\"async\" height=\"16\" width=\"16\" alt=\"\ud83c\uddfb\ud83c\udde6\" src=\"https:\/\/static.xx.fbcdn.net\/images\/emoji.php\/v9\/tb3\/1\/16\/1f1fb_1f1e6.png\"\/><img loading=\"lazy\" decoding=\"async\" height=\"16\" width=\"16\" alt=\"\ud83d\udc65\" src=\"https:\/\/static.xx.fbcdn.net\/images\/emoji.php\/v9\/t8b\/1\/16\/1f465.png\"\/> Primeiro dia de conclave termina sem escolha de novo papa; dia foi marcado por ritos da Igreja enquanto uma multid\u00e3o ficou \u00e0 espera de uma sinaliza\u00e7\u00e3o da vota\u00e7\u00e3o na Pra\u00e7a de S\u00e3o Pedro<\/p>\n\n\n\n<p><img loading=\"lazy\" decoding=\"async\" height=\"16\" width=\"16\" alt=\"\ud83c\uddf7\ud83c\uddfa\" src=\"https:\/\/static.xx.fbcdn.net\/images\/emoji.php\/v9\/t92\/1\/16\/1f1f7_1f1fa.png\"\/><img loading=\"lazy\" decoding=\"async\" height=\"16\" width=\"16\" alt=\"\ud83c\uddfb\ud83c\uddea\" src=\"https:\/\/static.xx.fbcdn.net\/images\/emoji.php\/v9\/t5e\/1\/16\/1f1fb_1f1ea.png\"\/> O presidente da R\u00fassia, Vladimir Putin, e o presidente da Venezuela, Nicol\u00e1s Maduro, assinaram nesta quarta-feira (7) um acordo de parceria estrat\u00e9gica em uma cerim\u00f4nia transmitida pela TV estatal; desde 2022, a R\u00fassia j\u00e1 assinou pactos de parceria estrat\u00e9gica com a China, Coreia do Norte e Ir\u00e3<\/p>\n\n\n\n<p><img loading=\"lazy\" decoding=\"async\" height=\"16\" width=\"16\" alt=\"\ud83c\uddea\ud83c\uddf8\" src=\"https:\/\/static.xx.fbcdn.net\/images\/emoji.php\/v9\/t34\/1\/16\/1f1ea_1f1f8.png\"\/> Audi\u00eancia Nacional da Espanha, tribunal superior do pa\u00eds europeu, admitiu uma den\u00fancia por crimes contra a humanidade contra dois ex-integrantes da ditadura chavista na Venezuela; segundo informa\u00e7\u00f5es do site Efecto Cocuyo, a den\u00fancia havia sido protocolada nesta semana pela oposicionista venezuelana Dulce Bravo, exilada na Argentina<\/p>\n\n\n\n<p><img loading=\"lazy\" decoding=\"async\" height=\"16\" width=\"16\" alt=\"\ud83c\udde9\ud83c\uddf0\" src=\"https:\/\/static.xx.fbcdn.net\/images\/emoji.php\/v9\/t4\/1\/16\/1f1e9_1f1f0.png\"\/><img loading=\"lazy\" decoding=\"async\" height=\"16\" width=\"16\" alt=\"\ud83c\uddfa\ud83c\uddf8\" src=\"https:\/\/static.xx.fbcdn.net\/images\/emoji.php\/v9\/t93\/1\/16\/1f1fa_1f1f8.png\"\/> Dinamarca anuncia que convocar\u00e1 embaixador dos EUA ap\u00f3s den\u00fancia de espionagem na Groenl\u00e2ndia; o governo dos EUA teria pedido a seus servi\u00e7os de intelig\u00eancia que identifiquem pessoas na ilha \u00e1rtica e na Dinamarca que pudessem apoiar suas aspira\u00e7\u00f5es de incorporar esse territ\u00f3rio, alegou o The Wall Street Journal nesta quarta-feira, citando fontes n\u00e3o identificadas<\/p>\n\n\n\n<p><img loading=\"lazy\" decoding=\"async\" height=\"16\" width=\"16\" alt=\"\ud83c\uddee\ud83c\uddf3\" src=\"https:\/\/static.xx.fbcdn.net\/images\/emoji.php\/v9\/tb3\/1\/16\/1f1ee_1f1f3.png\"\/><img loading=\"lazy\" decoding=\"async\" height=\"16\" width=\"16\" alt=\"\ud83c\uddf5\ud83c\uddf0\" src=\"https:\/\/static.xx.fbcdn.net\/images\/emoji.php\/v9\/t5f\/1\/16\/1f1f5_1f1f0.png\"\/><img loading=\"lazy\" decoding=\"async\" height=\"16\" width=\"16\" alt=\"\u2708\ufe0f\" src=\"https:\/\/static.xx.fbcdn.net\/images\/emoji.php\/v9\/tb6\/1\/16\/2708.png\"\/> Voos para Paquist\u00e3o e \u00cdndia s\u00e3o cancelados ap\u00f3s intensifica\u00e7\u00e3o do conflito; companhias a\u00e9reas, como Emirates, Etihad e Qatar Airways suspenderam viagens devido ao fechamento do espa\u00e7o a\u00e9reo em partes da \u00cdndia<\/p>\n\n\n\n<p><img loading=\"lazy\" decoding=\"async\" height=\"16\" width=\"16\" alt=\"\ud83c\uddee\ud83c\uddf3\" src=\"https:\/\/static.xx.fbcdn.net\/images\/emoji.php\/v9\/tb3\/1\/16\/1f1ee_1f1f3.png\"\/><img loading=\"lazy\" decoding=\"async\" height=\"16\" width=\"16\" alt=\"\ud83c\uddf5\ud83c\uddf0\" src=\"https:\/\/static.xx.fbcdn.net\/images\/emoji.php\/v9\/t5f\/1\/16\/1f1f5_1f1f0.png\"\/> Autoridades da Caxemira ordenam retirada de cidad\u00e3os ap\u00f3s ataques da \u00cdndia; vice-governador Manoj Sinha orientou os distritos a transferirem os moradores de &#8220;\u00e1reas vulner\u00e1veis \u200b\u200bpara locais mais seguros&#8221;<\/p>\n\n\n\n<p><img loading=\"lazy\" decoding=\"async\" height=\"16\" width=\"16\" alt=\"\ud83c\uddf5\ud83c\uddf0\" src=\"https:\/\/static.xx.fbcdn.net\/images\/emoji.php\/v9\/t5f\/1\/16\/1f1f5_1f1f0.png\"\/><img loading=\"lazy\" decoding=\"async\" height=\"16\" width=\"16\" alt=\"\ud83c\uddee\ud83c\uddf3\" src=\"https:\/\/static.xx.fbcdn.net\/images\/emoji.php\/v9\/tb3\/1\/16\/1f1ee_1f1f3.png\"\/> Paquist\u00e3o busca evitar \u201cguerra total\u201d, diz ministro da defesa; Khawaja Muhammad Asif afirma que a \u00cdndia enviou um &#8220;convite para expandir o conflito&#8221; e que o Paquist\u00e3o est\u00e1 preparado para o que vier<\/p>\n\n\n\n<p><img loading=\"lazy\" decoding=\"async\" height=\"16\" width=\"16\" alt=\"\ud83c\uddf8\ud83c\uddfe\" src=\"https:\/\/static.xx.fbcdn.net\/images\/emoji.php\/v9\/t57\/1\/16\/1f1f8_1f1fe.png\"\/><img loading=\"lazy\" decoding=\"async\" height=\"16\" width=\"16\" alt=\"\ud83c\uddee\ud83c\uddf1\" src=\"https:\/\/static.xx.fbcdn.net\/images\/emoji.php\/v9\/tb1\/1\/16\/1f1ee_1f1f1.png\"\/> S\u00edria confirma negocia\u00e7\u00f5es indiretas com Israel para reduzir tens\u00f5es; o presidente interino do pa\u00eds, Ahmed al-Sharaa, confirmou nesta quarta-feira (7) que seu governo est\u00e1 envolvido em negocia\u00e7\u00f5es indiretas com Israel, com o objetivo de \u201creduzir tens\u00f5es e evitar que a situa\u00e7\u00e3o saia do controle para todas as partes envolvidas\u201d; a declara\u00e7\u00e3o foi feita durante uma coletiva de imprensa em Paris, ao lado do presidente franc\u00eas, Emmanuel Macron<\/p>\n\n\n\n<p><img loading=\"lazy\" decoding=\"async\" height=\"16\" width=\"16\" alt=\"\ud83c\uddfa\ud83c\uddf8\" src=\"https:\/\/static.xx.fbcdn.net\/images\/emoji.php\/v9\/t93\/1\/16\/1f1fa_1f1f8.png\"\/> Trump descarta retirar tarifas de 145% sob produtos da China e oferece ajuda para \u00cdndia e Paquist\u00e3o; o presidente dos EUA tamb\u00e9m lan\u00e7ou cr\u00edticas indiretas ao governo chin\u00eas, ao comentar sobre rodada de negocia\u00e7\u00f5es bilaterais, que deve iniciar neste s\u00e1bado na Su\u00ed\u00e7a<\/p>\n\n\n\n<p><img loading=\"lazy\" decoding=\"async\" height=\"16\" width=\"16\" alt=\"\ud83c\uddfa\ud83c\uddf8\" src=\"https:\/\/static.xx.fbcdn.net\/images\/emoji.php\/v9\/t93\/1\/16\/1f1fa_1f1f8.png\"\/> Manifestantes anti-Israel invadem biblioteca da Universidade de Columbia, em Nova York, nos Estados Unidos, expulsando estudantes que se preparavam para os exames finais; o grupo, composto por mais de 100 indiv\u00edduos mascarados, assumiu o controle de parte da instala\u00e7\u00e3o e declarou o local como uma &#8220;Zona de Liberta\u00e7\u00e3o&#8221;, segundo informa\u00e7\u00f5es da Fox News<\/p>\n\n\n\n<p><img loading=\"lazy\" decoding=\"async\" height=\"16\" width=\"16\" alt=\"\ud83c\uddfa\ud83c\uddf8\" src=\"https:\/\/static.xx.fbcdn.net\/images\/emoji.php\/v9\/t93\/1\/16\/1f1fa_1f1f8.png\"\/> FBI prende 205 predadores sexuais de crian\u00e7as, nos EUA, durante uma \u201copera\u00e7\u00e3o nacional hist\u00f3rica e sem precedentes\u201d que colocou 115 v\u00edtimas em seguran\u00e7a em apenas cinco dias, segundo disse nesta quarta-feira (7) a procuradora-geral, Pam Bondi<\/p>\n\n\n\n<p><img loading=\"lazy\" decoding=\"async\" height=\"16\" width=\"16\" alt=\"\ud83c\uddf5\ud83c\uddea\" src=\"https:\/\/static.xx.fbcdn.net\/images\/emoji.php\/v9\/t71\/1\/16\/1f1f5_1f1ea.png\"\/> Jornalista \u00e9 assassinado na Amaz\u00f4nia peruana; Ra\u00fal Celis L\u00f3pez \u00e9 o segundo profissional da comunica\u00e7\u00e3o morto a tiros por criminosos no Peru este ano<\/p>\n\n\n\n<p><img loading=\"lazy\" decoding=\"async\" height=\"16\" width=\"16\" alt=\"\ud83c\udde7\ud83c\uddf4\" src=\"https:\/\/static.xx.fbcdn.net\/images\/emoji.php\/v9\/t86\/1\/16\/1f1e7_1f1f4.png\"\/> Ju\u00edza que anulou mandado de pris\u00e3o contra Evo Morales \u00e9 detida na Bol\u00edvia; Lilian Moreno ser\u00e1 enviada para Complexo Penitenci\u00e1rio de Palmasola, na cidade de Santa Cruz de la Sierra<\/p>\n\n\n\n<p><img loading=\"lazy\" decoding=\"async\" height=\"16\" width=\"16\" alt=\"\ud83c\udf0d\" src=\"https:\/\/static.xx.fbcdn.net\/images\/emoji.php\/v9\/t3f\/1\/16\/1f30d.png\"\/> EVENTOS HIST\u00d3RICOS DO DIA<\/p>\n\n\n\n<p>-1794: Antoine Lavoisier, um dos maiores qu\u00edmicos da hist\u00f3ria da ci\u00eancia, \u00e9 guilhotinado durante a Revolu\u00e7\u00e3o Francesa<\/p>\n\n\n\n<p>-1878: Funda\u00e7\u00e3o de O Fluminense, um jornal di\u00e1rio de not\u00edcias brasileiro<\/p>\n\n\n\n<p>-1886: O farmac\u00eautico John Pemberton vende pela primeira vez uma bebida carbonada chamada &#8220;Coca-Cola&#8221; como medicamento de venda livre<\/p>\n\n\n\n<p>-1902: Na Martinica, o Monte Pel\u00e9e entra em erup\u00e7\u00e3o, destruindo a cidade de Saint-Pierre e matando mais de 30 mil pessoas. Poucos moradores sobreviveram \u00e0 explos\u00e3o<\/p>\n\n\n\n<p>-1912: Funda\u00e7\u00e3o da Paramount Pictures<\/p>\n\n\n\n<p>-1927: Tentando fazer o primeiro voo transatl\u00e2ntico sem escalas de Paris a Nova York, os her\u00f3is de guerra franceses Charles Nungesser e Fran\u00e7ois Coli desaparecem ap\u00f3s decolar a bordo do biplano The White Bird<\/p>\n\n\n\n<p>-1945: Segunda Guerra Mundial: Dia da Vit\u00f3ria, o combate termina na Europa. As for\u00e7as alem\u00e3s concordam em Reims, Fran\u00e7a, com uma rendi\u00e7\u00e3o incondicional<\/p>\n\n\n\n<p>-1970: Os Beatles lan\u00e7am seu 12\u00b0 e \u00faltimo \u00e1lbum de est\u00fadio, Let It Be<\/p>\n\n\n\n<p>-1984: A Uni\u00e3o Sovi\u00e9tica anuncia um boicote aos Jogos Ol\u00edmpicos de Ver\u00e3o em Los Angeles, EUA, posteriormente acompanhado por outros 14 pa\u00edses<\/p>\n\n\n\n<p>Essas s\u00e3o algumas not\u00edcias do dia <img loading=\"lazy\" decoding=\"async\" height=\"16\" width=\"16\" alt=\"\u2705\" src=\"https:\/\/static.xx.fbcdn.net\/images\/emoji.php\/v9\/t33\/1\/16\/2705.png\"\/><\/p>\n\n\n\n<p>Autor: Roberto Vieira Filho <img loading=\"lazy\" decoding=\"async\" height=\"16\" width=\"16\" alt=\"\ud83c\udde7\ud83c\uddf7\" src=\"https:\/\/static.xx.fbcdn.net\/images\/emoji.php\/v9\/t9\/1\/16\/1f1e7_1f1f7.png\"\/><img loading=\"lazy\" decoding=\"async\" height=\"16\" width=\"16\" alt=\"\ud83c\udf0e\" src=\"https:\/\/static.xx.fbcdn.net\/images\/emoji.php\/v9\/tc0\/1\/16\/1f30e.png\"\/><\/p>\n\n\n\n<p>Bom Dia!!! <img loading=\"lazy\" decoding=\"async\" height=\"16\" width=\"16\" alt=\"\ud83d\udc4d\ud83c\udffc\" src=\"https:\/\/static.xx.fbcdn.net\/images\/emoji.php\/v9\/tf8\/1\/16\/1f44d_1f3fc.png\"\/><img loading=\"lazy\" decoding=\"async\" height=\"16\" width=\"16\" alt=\"\ud83d\ude09\" src=\"https:\/\/static.xx.fbcdn.net\/images\/emoji.php\/v9\/t57\/1\/16\/1f609.png\"\/><\/p>\n\n\n\n<p>Compartilhado por <a href=\"https:\/\/www.facebook.com\/litoral24h?__cft__[0]=AZUG6Yr418Z65AqP_cPxDILohlF7zpWMOKweA3yi3X5P5NDRYUoZM0ZUsUbocp6sAwzsigf4vivxDPSwRCbMTmvzmfVo2i3Gz6zpM9D7nGmpPTz2tVNc7175uESoZnQFVdES5uXmlqf3NCYYLqiE4Z6o90YcPfP8JuZEPBrpW1q7SXISTxXn-JXmLe52pfEe2ME&amp;__tn__=-]K-R\">Litoral 24h Online<\/a><\/p>\n\n\n\n<p><\/p>\n","protected":false},"excerpt":{"rendered":"<p>NOT\u00cdCIAS DO DIA &#8211; ANO 9 n\u00b0 3092 Dia 8 de Maio de 2025, Quinta-Feira DATAS COMEMORATIVAS Dia da Vit\u00f3ria Dia do Artista Pl\u00e1stico Dia do Profissional de Marketing Dia Nacional das Hemoglobinopatias Dia Nacional do Turismo Dia Internacional da Cruz Vermelha Dia Internacional da Talassemia Dia Mundial de Combate ao C\u00e2ncer de Ov\u00e1rio TEMPERATURA [&hellip;]<\/p>\n","protected":false},"author":12,"featured_media":0,"comment_status":"open","ping_status":"open","sticky":false,"template":"","format":"standard","meta":{"footnotes":""},"categories":[9],"tags":[],"class_list":["post-154295","post","type-post","status-publish","format-standard","hentry","category-engracadas"],"_links":{"self":[{"href":"https:\/\/www.largadoemguarapari.com.br\/13largado\/wp-json\/wp\/v2\/posts\/154295","targetHints":{"allow":["GET"]}}],"collection":[{"href":"https:\/\/www.largadoemguarapari.com.br\/13largado\/wp-json\/wp\/v2\/posts"}],"about":[{"href":"https:\/\/www.largadoemguarapari.com.br\/13largado\/wp-json\/wp\/v2\/types\/post"}],"author":[{"embeddable":true,"href":"https:\/\/www.largadoemguarapari.com.br\/13largado\/wp-json\/wp\/v2\/users\/12"}],"replies":[{"embeddable":true,"href":"https:\/\/www.largadoemguarapari.com.br\/13largado\/wp-json\/wp\/v2\/comments?post=154295"}],"version-history":[{"count":1,"href":"https:\/\/www.largadoemguarapari.com.br\/13largado\/wp-json\/wp\/v2\/posts\/154295\/revisions"}],"predecessor-version":[{"id":154296,"href":"https:\/\/www.largadoemguarapari.com.br\/13largado\/wp-json\/wp\/v2\/posts\/154295\/revisions\/154296"}],"wp:attachment":[{"href":"https:\/\/www.largadoemguarapari.com.br\/13largado\/wp-json\/wp\/v2\/media?parent=154295"}],"wp:term":[{"taxonomy":"category","embeddable":true,"href":"https:\/\/www.largadoemguarapari.com.br\/13largado\/wp-json\/wp\/v2\/categories?post=154295"},{"taxonomy":"post_tag","embeddable":true,"href":"https:\/\/www.largadoemguarapari.com.br\/13largado\/wp-json\/wp\/v2\/tags?post=154295"}],"curies":[{"name":"wp","href":"https:\/\/api.w.org\/{rel}","templated":true}]}}