
{"id":159766,"date":"2025-09-01T07:03:59","date_gmt":"2025-09-01T10:03:59","guid":{"rendered":"https:\/\/www.largadoemguarapari.com.br\/13largado\/?p=159766"},"modified":"2025-09-01T07:03:59","modified_gmt":"2025-09-01T10:03:59","slug":"noticias-do-dia-741","status":"publish","type":"post","link":"https:\/\/www.largadoemguarapari.com.br\/13largado\/noticias-do-dia-741\/","title":{"rendered":"NOT\u00cdCIAS DO DIA"},"content":{"rendered":"\n<p>\u2705 NOT\u00cdCIAS DO DIA &#8211; ANO 9 n\u00b0 3208<br \/>Dia 1 de Setembro de 2025, Segunda-Feira<\/p>\n\n\n\n<p>DATAS COMEMORATIVAS<br \/>In\u00edcio da Semana da P\u00e1tria<br \/>Dia da Bailarina<br \/>Dia do Caixeiro Viajante<br \/>Dia do Corinthians<br \/>Dia do M\u00e9dico Endocrinologista<br \/>Dia do Profissional de Educa\u00e7\u00e3o F\u00edsica<br \/>Dia Mundial de Ora\u00e7\u00e3o pelo Cuidado da Cria\u00e7\u00e3o<br \/>In\u00edcio do Setembro Amarelo &#8211; Preven\u00e7\u00e3o do Suic\u00eddio<br \/>In\u00edcio do Setembro Verde &#8211; Doa\u00e7\u00e3o de \u00d3rg\u00e3os<\/p>\n\n\n\n<p>TEMPERATURA E INDICADORES FINANCEIROS<br \/>\u26c5 M\u00edn 24\u00b0 M\u00e1x 32\u00b0 (Boa Vista-RR)<br \/>\ud83d\udcb5 D\u00f3lar Com \u2b06\ufe0f 0,29% R$ 5,42<br \/>\ud83d\udcb6 Euro \u2b06\ufe0f 0,43% R$ 6,34<br \/>\ud83d\udcca Ibovespa \u2b06\ufe0f 0,26% 141.422 pts<br \/>\ud83e\ude99 Bitcoin \u2b06\ufe0f 0,2% R$ 593.253,00<br \/>\ud83d\udcb2IPCA \u2b06\ufe0f 0,26% Julho de 2025<br \/>\ud83d\udcb2SELIC \u2b06\ufe0f 15% 30 de Julho de 2025<br \/>\ud83d\udfe8 Ouro (grama) \u2b06\ufe0f R$ 615,45<\/p>\n\n\n\n<p>Colabore voluntariamente com o Informativo Di\u00e1rio &#8220;NOT\u00cdCIAS DO DIA &#8211; FISHING NEWS&#8221;<br \/>PIX (41) 99646-0100<\/p>\n\n\n\n<p>\ud83c\udde7\ud83c\uddf7\ud83d\udcf0 NOT\u00cdCIAS NACIONAIS<\/p>\n\n\n\n<!--more-->\n\n\n\n<p>\ud83c\udde7\ud83c\uddf7\ud83c\uddfa\ud83c\uddf8 Embaixada dos Estados Unidos no Brasil alerta para combate a fraudes e imigra\u00e7\u00e3o ilegal; governo norte-americano anunciou que irregularidades em vistos podem impedir entrada no pa\u00eds &#8220;por toda a vida&#8221;<\/p>\n\n\n\n<p>\ud83c\udde7\ud83c\uddf7\ud83d\udc65 Nordeste lidera inscri\u00e7\u00f5es para o Enem com mais de 1,7 milh\u00e3o de participantes; regi\u00e3o contabilizou 1.737.789 inscri\u00e7\u00f5es, das quais 587.935 pertencem a estudantes que est\u00e3o finalizando o ensino m\u00e9dio<\/p>\n\n\n\n<p>\ud83c\udde7\ud83c\uddf7\ud83d\udc65 Comiss\u00e3o Parlamentar Mista de Inqu\u00e9rito (CPMI) do INSS ouve o advogado Eli Cohen, que conduziu investiga\u00e7\u00e3o particular e ajudou a revelar o esquema de descontos ilegais a aposentadorias e pens\u00f5es de segurados do Instituto Nacional do Seguro Social<\/p>\n\n\n\n<p>\ud83d\udc65 INSS volta a exigir autoriza\u00e7\u00e3o judicial para empr\u00e9stimo a incapaz; consignados contratados antes de nova norma n\u00e3o ser\u00e3o anulados<\/p>\n\n\n\n<p>\u2696\ufe0f STF confirma decis\u00e3o de Toffoli e anula atos da Lava Jato contra Paulo Bernardo; a Segunda Turma do Supremo Tribunal Federal confirmou, em julgamento virtual, a anula\u00e7\u00e3o de todos os atos da Opera\u00e7\u00e3o Lava Jato e do ent\u00e3o juiz Sergio Moro contra o ex-ministro do Planejamento; tr\u00eas ministros votaram a favor da anula\u00e7\u00e3o, enquanto dois se posicionaram contra; Gilmar Mendes e Kassio Nunes acompanharam o voto do relator Dias Toffoli; Andr\u00e9 Mendon\u00e7a e Edson Fachin divergiram<\/p>\n\n\n\n<p>\u2696\ufe0f Moraes autoriza visita de Damares a Bolsonaro, mas refor\u00e7a que ve\u00edculo ser\u00e1 revistado na sa\u00edda; encontro acontece na v\u00e9spera do julgamento da suposta trama golpista pela Primeira Turma do STF<\/p>\n\n\n\n<p>\u2696\ufe0f Supermercado n\u00e3o pode ser obrigado a oferecer sacolinhas, decide STF; em julgamento virtual, o Supremo Tribunal Federal decidiu, por unanimidade, derrubar uma lei do estado da Para\u00edba que obrigava supermercados e outros estabelecimentos comerciais a oferecer sacolas para que os clientes levem os itens adquiridos<\/p>\n\n\n\n<p>\ud83d\ude94 Pol\u00edcia Federal prende dois tripulantes de avi\u00e3o com droga; aeronave fez pouso for\u00e7ado no munic\u00edpio de Santana do Araguaia, no Par\u00e1 e cerca de 430 quilos de pasta base de coca\u00edna foram apreendidos<\/p>\n\n\n\n<p>\ud83d\udcb2Tarifas fazem confian\u00e7a da ind\u00fastria exportadora no Brasil desabar, diz Confedera\u00e7\u00e3o Nacional da Ind\u00fastria (CNI); entre junho e agosto, \u00edndice calculado pela confedera\u00e7\u00e3o caiu de 50,2 pontos para 45,6, indicando sinal de falta de confian\u00e7a<\/p>\n\n\n\n<p>\u2600\ufe0f Cidade de S\u00e3o Paulo tem agosto mais seco desde 2020; acumulado de chuva ficou em menos da metade do esperado para o m\u00eas<\/p>\n\n\n\n<p>\u2600\ufe0f Setembro chega com onda de calor no pa\u00eds; temperaturas podem bater at\u00e9 40\u00b0C; previs\u00e3o \u00e9 que o ar quente predomine na primeira quinzena do m\u00eas; \u00e1reas do Sudeste devem chegar a m\u00e1ximas de 34\u00b0C e 37\u00b0C, de acordo com o Climatempo<\/p>\n\n\n\n<p>CI\u00caNCIA e TECNOLOGIA<\/p>\n\n\n\n<p>\ud83d\udef3\ufe0f Busca pelo Titanic escondia miss\u00e3o militar ultrassecreta; descoberta de destro\u00e7os do naufr\u00e1gio mais famoso do mundo completa 40 anos neste 1\u00ba de setembro<\/p>\n\n\n\n<p>\ud83d\udc65 Cientistas superaquecem o ouro e quebram teoria da f\u00edsica com mais de 40 anos; uma descoberta publicada na revista Nature colocou em xeque um dos pilares da f\u00edsica; cientistas conseguiram provocar o superaquecimento do ouro, levando-o a temperaturas extremas sem que o metal perdesse sua estrutura s\u00f3lida; trata-se de um feito que desafia a chamada &#8220;Cat\u00e1strofe da Entropia&#8221;, teoria aceita como limite termodin\u00e2mico h\u00e1 mais de quatro d\u00e9cadas<\/p>\n\n\n\n<p>\ud83d\udef0\ufe0f Cora\u00e7\u00e3o de borboleta c\u00f3smica pode revelar mist\u00e9rio da forma\u00e7\u00e3o de planetas; novas imagens da Nebulosa da Borboleta (NGC 6302), localizada a cerca de 3.400 anos-luz de dist\u00e2ncia, foram capturadas com o Telesc\u00f3pio Espacial James Webb<\/p>\n\n\n\n<p>ESPORTES<\/p>\n\n\n\n<p>\u26bd Campeonato Brasileiro<br \/>S\u00e9rie A, 22\u00aa rodada:<br \/>Flamengo 1&#215;1 Gr\u00eamio<br \/>Santos 0x0 Fluminense<br \/>Corinthians 1&#215;1 Palmeiras<br \/>Mirassol 5&#215;1 Bahia<br \/>Vit\u00f3ria 1&#215;0 Atl\u00e9tico-MG<br \/>Internacional 2&#215;1 Fortaleza<br \/>Sport 2&#215;3 Vasco<\/p>\n\n\n\n<p>S\u00e9rie B, 24\u00aa rodada:<br \/>Atl\u00e9tico-GO 2&#215;0 Amazonas<br \/>Volta Redonda 0x2 Athletic Club<\/p>\n\n\n\n<p>\u26bd Brasileiro de Futebol Feminino ter\u00e1 final in\u00e9dita entre Corinthians e Cruzeiro; pelo fato de ter vencido o jogo de ida e volta das quartas de final e empatado com o S\u00e3o Paulo no jogo de volta de semifinal, o Corinthians vai ter a chance de decidir o t\u00edtulo em partida dentro de casa<\/p>\n\n\n\n<p>\u26bd\ud83d\udc64Nottingham Forest anuncia contrata\u00e7\u00e3o do goleiro John, ex-Botafogo; campe\u00e3o da Libertadores pelo Glorioso assinou v\u00ednculo de tr\u00eas anos com o clube ingl\u00eas<\/p>\n\n\n\n<p>\ud83c\udfc0\ud83e\udd47Brasil bate a Argentina por 55 a 47 e \u00e9 campe\u00e3o da Copa Am\u00e9rica de Basquete Masculino, torneio disputado em Man\u00e1gua, capital da Nicar\u00e1gua; em reedi\u00e7\u00e3o da final de 2022, sele\u00e7\u00e3o de Aleksandar Petrovic domina a decis\u00e3o e conquista o seu quinto t\u00edtulo continental<\/p>\n\n\n\n<p>\ud83c\udfd0 Brasil toma susto, mas vira diante de dominicanas e vai \u00e0s quartas do Mundial feminino de v\u00f4lei; brasileiras saem atr\u00e1s, mas arrancam virada para vencer a Rep\u00fablica Dominicana nas oitavas de final; com o triunfo, a sele\u00e7\u00e3o se classificou para encarar a Fran\u00e7a nas quartas de final de Bangkok, na Tail\u00e2ndia<\/p>\n\n\n\n<p>\ud83e\udd4b\ud83e\udd47Brasileira supera campe\u00e3 ol\u00edmpica e vence Grand Prix de taekwondo; Maria Clara Pacheco ganha etapa do circuito pela segunda vez no ano<\/p>\n\n\n\n<p>\ud83d\udeb4\ud83c\udffd\u200d\u2642\ufe0f\ud83e\udd47 Lauro Chaman leva tricampeonato Mundial de Paraciclismo na B\u00e9lgica; paulista repete feitos de 2017 e 2021 e bate campe\u00e3o ol\u00edmpico de Paris<\/p>\n\n\n\n<p>\ud83c\udfce\ufe0f F\u00f3rmula 1, GP da Holanda: Piastri vence com abandonos de Norris e Ferraris; Max Verstappen chega em segundo lugar e em terceiro, o calouro da RB, Isack Hadjar; Gabriel Bortoleto chegou em 15\u00ba<\/p>\n\n\n\n<p>\ud83c\udf0d\ud83d\udcf0 NOT\u00cdCIAS INTERNACIONAIS<\/p>\n\n\n\n<p>\ud83c\uddfb\ud83c\udde6 Papa Le\u00e3o pede fim da &#8220;pandemia de armas&#8221; ap\u00f3s tiroteio nos EUA; ataque a tiros em escola cat\u00f3lica deixou duas crian\u00e7as mortas em Minnesota<\/p>\n\n\n\n<p>\ud83c\uddea\ud83c\uddfa\ud83c\uddfa\ud83c\udde6 Europa tem planos &#8220;precisos&#8221; para enviar tropas \u00e0 Ucr\u00e2nia, diz chefe da Uni\u00e3o Europeia (UE); em entrevista ao Financial Times publicada neste domingo (31), Ursula von der Leyen diz que planos fazem parte de garantias de seguran\u00e7a p\u00f3s-conflito<\/p>\n\n\n\n<p>\ud83c\uddf7\ud83c\uddfa R\u00fassia diz que Europa atrapalha esfor\u00e7os de Trump por paz na Ucr\u00e2nia; porta-voz do Kremlin, Dmitry Peskov, disse \u00e0 m\u00eddia estatal russa que Moscou continuar\u00e1 guerra at\u00e9 ver sinais reais de que Kiev est\u00e1 pronta para acordo<\/p>\n\n\n\n<p>\ud83c\uddee\ud83c\uddf1 Netanyahu convoca reuni\u00e3o para discutir ofensiva iminente na Cidade de Gaza; governo israelense enfrenta crescente press\u00e3o internacional e oposi\u00e7\u00e3o interna sem precedentes, at\u00e9 mesmo dos pr\u00f3prios l\u00edderes de seguran\u00e7a do pa\u00eds<\/p>\n\n\n\n<p>\ud83c\uddee\ud83c\uddf1\ud83c\uddf5\ud83c\uddf8 Israel diz ter matado porta-voz do Hamas em novo ataque a Gaza; premi\u00ea israelense Benjamin Netanyahu j\u00e1 havia dito que Abu Ubaida foi alvo de uma opera\u00e7\u00e3o conjunta realizada pelos militares e pelo servi\u00e7o de intelig\u00eancia dom\u00e9stica Shin Bet<\/p>\n\n\n\n<p>\ud83c\uddfa\ud83c\uddf3\ud83c\uddee\ud83c\uddf7 Ir\u00e3 pode ter san\u00e7\u00f5es da ONU restauradas devido a programa nuclear; pa\u00edses europeus acusam regime iraniano de n\u00e3o respeitar termos de acordo; retomada de restri\u00e7\u00f5es ser\u00e1 votada no Conselho de Seguran\u00e7a<\/p>\n\n\n\n<p>\ud83c\uddee\ud83c\uddf3\ud83c\udde8\ud83c\uddf3 Reuni\u00e3o Xi e Modi: \u00cdndia e China dizem que s\u00e3o parceiros, n\u00e3o rivais; l\u00edderes chin\u00eas e indiano se encontraram pela primeira vez em sete anos em evento, que tamb\u00e9m teve a presen\u00e7a de Vladimir Putin<\/p>\n\n\n\n<p>\ud83c\udde8\ud83c\uddf3 Desfile militar na China vai revelar nova gera\u00e7\u00e3o de armas do pa\u00eds; evento vai celebrar o 80\u00ba anivers\u00e1rio do fim da Segunda Guerra Mundial; Kim Jong-un e Vladimir Putin estar\u00e3o entre os espectadores<\/p>\n\n\n\n<p>\ud83c\uddee\ud83c\udde9 Presidente da Indon\u00e9sia, Prabowo Subianto, chama ondas de protesto de \u201cterrorismo\u201d e \u201ctrai\u00e7\u00e3o\u201d; a onda de revolta popular teve in\u00edcio ap\u00f3s o an\u00fancio de um aumento salarial para os deputados indon\u00e9sios; os atos resultaram tamb\u00e9m em epis\u00f3dios de viol\u00eancia, com ataques a pr\u00e9dios governamentais, ve\u00edculos queimados e invas\u00f5es a delegacias<\/p>\n\n\n\n<p>\ud83c\uddfa\ud83c\uddf8\ud83c\udde8\ud83c\uddf3 EUA investigam empresa de c\u00e2meras suspeitas de la\u00e7o com Partido Comunista Chin\u00eas; o governo da Fl\u00f3rida iniciou uma investiga\u00e7\u00e3o contra a fabricante de c\u00e2meras de seguran\u00e7a Lorex, sob suspeita de liga\u00e7\u00f5es com o Partido Comunista Chin\u00eas e de poss\u00edveis falhas na prote\u00e7\u00e3o da privacidade dos consumidores, segundo informa\u00e7\u00f5es publicadas pelo jornal National Review<\/p>\n\n\n\n<p>\ud83c\uddfa\ud83c\uddf8 Trump assinar\u00e1 decreto exigindo documentos de identidade de eleitores; presidente americano tamb\u00e9m quer acabar com vota\u00e7\u00e3o por correio e defende apenas as c\u00e9dulas impressas como forma segura nas elei\u00e7\u00f5es<\/p>\n\n\n\n<p>\ud83c\udde6\ud83c\uddfa Homem \u00e9 preso ap\u00f3s acidente de carro com consulado russo em Sydney, Austr\u00e1lia; pol\u00edcia de Nova Gales do Sul informou em um comunicado que os policiais responderam pouco depois das 8h (19 de Bras\u00edlia) a relatos de um ve\u00edculo n\u00e3o autorizado estacionado na entrada de um endere\u00e7o na Rua Fullerton que correspondia \u00e0 localiza\u00e7\u00e3o do consulado russo<\/p>\n\n\n\n<p>\ud83c\udf0d EVENTOS HIST\u00d3RICOS DO DIA<\/p>\n\n\n\n<p>-1804: Juno, um dos maiores asteroides do cintur\u00e3o principal, \u00e9 descoberto pelo astr\u00f4nomo alem\u00e3o Karl Ludwig Harding<\/p>\n\n\n\n<p>-1902: \u00c9 lan\u00e7ado na Fran\u00e7a o filme Viagem \u00e0 Lua, de Georges M\u00e9li\u00e8s, considerado o primeiro filme de fic\u00e7\u00e3o cient\u00edfica<\/p>\n\n\n\n<p>-1910: \u00c9 fundado o Sport Club Corinthians Paulista<\/p>\n\n\n\n<p>-1923: O grande sismo de Kant\u00f5, no Jap\u00e3o, devasta T\u00f3quio e Yokohama, matando cerca de 105 mil pessoas<\/p>\n\n\n\n<p>-1952: Publicado pela primeira vez o romance vencedor do Pr\u00eamio Pulitzer, de Ernest Hemingway, O Velho e o Mar<\/p>\n\n\n\n<p>-1969: A Rede Globo estreia o Jornal Nacional<\/p>\n\n\n\n<p>-1983: Guerra Fria: o voo KAL 007, um Boeing 747, \u00e9 abatido por um ca\u00e7a a jato da Uni\u00e3o Sovi\u00e9tica quando o avi\u00e3o comercial entra no espa\u00e7o a\u00e9reo sovi\u00e9tico, matando todos os 269 a bordo<\/p>\n\n\n\n<p>-1985: S\u00e3o encontrados, pela primeira vez, restos do Titanic, por uma expedi\u00e7\u00e3o americana e francesa<\/p>\n\n\n\n<p>-1991: O Uzbequist\u00e3o declara independ\u00eancia da Uni\u00e3o Sovi\u00e9tica<\/p>\n\n\n\n<p>-2019: Furac\u00e3o Dorian atinge as Bahamas como tempestade de categoria 5 e mata pelo menos 50 pessoas<\/p>\n\n\n\n<p>Essas s\u00e3o algumas not\u00edcias do dia \u2705<br \/>Autor: Roberto Vieira Filho \ud83c\udde7\ud83c\uddf7\ud83c\udf0e<br \/>Bom Dia!!! \ud83d\udc4d\ud83c\udffc\ud83d\ude09<\/p>\n","protected":false},"excerpt":{"rendered":"<p>\u2705 NOT\u00cdCIAS DO DIA &#8211; ANO 9 n\u00b0 3208Dia 1 de Setembro de 2025, Segunda-Feira DATAS COMEMORATIVASIn\u00edcio da Semana da P\u00e1triaDia da BailarinaDia do Caixeiro ViajanteDia do CorinthiansDia do M\u00e9dico EndocrinologistaDia do Profissional de Educa\u00e7\u00e3o F\u00edsicaDia Mundial de Ora\u00e7\u00e3o pelo Cuidado da Cria\u00e7\u00e3oIn\u00edcio do Setembro Amarelo &#8211; Preven\u00e7\u00e3o do Suic\u00eddioIn\u00edcio do Setembro Verde &#8211; Doa\u00e7\u00e3o [&hellip;]<\/p>\n","protected":false},"author":12,"featured_media":0,"comment_status":"open","ping_status":"open","sticky":false,"template":"","format":"standard","meta":{"footnotes":""},"categories":[9],"tags":[],"class_list":["post-159766","post","type-post","status-publish","format-standard","hentry","category-engracadas"],"_links":{"self":[{"href":"https:\/\/www.largadoemguarapari.com.br\/13largado\/wp-json\/wp\/v2\/posts\/159766","targetHints":{"allow":["GET"]}}],"collection":[{"href":"https:\/\/www.largadoemguarapari.com.br\/13largado\/wp-json\/wp\/v2\/posts"}],"about":[{"href":"https:\/\/www.largadoemguarapari.com.br\/13largado\/wp-json\/wp\/v2\/types\/post"}],"author":[{"embeddable":true,"href":"https:\/\/www.largadoemguarapari.com.br\/13largado\/wp-json\/wp\/v2\/users\/12"}],"replies":[{"embeddable":true,"href":"https:\/\/www.largadoemguarapari.com.br\/13largado\/wp-json\/wp\/v2\/comments?post=159766"}],"version-history":[{"count":1,"href":"https:\/\/www.largadoemguarapari.com.br\/13largado\/wp-json\/wp\/v2\/posts\/159766\/revisions"}],"predecessor-version":[{"id":159767,"href":"https:\/\/www.largadoemguarapari.com.br\/13largado\/wp-json\/wp\/v2\/posts\/159766\/revisions\/159767"}],"wp:attachment":[{"href":"https:\/\/www.largadoemguarapari.com.br\/13largado\/wp-json\/wp\/v2\/media?parent=159766"}],"wp:term":[{"taxonomy":"category","embeddable":true,"href":"https:\/\/www.largadoemguarapari.com.br\/13largado\/wp-json\/wp\/v2\/categories?post=159766"},{"taxonomy":"post_tag","embeddable":true,"href":"https:\/\/www.largadoemguarapari.com.br\/13largado\/wp-json\/wp\/v2\/tags?post=159766"}],"curies":[{"name":"wp","href":"https:\/\/api.w.org\/{rel}","templated":true}]}}