
{"id":159795,"date":"2025-09-02T00:11:00","date_gmt":"2025-09-02T03:11:00","guid":{"rendered":"https:\/\/www.largadoemguarapari.com.br\/13largado\/?p=159795"},"modified":"2025-09-01T18:11:47","modified_gmt":"2025-09-01T21:11:47","slug":"julgamento-comeca-hoje","status":"publish","type":"post","link":"https:\/\/www.largadoemguarapari.com.br\/13largado\/julgamento-comeca-hoje\/","title":{"rendered":"JULGAMENTO COME\u00c7A HOJE"},"content":{"rendered":"<div class=\"wp-block-image\">\n<figure class=\"aligncenter size-large\"><img loading=\"lazy\" decoding=\"async\" width=\"600\" height=\"639\" src=\"https:\/\/www.largadoemguarapari.com.br\/13largado\/wp-content\/uploads\/2025\/09\/blindfolded-2025474_1280-600x639.png\" alt=\"\" class=\"wp-image-159796\" srcset=\"https:\/\/www.largadoemguarapari.com.br\/13largado\/wp-content\/uploads\/2025\/09\/blindfolded-2025474_1280-600x639.png 600w, https:\/\/www.largadoemguarapari.com.br\/13largado\/wp-content\/uploads\/2025\/09\/blindfolded-2025474_1280-282x300.png 282w, https:\/\/www.largadoemguarapari.com.br\/13largado\/wp-content\/uploads\/2025\/09\/blindfolded-2025474_1280-768x818.png 768w, https:\/\/www.largadoemguarapari.com.br\/13largado\/wp-content\/uploads\/2025\/09\/blindfolded-2025474_1280.png 1202w\" sizes=\"auto, (max-width: 600px) 100vw, 600px\" \/><\/figure>\n<\/div>\n\n\n<div style=\"height:35px\" aria-hidden=\"true\" class=\"wp-block-spacer\"><\/div>\n\n\n\n<blockquote class=\"wp-block-quote is-layout-flow wp-block-quote-is-layout-flow\">\n<blockquote class=\"wp-block-quote is-layout-flow wp-block-quote-is-layout-flow\">\n<h1 class=\"wp-block-heading\">Por que o STF \u00e9 t\u00e3o parcial contra Bolsonaro? Esse texto explica pra voc\u00ea.<\/h1>\n\n\n\n<p>Lamento inform\u00e1-lo, mas&nbsp;<strong>Supremas Cortes&nbsp;<a href=\"https:\/\/academic.oup.com\/icon\/article\/13\/1\/30\/689851\">n\u00e3o protegem a Constitui\u00e7\u00e3o<\/a>,&nbsp;tampouco figuram necessariamente entre os instrumentos de defesa dos direitos fundamentais&nbsp;e da democracia<\/strong>. Se voc\u00ea tinha essa ilus\u00e3o, detesto decepcion\u00e1-lo, mas a realidade n\u00e3o \u00e9 t\u00e3o colorida.<\/p>\n\n\n\n<div style=\"height:6px\" aria-hidden=\"true\" class=\"wp-block-spacer\"><\/div>\n\n\n\n<p><strong>Essa hip\u00f3tese se tornou popular por um \u00fanico motivo: ela \u00e9 defendida e propagada por aqueles que s\u00e3o beneficiados pela atividade desses tribunais<\/strong>. E essas pessoas s\u00e3o muito, muito poderosas.<\/p>\n\n\n\n<div style=\"height:6px\" aria-hidden=\"true\" class=\"wp-block-spacer\"><\/div>\n\n\n\n<p>Quanto \u00e0&nbsp;ideia de que&nbsp;essas&nbsp;Cortes seriam mecanismos para impedir um regime tir\u00e2nico, ela nos parece totalmente infundada e ing\u00eanua.&nbsp;Tribunais n\u00e3o t\u00eam ex\u00e9rcitos. Suas senten\u00e7as s\u00e3o folhas de papel. Logo, toda sua autoridade depende&nbsp;do acatamento volunt\u00e1rio de suas decis\u00f5es por aqueles&nbsp;que det\u00e9m a for\u00e7a militar e os or\u00e7amentos. Ora, se outros poderes muito mais poderosos em termos de for\u00e7a bruta respeitam decis\u00f5es isso n\u00e3o ocorre por imposi\u00e7\u00e3o, mas pelo&nbsp;respeito pr\u00e9vio ao sistema vigente. Em suma: Cortes Supremas que conseguem atuar em prol de liberdades fundamentais s\u00e3o a consequ\u00eancia de um regime que j\u00e1 respeita o Estado de Direito, a democracia e os direitos fundamentais, n\u00e3o sua causa.<\/p>\n\n\n\n<p><\/p>\n<\/blockquote>\n<\/blockquote>\n\n\n\n<div style=\"height:23px\" aria-hidden=\"true\" class=\"wp-block-spacer\"><\/div>\n\n\n\n<p>Quer ler a mat\u00e9ria completa?, clique aqui <a href=\"https:\/\/www.gazetadopovo.com.br\/instituto-politeia\/stf-parcial-bolsonaro\/\" target=\"_blank\" rel=\"noreferrer noopener\">GAZETA DO POVO<\/a><\/p>\n\n\n\n<div style=\"height:45px\" aria-hidden=\"true\" class=\"wp-block-spacer\"><\/div>\n","protected":false},"excerpt":{"rendered":"<p>Quer ler a mat\u00e9ria completa?, clique aqui GAZETA DO POVO<\/p>\n","protected":false},"author":10,"featured_media":0,"comment_status":"open","ping_status":"open","sticky":false,"template":"","format":"standard","meta":{"footnotes":""},"categories":[19],"tags":[],"class_list":["post-159795","post","type-post","status-publish","format-standard","hentry","category-curiosas"],"_links":{"self":[{"href":"https:\/\/www.largadoemguarapari.com.br\/13largado\/wp-json\/wp\/v2\/posts\/159795","targetHints":{"allow":["GET"]}}],"collection":[{"href":"https:\/\/www.largadoemguarapari.com.br\/13largado\/wp-json\/wp\/v2\/posts"}],"about":[{"href":"https:\/\/www.largadoemguarapari.com.br\/13largado\/wp-json\/wp\/v2\/types\/post"}],"author":[{"embeddable":true,"href":"https:\/\/www.largadoemguarapari.com.br\/13largado\/wp-json\/wp\/v2\/users\/10"}],"replies":[{"embeddable":true,"href":"https:\/\/www.largadoemguarapari.com.br\/13largado\/wp-json\/wp\/v2\/comments?post=159795"}],"version-history":[{"count":3,"href":"https:\/\/www.largadoemguarapari.com.br\/13largado\/wp-json\/wp\/v2\/posts\/159795\/revisions"}],"predecessor-version":[{"id":159800,"href":"https:\/\/www.largadoemguarapari.com.br\/13largado\/wp-json\/wp\/v2\/posts\/159795\/revisions\/159800"}],"wp:attachment":[{"href":"https:\/\/www.largadoemguarapari.com.br\/13largado\/wp-json\/wp\/v2\/media?parent=159795"}],"wp:term":[{"taxonomy":"category","embeddable":true,"href":"https:\/\/www.largadoemguarapari.com.br\/13largado\/wp-json\/wp\/v2\/categories?post=159795"},{"taxonomy":"post_tag","embeddable":true,"href":"https:\/\/www.largadoemguarapari.com.br\/13largado\/wp-json\/wp\/v2\/tags?post=159795"}],"curies":[{"name":"wp","href":"https:\/\/api.w.org\/{rel}","templated":true}]}}