
{"id":170424,"date":"2026-04-27T10:25:02","date_gmt":"2026-04-27T13:25:02","guid":{"rendered":"https:\/\/www.largadoemguarapari.com.br\/13largado\/?p=170424"},"modified":"2026-04-27T10:25:02","modified_gmt":"2026-04-27T13:25:02","slug":"noticias-do-dia-941","status":"publish","type":"post","link":"https:\/\/www.largadoemguarapari.com.br\/13largado\/noticias-do-dia-941\/","title":{"rendered":"NOT\u00cdCIAS DO DIA"},"content":{"rendered":"\n<p>\u2705 NOT\u00cdCIAS DO DIA &#8211; ANO 10 n\u00b0 3446<br \/>Dia 27 de Abril de 2026, Segunda-Feira<\/p>\n\n\n\n<p>DATAS COMEMORATIVAS<br \/>Dia da Empregada Dom\u00e9stica<br \/>Dia do C\u00f3digo Morse<br \/>Dia do Engraxate<br \/>Dia do Sacerdote<br \/>Dia Mundial da Anta<br \/>Dia Mundial do Design Gr\u00e1fico<\/p>\n\n\n\n<p>TEMPERATURA E INDICADORES FINANCEIROS<br \/>\u26c5 M\u00edn 21\u2070 M\u00e1x 34\u2070 (Rio de Janeiro-RJ)<br \/>\ud83d\udcb5 D\u00f3lar Com \u2b07\ufe0f 0,1% R$ 4,99<br \/>\ud83d\udcb6 Euro \u2b06\ufe0f 0,18% R$ 5,85<br \/>\ud83d\udcca Ibovespa \u2b07\ufe0f 0,33% 190.745 pts<br \/>\ud83e\ude99 Bitcoin \u2b06\ufe0f 1,05% R$ 390.579,75<br \/>\ud83d\udcb2IGP-M \u2b06\ufe0f 0,52% Mar\u00e7o de 2026<br \/>\ud83d\udcb2INPC \u2b06\ufe0f 0,91% Mar\u00e7o de 2026<br \/>\ud83d\udcb2IPCA \u2b06\ufe0f 0,88% Mar\u00e7o de 2026<br \/>\ud83d\udcb2SELIC \u2b06\ufe0f 14,75% 18 de Mar\u00e7o de 2026<br \/>\ud83d\udcb2TR \u2b06\ufe0f 0,17% 24 de Abril de 2026<br \/>\ud83d\udfe8 Ouro (grama) \u2b07\ufe0f R$ 754,53<br \/>Colabore voluntariamente com o Informativo Di\u00e1rio &#8220;NOT\u00cdCIAS DO DIA &#8211; FISHING NEWS&#8221;<br \/>PIX (41) 99646-0100<\/p>\n\n\n\n<p>\ud83c\udde7\ud83c\uddf7\ud83d\udcf0 NOT\u00cdCIAS NACIONAIS<\/p>\n\n\n\n<!--more-->\n\n\n\n<p>\ud83c\udde7\ud83c\uddf7\ud83d\ude9c Alckmin anuncia R$ 10 bilh\u00f5es para moderniza\u00e7\u00e3o de m\u00e1quinas agr\u00edcolas; os recursos integram uma nova modalidade do programa MOVE Brasil, voltada ao setor agropecu\u00e1rio<\/p>\n\n\n\n<p>\ud83d\udc65 Ag\u00eancia Nacional do Petr\u00f3leo, G\u00e1s Natural e Biocombust\u00edveis (ANP) aprova estudos sobre bloco no pr\u00e9-sal da Bacia de Santos; chamada de Sul de Sapinho\u00e1, \u00e1rea tem 460 quil\u00f4metros quadrados<\/p>\n\n\n\n<p>\u2696\ufe0f Dino volta a defender penas mais duras para corrup\u00e7\u00e3o de ju\u00edzes; ministro do STF defende afastamento imediato ap\u00f3s den\u00fancia em caso de den\u00fancia recebida e perda de cargo ap\u00f3s condena\u00e7\u00e3o<\/p>\n\n\n\n<p>\u2696\ufe0f\ud83d\udc65 Acordo de repara\u00e7\u00e3o de Mariana (MG) pagou R$ 14 bilh\u00f5es em indeniza\u00e7\u00f5es individuais em 2025, o maior volume j\u00e1 desembolsado em t\u00e3o pouco tempo em um \u00fanico caso no Brasil; foram 323,5 mil acordos homologados, marcando uma virada na execu\u00e7\u00e3o do pacto que extinguiu a Funda\u00e7\u00e3o Renova e redistribuiu responsabilidades entre governos e empresas<\/p>\n\n\n\n<p>\ud83d\ude94 Pol\u00edcia Federal apreende cigarros, pneus e eletr\u00f4nicos em a\u00e7\u00e3o na fronteira; opera\u00e7\u00e3o conjunta resulta na intercepta\u00e7\u00e3o de mercadorias oriundas do Paraguai e na pris\u00e3o de um suspeito em Foz do Igua\u00e7u<\/p>\n\n\n\n<p>\ud83d\udc68\ud83c\udffb\u200d\ud83d\ude92 Corpo de Bombeiros Militar do Estado do Rio de Janeiro (CBMERJ) realizou mais de oito mil salvamentos no mar em 2026; muitas ocorr\u00eancias envolviam comportamentos arriscados de banhistas<\/p>\n\n\n\n<p>\ud83c\udf28\ufe0f Chuvas na regi\u00e3o do norte do Cear\u00e1 acumulam 146 mil\u00edmetros e geram alagamento; moradores enfrentam ruas inundadas e cachoeira da Serra da Meruoca exibe intensidade ap\u00f3s temporais<\/p>\n\n\n\n<p>\u2600\ufe0f Proje\u00e7\u00f5es do El Ni\u00f1o apontam que fen\u00f4meno pode ser o mais forte em mais de um s\u00e9culo; novo fen\u00f4meno pode quebrar o recorde do El Ni\u00f1o de 2015, quando a temperatura do Pac\u00edfico alcan\u00e7ou 2,8\u00baC acima da m\u00e9dia<\/p>\n\n\n\n<p>\ud83d\udcb2\ud83d\udc65 Redu\u00e7\u00e3o de jornada vai diminuir remunera\u00e7\u00e3o, diz presidente da Associa\u00e7\u00e3o Brasileira da Ind\u00fastria de M\u00e1quinas e Equipamentos (Abimaq); Jos\u00e9 Veloso alertou que a redu\u00e7\u00e3o da jornada de trabalho no Brasil sem contrapartida de aumento de produtividade resultar\u00e1 em queda de remunera\u00e7\u00e3o e precariza\u00e7\u00e3o do emprego<\/p>\n\n\n\n<p>\ud83c\udfe6\ud83d\udcb2Banco do Brasil lan\u00e7a conta digital para uso em Portugal; ferramenta beneficia quem tem dupla cidadania ou neg\u00f3cios na Europa<\/p>\n\n\n\n<p>\ud83c\udfe8\ud83c\udfa2 Beto Carrero World investe bilh\u00f5es para criar complexo hoteleiro internacional em Santa Catarina; o parque, localizado na cidade de Penha, recebe anualmente cerca de 2,7 milh\u00f5es de visitantes, mas um plano de expans\u00e3o de R$ 2 bilh\u00f5es quer elevar esse n\u00famero, em cinco anos, para cinco milh\u00f5es; essa \u00e9 a proje\u00e7\u00e3o do CEO do parque, Alex Murad<\/p>\n\n\n\n<p>\ud83c\udfdb\ufe0f Instituto Inhotim, em Brumadinho, Minas Gerais, celebra 20 anos com inaugura\u00e7\u00e3o de tr\u00eas novas obras; considerado o maior museu a c\u00e9u aberto da Am\u00e9rica Latina, o Inhotim re\u00fane trabalhos de artistas nacionais e internacionais e uma rica flora<\/p>\n\n\n\n<p>\ud83d\udc65 Movimento escoteiro re\u00fane mais de quatro mil pessoas em evento no Rio; Grande Jogo Regional 2026 aconteceu no Aterro do Flamengo; evento contou com 4.372 crian\u00e7as, adolescentes, jovens e adultos filiados \u00e0 Uni\u00e3o dos Escoteiros do Brasil Regional Rio de Janeiro (UEB-RJ)<\/p>\n\n\n\n<p>CI\u00caNCIA e TECNOLOGIA<\/p>\n\n\n\n<p>\ud83c\udde6\ud83c\uddf6\ud83c\udde7\ud83c\uddf7 Ap\u00f3s 25 anos e 34 acampamentos extremos, cientista brasileiro com apoio da Marinha lidera pesquisas in\u00e9ditas na Ant\u00e1rtica e coloca o Brasil no topo do estudo do permafrost; com 34 acampamentos em \u00e1reas inexploradas, pesquisa brasileira revela dados in\u00e9ditos sobre o solo congelado e fortalece protagonismo cient\u00edfico nacional no continente gelado<\/p>\n\n\n\n<p>\ud83c\uddf9\ud83c\uddf7 Est\u00e1tua de m\u00e1rmore de dois metros da deusa Atena \u00e9 descoberta na Turquia; arque\u00f3logos descobriram surpreendente est\u00e1tua de m\u00e1rmore branco e rica em detalhes que representa a deusa grega Atenas, em antigo teatro de dois mil anos<\/p>\n\n\n\n<p>\ud83c\udf16\ud83d\udc65 Dylan Taylor, CEO da Voyager Technologies, prev\u00ea humanos vivendo na Lua por volta de 2032 em base com habitat infl\u00e1vel, enquanto a NASA redesenhou o programa Artemis e projeta a miss\u00e3o 4 para o primeiro pouso humano no polo sul lunar em 2028, mais de 50 anos ap\u00f3s a Apollo 17<\/p>\n\n\n\n<p>\ud83c\uddef\ud83c\uddf5\u26f0\ufe0f Cento e setenta pessoas vivem dentro de um vulc\u00e3o em Aogashima, uma pequena ilha japonesa no Oceano Pac\u00edfico que chama aten\u00e7\u00e3o pela paisagem rara, pelo isolamento e pela rotina simples de seus moradores; o lugar parece sa\u00eddo de um filme, mas funciona como uma comunidade real, com escola, servi\u00e7os b\u00e1sicos, transporte limitado e uma rela\u00e7\u00e3o di\u00e1ria com a for\u00e7a da natureza<\/p>\n\n\n\n<p>ESPORTES<\/p>\n\n\n\n<p>\u26bd Campeonato Brasileiro<br \/>S\u00e9rie A, 13\u00aa rodada:<br \/>Corinthians 1&#215;0 Vasco<br \/>Gr\u00eamio 1&#215;0 Coritiba<br \/>Athletico-PR 3&#215;1 Vit\u00f3ria<br \/>Bragantino 0x1 Palmeiras<br \/>Atl\u00e9tico-MG 0x4 Flamengo<br \/>Fluminense 2&#215;1 Chapecoense<\/p>\n\n\n\n<p>S\u00e9rie B, 6\u00aa rodada:<br \/>S\u00e3o Bernardo 1&#215;0 Goi\u00e1s<br \/>Cear\u00e1 3&#215;3 Vila Nova-GO<br \/>Oper\u00e1rio-PR 0x0 Fortaleza<br \/>Atl\u00e9tico-GO 2&#215;1 Ava\u00ed<br \/>Crici\u00fama 3&#215;1 CRB<\/p>\n\n\n\n<p>\u26bd\ud83c\udfc6 FIFA negocia com federa\u00e7\u00f5es nacionais para aumentar a premia\u00e7\u00e3o da Copa; proposta precisa ser aprovada na reuni\u00e3o do Conselho da FIFA nesta ter\u00e7a-feira (28), que antecede o 76\u00ba Congresso da FIFA em Vancouver, no Canad\u00e1<\/p>\n\n\n\n<p>\ud83c\udfc0 Bauru vence o Paulistano por 88 a 75 e for\u00e7a jogo 4 na s\u00e9rie de oitavas de final do NBB; comandado por Brite, Drag\u00e3o sobrevive e leva disputa de volta para a capital paulista<\/p>\n\n\n\n<p>\ud83c\udfc0 Corinthians vence com cesta no \u00faltimo segundo e encaminha vaga nas quartas do NBB; time paulista fez partida muito disputada contra a Unifacisa e venceu por 76 a 73<\/p>\n\n\n\n<p>\ud83c\udfbe Jo\u00e3o Fonseca cai para Rafa Jodar por 2 sets a 1 em duelo de jovens pela terceira rodada do Madrid Open; tenista brasileiro tem ataque de f\u00faria no terceiro set, perde concentra\u00e7\u00e3o e acaba sendo batido por espanhol, dando adeus em estreia no Masters 1000 no saibro madrilenho<\/p>\n\n\n\n<p>\ud83e\udd47\ud83d\udc65 Brasil vence Grand Prix de atletismo paral\u00edmpico de Rabat, no Marrocos; equipe verde e amarela somou um total de 57 medalhas na competi\u00e7\u00e3o, sendo 38 ouros, 13 pratas e seis bronzes<\/p>\n\n\n\n<p>\ud83e\udd47\ud83c\udfc3\ud83c\udfff\u200d\u2642\ufe0fQueniano se torna primeiro atleta a correr maratona abaixo de duas horas; Sebastian Sawe vence Maratona de Londres com tempo de 1h59min30s<\/p>\n\n\n\n<p>\ud83c\udf0d\ud83d\udcf0 NOT\u00cdCIAS INTERNACIONAIS<\/p>\n\n\n\n<p>\ud83c\uddfa\ud83c\udde6\ud83d\udd4d Chernobyl, maior desastre nuclear da hist\u00f3ria, completa 40 anos; aproximadamente 116.000 pessoas foram evacuadas inicialmente da zona de exclus\u00e3o, 30 quil\u00f4metros ao redor da usina, n\u00famero que chegaria a mais de 350.000 pessoas ao longo dos anos seguintes<\/p>\n\n\n\n<p>\ud83c\uddfa\ud83c\udde6 Usina de Chernobyl continua amea\u00e7ada mesmo ap\u00f3s 40 anos do desastre nuclear; estrutura ainda precisa de reparos para proteger detritos radioativos internos; local tamb\u00e9m exige constante vigil\u00e2ncia devido a ataques russos na regi\u00e3o<\/p>\n\n\n\n<p>\ud83c\uddfb\ud83c\udde6 Papa Le\u00e3o alerta sobre riscos do uso de tecnologias em ataques nucleares; no quadrag\u00e9simo anivers\u00e1rio do desastre na usina nuclear de Chernobyl, o pont\u00edfice refor\u00e7a que a natureza deve estar a servi\u00e7o da paz e n\u00e3o da guerra<\/p>\n\n\n\n<p>\ud83c\uddfa\ud83c\uddf3 Chernobyl \u00e9 &#8220;responsabilidade permanente&#8221;, diz \u00f3rg\u00e3o fiscalizador da ONU; na ocasi\u00e3o dos 40 anos do acidente nuclear de Chernobyl, o diretor da Ag\u00eancia Internacional de Energia At\u00f4mica (AIEA), Rafael Grossi, reafirma compromisso com a seguran\u00e7a das usinas ucranianas<\/p>\n\n\n\n<p>\ud83c\uddee\ud83c\uddf1\ud83c\uddf1\ud83c\udde7 Israel emite alerta de retirada para sete cidades libanesas; porta-voz das for\u00e7as armadas israelenses afirmou em um comunicado divulgado no X que o grupo armado liban\u00eas Hezbollah estava violando o cessar-fogo<\/p>\n\n\n\n<p>\ud83c\uddf5\ud83c\uddf0\ud83c\uddee\ud83c\uddf7 Delega\u00e7\u00e3o do Ir\u00e3 retorna ao Paquist\u00e3o na tentativa de desobstruir negocia\u00e7\u00f5es; o ministro das Rela\u00e7\u00f5es Exteriores do Ir\u00e3, Abbas Araqchi, retornou \u00e0 capital do Paquist\u00e3o, Islamabad, neste domingo (26) para seguir com suas consultas regionais sobre as negocia\u00e7\u00f5es de paz atualmente travadas com os EUA<\/p>\n\n\n\n<p>\ud83c\udde8\ud83c\uddf3\ud83c\uddea\ud83c\uddfa China reage com amea\u00e7as a novo pacote de san\u00e7\u00f5es da Uni\u00e3o Europeia; ap\u00f3s a Uni\u00e3o Europeia incluir v\u00e1rias empresas chinesas dentro do vig\u00e9simo pacote de san\u00e7\u00f5es contra a R\u00fassia, o governo da China amea\u00e7ou Bruxelas com repres\u00e1lias<\/p>\n\n\n\n<p>\ud83c\udde7\ud83c\udde9 Raios atingem Bangladesh e deixam pelo menos 14 mortos durante tempestades; especialistas afirmam que a aus\u00eancia de \u00e1rvores altas, que antes desviavam raios, contribui para o aumento de mortes por descargas el\u00e9tricas no pa\u00eds<\/p>\n\n\n\n<p>\ud83c\uddf0\ud83c\uddf5 Coreia do Norte reafirma apoio \u00e0s pol\u00edticas da R\u00fassia, diz m\u00eddia estatal; Kim Jong Un, l\u00edder norte-coreano, discutiu cen\u00e1rio internacional com delega\u00e7\u00e3o russa e reiterou compromisso com Moscou<\/p>\n\n\n\n<p>\ud83c\uddfa\ud83c\uddf8\ud83c\uddec\ud83c\udde7 Trump diz que visita do rei Charles aos EUA est\u00e1 mantida mesmo ap\u00f3s ataque; monarca deve se reunir nesta semana com presidente americano<\/p>\n\n\n\n<p>\ud83c\uddfa\ud83c\uddf8\ud83d\ude94 FBI revista casa de suspeito de tiroteio durante jantar com Trump; autoridades policiais identificaram o suspeito como Cole Tomas Allen, de aproximadamente 31 anos, residente em Torrance, Calif\u00f3rnia<\/p>\n\n\n\n<p>\ud83c\udde8\ud83c\uddf4 Sobe para 20 o n\u00famero de mortos no atentado \u00e0 bomba na Col\u00f4mbia; 36 est\u00e3o feridos; o atentado acontece faltando pouco mais de um m\u00eas para as elei\u00e7\u00f5es presidenciais no pa\u00eds<\/p>\n\n\n\n<p>\ud83c\udde6\ud83c\uddf7\ud83d\ude9a Protesto de caminhoneiros \u00e9 encerrado na Argentina; greve impediu carregamento de 347,6 mil toneladas de gr\u00e3os e gerou perdas de US$ 280 milh\u00f5es<\/p>\n\n\n\n<p>\ud83c\udf0d EVENTOS HIST\u00d3RICOS DO DIA<\/p>\n\n\n\n<p>-1539: Funda\u00e7\u00e3o oficial da cidade de Bogot\u00e1, Nova Granada (atual Col\u00f4mbia), por Nikolaus Federmann e Sebasti\u00e1n de Belalc\u00e1zar, conquistadores alem\u00e3o e espanhol, respectivamente<\/p>\n\n\n\n<p>-1791: Nascimento, nos Estados Unidos, de Samuel Morse, o inventor do C\u00f3digo Morse<\/p>\n\n\n\n<p>-1927: S\u00e3o criados os Carabineros de Chile (pol\u00edcia e guarda nacional chilena)<\/p>\n\n\n\n<p>-1940: Inaugura\u00e7\u00e3o do Est\u00e1dio Municipal Paulo Machado de Carvalho (Pacaembu) em S\u00e3o Paulo<\/p>\n\n\n\n<p>-1967: Inaugura\u00e7\u00e3o oficial da Expo 67 em Montreal, Quebec, Canad\u00e1, com uma grande cerim\u00f4nia de abertura transmitida para todo o mundo. \u00c9 aberta para o p\u00fablico no dia seguinte.<\/p>\n\n\n\n<p>-1981: Xerox PARC apresenta o mouse<\/p>\n\n\n\n<p>-1986: A cidade de Pripyat e seus arredores s\u00e3o evacuados devido ao desastre de Chernobil<\/p>\n\n\n\n<p>-1992: Proclamada a Rep\u00fablica Federativa da Iugosl\u00e1via, compreendendo a S\u00e9rvia e Montenegro<\/p>\n\n\n\n<p>-1993: Todos os membros da Sele\u00e7\u00e3o Zambiana de Futebol perdem a vida em um acidente de avi\u00e3o em Libreville, no Gab\u00e3o, a caminho de Dakar, no Senegal, para disputar uma partida das eliminat\u00f3rias da Copa do Mundo da FIFA contra o Senegal<\/p>\n\n\n\n<p>-1994: Elei\u00e7\u00e3o geral Sul-Africana: ocorre a primeira elei\u00e7\u00e3o geral democr\u00e1tica na \u00c1frica do Sul, na qual os cidad\u00e3os negros podiam votar. A Constitui\u00e7\u00e3o Provis\u00f3ria entra em vigor<\/p>\n\n\n\n<p>-2005: Primeiro voo de teste do Airbus A380<\/p>\n\n\n\n<p>-2006: In\u00edcio da constru\u00e7\u00e3o da Freedom Tower no local do antigo World Trade Center na cidade de Nova York (EUA)<\/p>\n\n\n\n<p>-2007: Arque\u00f3logos israelenses descobrem a tumba de Herodes, o Grande, ao sul de Jerusal\u00e9m<\/p>\n\n\n\n<p>-2014: Ocorre o evento que ficou conhecido como o dia dos 4 Papas. Os Papas S\u00e3o Jo\u00e3o XXIII e S\u00e3o Jo\u00e3o Paulo II foram canonizados pelo Papa Francisco, que contou com a concelebra\u00e7\u00e3o do Papa Em\u00e9rito Bento XVI<\/p>\n\n\n\n<p>Essas s\u00e3o algumas not\u00edcias do dia \u2705<br \/>Autor: Roberto Vieira Filho \ud83c\udde7\ud83c\uddf7\ud83c\udf0e<br \/>Bom Dia!!! \ud83d\udc4d\ud83c\udffc\ud83d\ude09<\/p>\n","protected":false},"excerpt":{"rendered":"<p>\u2705 NOT\u00cdCIAS DO DIA &#8211; ANO 10 n\u00b0 3446Dia 27 de Abril de 2026, Segunda-Feira DATAS COMEMORATIVASDia da Empregada Dom\u00e9sticaDia do C\u00f3digo MorseDia do EngraxateDia do SacerdoteDia Mundial da AntaDia Mundial do Design Gr\u00e1fico TEMPERATURA E INDICADORES FINANCEIROS\u26c5 M\u00edn 21\u2070 M\u00e1x 34\u2070 (Rio de Janeiro-RJ)\ud83d\udcb5 D\u00f3lar Com \u2b07\ufe0f 0,1% R$ 4,99\ud83d\udcb6 Euro \u2b06\ufe0f 0,18% R$ [&hellip;]<\/p>\n","protected":false},"author":12,"featured_media":0,"comment_status":"open","ping_status":"open","sticky":false,"template":"","format":"standard","meta":{"footnotes":""},"categories":[9],"tags":[],"class_list":["post-170424","post","type-post","status-publish","format-standard","hentry","category-engracadas"],"_links":{"self":[{"href":"https:\/\/www.largadoemguarapari.com.br\/13largado\/wp-json\/wp\/v2\/posts\/170424","targetHints":{"allow":["GET"]}}],"collection":[{"href":"https:\/\/www.largadoemguarapari.com.br\/13largado\/wp-json\/wp\/v2\/posts"}],"about":[{"href":"https:\/\/www.largadoemguarapari.com.br\/13largado\/wp-json\/wp\/v2\/types\/post"}],"author":[{"embeddable":true,"href":"https:\/\/www.largadoemguarapari.com.br\/13largado\/wp-json\/wp\/v2\/users\/12"}],"replies":[{"embeddable":true,"href":"https:\/\/www.largadoemguarapari.com.br\/13largado\/wp-json\/wp\/v2\/comments?post=170424"}],"version-history":[{"count":1,"href":"https:\/\/www.largadoemguarapari.com.br\/13largado\/wp-json\/wp\/v2\/posts\/170424\/revisions"}],"predecessor-version":[{"id":170425,"href":"https:\/\/www.largadoemguarapari.com.br\/13largado\/wp-json\/wp\/v2\/posts\/170424\/revisions\/170425"}],"wp:attachment":[{"href":"https:\/\/www.largadoemguarapari.com.br\/13largado\/wp-json\/wp\/v2\/media?parent=170424"}],"wp:term":[{"taxonomy":"category","embeddable":true,"href":"https:\/\/www.largadoemguarapari.com.br\/13largado\/wp-json\/wp\/v2\/categories?post=170424"},{"taxonomy":"post_tag","embeddable":true,"href":"https:\/\/www.largadoemguarapari.com.br\/13largado\/wp-json\/wp\/v2\/tags?post=170424"}],"curies":[{"name":"wp","href":"https:\/\/api.w.org\/{rel}","templated":true}]}}