
{"id":17180,"date":"2014-10-14T00:06:03","date_gmt":"2014-10-14T03:06:03","guid":{"rendered":"http:\/\/www.largadoemguarapari.com.br\/13largado\/?p=17180"},"modified":"2014-10-13T23:36:25","modified_gmt":"2014-10-14T02:36:25","slug":"e-velha-mas-e-boa-439","status":"publish","type":"post","link":"https:\/\/www.largadoemguarapari.com.br\/13largado\/e-velha-mas-e-boa-439\/","title":{"rendered":"\u00c9 VELHA, MAS \u00c9 BOA"},"content":{"rendered":"<p>Um agricultor tinha uma esposa que lhe incomodava sem piedade.<br \/>\nDe manh\u00e3 \u00e0 noite, ela estava sempre reclamando de alguma coisa.<br \/>\nO \u00fanico momento de al\u00edvio era quando ele estava arando com sua mula velha.<br \/>\nEle arava muito.<br \/>\nUm dia, quando ele estava arando, sua esposa trouxe-lhe um almo\u00e7o no campo.<br \/>\nEle levou a velha mula para a sombra, sentou-se em um toco, e come\u00e7ou a comer o seu almo\u00e7o.<br \/>\nImediatamente, sua esposa come\u00e7ou a importun\u00e1-lo novamente.<br \/>\nReclamar, reclamar, criticar, n\u00e3o parava.<br \/>\nDe repente, a velha mula deu um coice na mulher acertando-a na nuca.<br \/>\nResultado: morte instant\u00e2nea<br \/>\nNo outro dia, no funeral, o padre notou algo bastante estranho.<br \/>\nQuando uma mulher enlutada aproximava-se do velho fazendeiro, ele ouvia uns minutos, em seguida, acenava com a cabe\u00e7a concordando,<br \/>\nmas quando um homem se aproximava dele enlutado, ele ouvia por uns minutos, em seguida, balan\u00e7ava a cabe\u00e7a negativamente.<br \/>\nIsto ocorreu diversas vezes at\u00e9 que o padre decidiu perguntar ao velho fazendeiro sobre isso.<br \/>\nAssim, ap\u00f3s o funeral, o padre perguntou ao velho fazendeiro:<br \/>\n\u2013 Por que voc\u00ea acenou com a cabe\u00e7a e concordou com as mulheres, mas sempre negou com a cabe\u00e7a e discordou de todos os homens.<br \/>\nO velho fazendeiro disse:<br \/>\n&#8211; Bem, as mulheres vinha e diziam algo de bom sobre minha esposa, ou como seu vestido era bonito, ent\u00e3o eu acenava com a cabe\u00e7a de acordo.<br \/>\n\u2013 E os homens? \u2013 perguntou o padre\u2026<br \/>\n\u2013 Eles queriam saber se a mula estava \u00e0 venda.<br \/>\n<font color=white>***<\/font><\/p>\n","protected":false},"excerpt":{"rendered":"<p>Um agricultor tinha uma esposa que lhe incomodava sem piedade. De manh\u00e3 \u00e0 noite, ela estava sempre reclamando de alguma coisa. O \u00fanico momento de al\u00edvio era quando ele estava arando com sua mula velha. Ele arava muito. Um dia, quando ele estava arando, sua esposa trouxe-lhe um almo\u00e7o no campo. Ele levou a velha [&hellip;]<\/p>\n","protected":false},"author":7,"featured_media":0,"comment_status":"open","ping_status":"open","sticky":false,"template":"","format":"standard","meta":{"footnotes":""},"categories":[10],"tags":[],"class_list":["post-17180","post","type-post","status-publish","format-standard","hentry","category-piada"],"_links":{"self":[{"href":"https:\/\/www.largadoemguarapari.com.br\/13largado\/wp-json\/wp\/v2\/posts\/17180","targetHints":{"allow":["GET"]}}],"collection":[{"href":"https:\/\/www.largadoemguarapari.com.br\/13largado\/wp-json\/wp\/v2\/posts"}],"about":[{"href":"https:\/\/www.largadoemguarapari.com.br\/13largado\/wp-json\/wp\/v2\/types\/post"}],"author":[{"embeddable":true,"href":"https:\/\/www.largadoemguarapari.com.br\/13largado\/wp-json\/wp\/v2\/users\/7"}],"replies":[{"embeddable":true,"href":"https:\/\/www.largadoemguarapari.com.br\/13largado\/wp-json\/wp\/v2\/comments?post=17180"}],"version-history":[{"count":1,"href":"https:\/\/www.largadoemguarapari.com.br\/13largado\/wp-json\/wp\/v2\/posts\/17180\/revisions"}],"predecessor-version":[{"id":17181,"href":"https:\/\/www.largadoemguarapari.com.br\/13largado\/wp-json\/wp\/v2\/posts\/17180\/revisions\/17181"}],"wp:attachment":[{"href":"https:\/\/www.largadoemguarapari.com.br\/13largado\/wp-json\/wp\/v2\/media?parent=17180"}],"wp:term":[{"taxonomy":"category","embeddable":true,"href":"https:\/\/www.largadoemguarapari.com.br\/13largado\/wp-json\/wp\/v2\/categories?post=17180"},{"taxonomy":"post_tag","embeddable":true,"href":"https:\/\/www.largadoemguarapari.com.br\/13largado\/wp-json\/wp\/v2\/tags?post=17180"}],"curies":[{"name":"wp","href":"https:\/\/api.w.org\/{rel}","templated":true}]}}