
{"id":174686,"date":"2026-08-31T07:37:21","date_gmt":"2026-08-31T10:37:21","guid":{"rendered":"https:\/\/www.largadoemguarapari.com.br\/13largado\/?p=174686"},"modified":"2026-08-31T07:37:21","modified_gmt":"2026-08-31T10:37:21","slug":"noticias-do-dia-1041","status":"publish","type":"post","link":"https:\/\/www.largadoemguarapari.com.br\/13largado\/noticias-do-dia-1041\/","title":{"rendered":"NOT\u00cdCIAS DO DIA"},"content":{"rendered":"\n<p class=\"wp-block-paragraph\">\u2705 NOT\u00cdCIAS DO DIA &#8211; ANO 10 n\u00b0 3572<br \/>Dia 31 de Agosto de 2026, Segunda-Feira<\/p>\n\n\n\n<p class=\"wp-block-paragraph\">DATAS COMEMORATIVAS<br \/>Dia do Nutricionista<br \/>Dia do Samba-Rock<br \/>Dia Internacional das Passoas Afrodescendentes<br \/>Dia Internacional do Blog<\/p>\n\n\n\n<p class=\"wp-block-paragraph\">TEMPERATURA E INDICADORES FINANCEIROS<br \/>\u26c5 M\u00edn 25\u2070 M\u00e1x 27\u2070 (Jo\u00e3o Pessoa-PB)<br \/>\ud83d\udcb5 D\u00f3lar Com \u2b06\ufe0f 0,66% R$ 5,19<br \/>\ud83d\udcb6 Euro \u2b06\ufe0f 0,1% R$ 6,02<br \/>\ud83d\udcca Ibovespa \u2b06\ufe0f 0,3% 175.664 pts<br \/>\ud83e\ude99 Bitcoin \u2b06\ufe0f 0,37% R$ 407.650,65<br \/>\ud83d\udcb2IGP-M \u2b07\ufe0f 1,16% Julho de 2026<br \/>\ud83d\udcb2INPC \u2b07\ufe0f 0,01% Julho de 2026<br \/>\ud83d\udcb2IPCA \u2b06\ufe0f 0,07% Julho de 2026<br \/>\ud83d\udcb2SELIC \u2b06\ufe0f 14% 5 de Agosto de 2026<br \/>\ud83d\udcb2TR \u2b06\ufe0f 0,17% 28 de Agosto de 2026<br \/>\ud83d\udfe8 Ouro (grama) \u2b07\ufe0f 1,17% R$ 756,01<br \/>Colabore voluntariamente com o Informativo Di\u00e1rio &#8220;NOT\u00cdCIAS DO DIA &#8211; FISHING NEWS&#8221;<br \/>PIX (41) 99646-0100<\/p>\n\n\n\n<p class=\"wp-block-paragraph\">\ud83c\udde7\ud83c\uddf7\ud83d\udcf0 NOT\u00cdCIAS NACIONAIS<\/p>\n\n\n\n<!--more-->\n\n\n\n<p class=\"wp-block-paragraph\">\ud83c\udde7\ud83c\uddf7\ud83c\uddfa\ud83c\uddf8 Brasil e EUA se re\u00fanem para retomar negocia\u00e7\u00f5es sobre novo tarifa\u00e7o; o ministro do MDIC (Minist\u00e9rio do Desenvolvimento, Ind\u00fastria, Com\u00e9rcio e Servi\u00e7os), M\u00e1rcio Elias Rosa, e o representante do USTR (Escrit\u00f3rio de Com\u00e9rcio dos Estados Unidos), Jamieson Greer, se reunir\u00e3o nesta segunda-feira (31), de forma virtual, para reabrir as negocia\u00e7\u00f5es entre os dois pa\u00edses ap\u00f3s a imposi\u00e7\u00e3o de tarifas pelo governo Trump a produtos brasileiros<\/p>\n\n\n\n<p class=\"wp-block-paragraph\">\ud83c\udde7\ud83c\uddf7\ud83d\udcb2Governo anuncia que Correios vai receber aporte de R$ 6 bilh\u00f5es no Projeto de Lei Or\u00e7ament\u00e1ria Anual (PLOA) 2027; o PLOA deve ser enviado pelo governo ao Congresso Nacional nesta segunda-feira (31); de acordo com nota divulgada pelos ministros Bruno Moretti (Planejamento e Or\u00e7amento), Esther Dweck (Gest\u00e3o e Inova\u00e7\u00e3o) e Frederico Siqueira (Comunica\u00e7\u00f5es), a cifra dar\u00e1 estabilidade para a negocia\u00e7\u00e3o de d\u00edvidas, al\u00e9m de permitir a condu\u00e7\u00e3o do plano de reestrutura\u00e7\u00e3o da estatal<\/p>\n\n\n\n<p class=\"wp-block-paragraph\">\ud83c\udde7\ud83c\uddf7\ud83d\udc65 Economistas prop\u00f5em nova reforma da Previd\u00eancia com idade m\u00ednima de 67 anos; grupo entregar\u00e1 aos candidatos \u00e0 presid\u00eancia da Rep\u00fablica uma proposta de nova reforma da Previd\u00eancia que prev\u00ea elevar gradualmente a idade m\u00ednima para 67 anos, criar um modelo misto de financiamento e conter o avan\u00e7o dessas despesas, que podem chegar a 17% do PIB at\u00e9 2100 se nada for feito<\/p>\n\n\n\n<p class=\"wp-block-paragraph\">\ud83c\udde7\ud83c\uddf7\ud83d\udc65 Protesto pelo fim da escala 6 por 1 termina em confus\u00e3o entre direita e esquerda na Avenida Paulista, em S\u00e3o Paulo; houve agress\u00f5es e ao menos um registro policial; ningu\u00e9m ficou detido<\/p>\n\n\n\n<p class=\"wp-block-paragraph\">\ud83c\udde7\ud83c\uddf7\ud83d\udc65 Propostas para frear o Supremo Tribunal Federal (STF) se multiplicam no Congresso, mas travam sob Alcolumbre; al\u00e9m de dezenas de pedidos de impeachment contra ministros do STF, o atual presidente do Senado, Davi Alcolumbre, mant\u00e9m na gaveta uma s\u00e9rie de propostas que, se aprovadas, poderiam reduzir o atual poder da Corte; nos \u00faltimos anos, o agravamento da crise de credibilidade do STF levou \u00e0 multiplica\u00e7\u00e3o de projetos de lei e propostas de emenda \u00e0 Constitui\u00e7\u00e3o que buscam limitar a capacidade de interfer\u00eancia dos ministros na arena pol\u00edtica, principalmente<\/p>\n\n\n\n<p class=\"wp-block-paragraph\">\ud83c\udde7\ud83c\uddf7\ud83d\udc65 Campanha de Lula pede cassa\u00e7\u00e3o da chapa de Fl\u00e1vio por ato em Barretos; equipe do presidente afirma que candidato do PL utilizou da estrutura do evento para fazer um ato pol\u00edtico &#8220;previamente organizado&#8221;, o que configuraria abuso de poder econ\u00f4mico<\/p>\n\n\n\n<p class=\"wp-block-paragraph\">\ud83c\udde7\ud83c\uddf7\ud83d\udc65 Fl\u00e1vio Bolsonaro encontra ministro de Bukele para tratar sobre seguran\u00e7a p\u00fablica; o senador e candidato \u00e0 presid\u00eancia da Rep\u00fablica se reuniu neste domingo (30) com Gustavo Villatoro, ministro da Justi\u00e7a e Seguran\u00e7a P\u00fablica de El Salvador, para discutir estrat\u00e9gias de combate ao crime organizado<\/p>\n\n\n\n<p class=\"wp-block-paragraph\">\ud83c\udde7\ud83c\uddf7\ud83d\udc64Augusto Cury, de 67 anos, \u00e9 o candidato do Avante \u00e0 Presid\u00eancia nas elei\u00e7\u00f5es de 2026; m\u00e9dico psiquiatra, pesquisador e um dos autores mais lidos do pa\u00eds e do mundo, ele construiu sua trajet\u00f3ria profissional fora da pol\u00edtica tradicional; psiquiatra entra no cen\u00e1rio eleitoral com o nome &#8216;Escritor Augusto Cury&#8217; na urna eletr\u00f4nica e propostas de reformula\u00e7\u00e3o do ensino<\/p>\n\n\n\n<p class=\"wp-block-paragraph\">\u2696\ufe0f Toffoli adia an\u00e1lise de candidatura de Renan Santos e fala em \u2018ind\u00edcios de ilicitude\u2019; ministro do Tribunal Superior Eleitoral (TSE) questiona a campanha de Renan pelas redes sociais que foram apresentadas durante o registro da candidatura<\/p>\n\n\n\n<p class=\"wp-block-paragraph\">\u2696\ufe0f\ud83d\udc64O Tribunal Superior Eleitoral (TSE) concedeu na \u00faltima sexta-feira (28) uma liminar que suspende as restri\u00e7\u00f5es impostas pelo Tribunal Regional Eleitoral do Rio de Janeiro (TRE-RJ) ao candidato Anthony Garotinho (Republicanos), que disputa o governo do estado; com a decis\u00e3o, ele recupera os direitos de campanha enquanto o registro de sua candidatura continua sob an\u00e1lise da Justi\u00e7a Eleitoral<\/p>\n\n\n\n<p class=\"wp-block-paragraph\">\ud83c\udf28\ufe0f\ud83d\udc68\ud83c\udffb\u200d\ud83d\ude92 Temporal no Sul: cidades de Santa Catarina decretam emerg\u00eancia; Rio Grande do Sul tem sete feridos; granizo causou danos como destelhamento e alagamentos em diversas cidades; os estragos foram contabilizados entre o s\u00e1bado (29) e domingo (30); o Instituto Nacional de Meteorologia (Inmet) informou que os dois estados seguem em alerta de perigo para tempestades; entre os danos registrados nas regi\u00f5es est\u00e3o queda de \u00e1rvore, destelhamento, deslizamento de terra e alagamentos<\/p>\n\n\n\n<p class=\"wp-block-paragraph\">\ud83c\udf28\ufe0f Granizo do tamanho de bola de golfe perfura carros e gera preju\u00edzo em Santa Catarina; Florian\u00f3polis e outras quatro cidades catarinenses decretaram situa\u00e7\u00e3o de emerg\u00eancia por causa das chuvas intensas<\/p>\n\n\n\n<p class=\"wp-block-paragraph\">\ud83c\udf2a\ufe0f Novo ciclone extratropical se forma no Sul e deve intensificar chuvas; previs\u00e3o \u00e9 de precipita\u00e7\u00e3o intensa, com volumes de 150 a 200mm em alguns pontos dos estados, h\u00e1 risco de alagamento e deslizamentos a partir desta segunda-feira (31)<\/p>\n\n\n\n<p class=\"wp-block-paragraph\">\ud83d\udc68\ud83c\udffb\u200d\ud83d\ude92\ud83d\udc65 Vinte pessoas s\u00e3o resgatadas ap\u00f3s vento forte na Praia do Pep\u00ea, no Rio; bombeiros usaram motos aqu\u00e1ticas para retirar grupo da \u00e1gua neste domingo (30); velocidade do vento chegou a 57,5 km\/h<\/p>\n\n\n\n<p class=\"wp-block-paragraph\">\ud83d\udcb0Mega-Sena 3.051 n\u00e3o tem acertador e pr\u00eamio acumulado sobe para R$ 36 milh\u00f5es; n\u00fameros sorteados s\u00e3o: 11, 15, 20, 21, 38 e 48; o pr\u00f3ximo concurso ser\u00e1 na ter\u00e7a-feira (1\u00ba)<\/p>\n\n\n\n<p class=\"wp-block-paragraph\">CI\u00caNCIA e TECNOLOGIA<\/p>\n\n\n\n<p class=\"wp-block-paragraph\">\ud83c\udf0f\ud83d\udef0\ufe0f \u00d3rbita terrestre chega ao limite, segundo especialista espacial; segundo o The Wall Street Journal, mais de 34 mil sat\u00e9lites e peda\u00e7os de detritos circulam pela regi\u00e3o, aumentando a preocupa\u00e7\u00e3o com colis\u00f5es que podem danificar ou destruir espa\u00e7onaves; a SpaceX \u00e9 uma das principais respons\u00e1veis por esse crescimento; a empresa j\u00e1 tem mais de 10 mil objetos ligados \u00e0 Starlink em \u00f3rbita e utiliza sistemas aut\u00f4nomos para desviar de outros equipamentos quando h\u00e1 risco de colis\u00e3o<\/p>\n\n\n\n<p class=\"wp-block-paragraph\">\ud83c\uddee\ud83c\uddf3\ud83e\udea8 Cientistas encontram rocha de 3,5 bilh\u00f5es de anos com pista surpreendente sobre o in\u00edcio da vida na Terra; cristais de zirc\u00e3o e marcas de carbono levaram cientistas a investigar a poss\u00edvel presen\u00e7a de microrganismos no passado remoto do planeta; a amostra vem do Cr\u00e1ton de Singhbhum, no leste da \u00cdndia, uma regi\u00e3o que preserva alguns dos fragmentos mais antigos da crosta terrestre<\/p>\n\n\n\n<p class=\"wp-block-paragraph\">\ud83c\udde6\ud83c\uddf6 Segundo um novo estudo cient\u00edfico, as Cataratas de Sangue da Ant\u00e1rtida abrigam descendentes de antigos organismos marinhos; estudo publicado em 3 de agosto de 2026 analisou 167 amostras e encontrou microrganismos eucari\u00f3ticos ativos com forte assinatura marinha perto do Glaciar Taylor<\/p>\n\n\n\n<p class=\"wp-block-paragraph\">ESPORTES<\/p>\n\n\n\n<p class=\"wp-block-paragraph\">\u26bd Campeonato Brasileiro<br \/>S\u00e9rie A, 25\u00aa rodada:<br \/>Athletico-PR 3&#215;3 Fluminense<br \/>Corinthians 0x1 Santos<br \/>Flamengo 3&#215;0 Botafogo<br \/>Gr\u00eamio 3&#215;1 Chapecoense<br \/>Mirassol 1&#215;1 Palmeiras<br \/>Bahia 3&#215;2 Internacional<\/p>\n\n\n\n<p class=\"wp-block-paragraph\">S\u00e9rie B, 25\u00aa rodada:<br \/>Am\u00e9rica-MG 2&#215;0 Ponte Preta<br \/>Ava\u00ed 0x1 Atl\u00e9tico-GO<br \/>CRB 2&#215;1 Crici\u00fama<br \/>Vila Nova-GO 2&#215;0 Cear\u00e1<\/p>\n\n\n\n<p class=\"wp-block-paragraph\">\ud83c\udfd0 Brasil cai diante da It\u00e1lia em prepara\u00e7\u00e3o para o Pr\u00e9-Ol\u00edmpico de v\u00f4lei; depois de estrear com vit\u00f3ria sobre a Alemanha, a sele\u00e7\u00e3o masculina foi superada pela It\u00e1lia, na tarde deste domingo (30), na partida v\u00e1lida pela FIPAV Men Cup; sele\u00e7\u00e3o masculina de v\u00f4lei vence o primeiro set, mas sofre com erros no ataque; os italianos viraram e venceram o confronto do torneio amistoso por 3 sets a 1; equipe de Bernardinho enfrenta Cuba nesta segunda-feira<\/p>\n\n\n\n<p class=\"wp-block-paragraph\">\ud83d\udea3\ud83c\udffe\u200d\u2642\ufe0f\ud83e\udd48Jacky Godmann e Gabriel Nascimento s\u00e3o prata no Mundial de Canoagem, em Poznan, na Pol\u00f4nia; no \u00faltimo dia, Brasil fatura primeira medalha mundial sem Isaquias; com o resultado, a delega\u00e7\u00e3o terminou o Mundial com um ouro, cinco pratas e dois bronzes: na s\u00e9tima coloca\u00e7\u00e3o geral do quadro de medalhas<\/p>\n\n\n\n<p class=\"wp-block-paragraph\">\ud83c\udfca\ud83c\udffc\u200d\u2642\ufe0f\ud83e\udd47Brasil conquista tr\u00eas ouros e recorde mundial no segundo dia do Parapan-Pac\u00edfico de nata\u00e7\u00e3o, em Walnut, nos Estados Unidos; Alessandra Oliveira melhora pr\u00f3pria marca nos 100m peito, enquanto Beatriz Flausino, Samuel Oliveira e Patr\u00edcia Pereira garantem t\u00edtulos para o pa\u00eds<\/p>\n\n\n\n<p class=\"wp-block-paragraph\">\ud83c\udfbe Djokovic perde na estreia do US Open e adia busca pelo 25\u00ba Grand Slam; aos 39 anos, tenista s\u00e9rvio sentiu dores nas costas, vomitou durante a partida e sofreu sua primeira derrota na abertura de um Grand Slam desde 2006; Djoko perdeu para o argentino Mariano Navone por 3 sets a 2<\/p>\n\n\n\n<p class=\"wp-block-paragraph\">\ud83c\udf0d\ud83d\udcf0 NOT\u00cdCIAS INTERNACIONAIS<\/p>\n\n\n\n<p class=\"wp-block-paragraph\">\ud83c\uddf3\ud83c\uddf5\ud83c\udde8\ud83c\uddf3 N\u00famero de mortos em enchentes no Nepal e na China ultrapassa 900; ag\u00eancia nepalesa de redu\u00e7\u00e3o de riscos de desastres informou que quase 20 mil agentes de seguran\u00e7a foram mobilizados para os esfor\u00e7os de resgate; o n\u00famero de desaparecidos no Himalaia subiu para 4.247 no lado nepal\u00eas da fronteira, incluindo 592 cidad\u00e3os estrangeiros, informou a Autoridade Nacional de Redu\u00e7\u00e3o e Gest\u00e3o de Riscos de Desastres<\/p>\n\n\n\n<p class=\"wp-block-paragraph\">\ud83c\uddf3\ud83c\uddf5\ud83d\udc65 Nepal enterra quase 200 corpos em floresta por lota\u00e7\u00e3o de necrot\u00e9rios; equipes de resgate recuperaram 272 corpos n\u00e3o identificados provenientes do Tibete, na China, ap\u00f3s as enchentes devastadoras na regi\u00e3o do Himalaia<\/p>\n\n\n\n<p class=\"wp-block-paragraph\">\ud83c\uddf3\ud83c\uddf5\ud83d\udc68\ud83c\udffb\u200d\ud83d\ude92 Nepal intensifica esfor\u00e7os para resgatar v\u00edtimas das enchentes; equipes de resgate tentam alcan\u00e7ar trabalhadores presos em um t\u00fanel, quatro dias ap\u00f3s inunda\u00e7\u00f5es os terem deixado ilhados<\/p>\n\n\n\n<p class=\"wp-block-paragraph\">\ud83c\uddf3\ud83c\uddf5\ud83c\udfe5 Hospital do Nepal exibe centenas de cartazes com desaparecidos em enchentes; na tarde deste domingo (30), mais de dois mil nomes de pessoas desaparecidas haviam sido registrados; fam\u00edlias de todo o mundo tentam intensificar seus parentes<\/p>\n\n\n\n<p class=\"wp-block-paragraph\">\ud83c\udde8\ud83c\uddfe Barco vira na costa norte do Chipre com centenas a bordo e oito morrem; imagens do local do naufr\u00e1gio mostram dezenas de pessoas na lateral da embarca\u00e7\u00e3o e outras na \u00e1gua, vestindo coletes salva-vidas; mergulhadores se juntaram \u00e0s equipes de busca que vasculham \u00e1guas profundas em busca de sobreviventes<\/p>\n\n\n\n<p class=\"wp-block-paragraph\">\ud83c\uddee\ud83c\uddf7 Ir\u00e3 publica mensagem do l\u00edder supremo que pede uni\u00e3o de pa\u00edses mu\u00e7ulmanos; texto apelava \u00e0 unidade mu\u00e7ulmana, \u00e0 coopera\u00e7\u00e3o em diversas \u00e1reas e \u00e0 defesa m\u00fatua, afirmando que qualquer pessoa que criasse divis\u00f5es entre os mu\u00e7ulmanos, &#8220;conscientemente ou inconscientemente&#8221;, estaria ajudando os inimigos do Isl\u00e3<\/p>\n\n\n\n<p class=\"wp-block-paragraph\">\ud83c\uddf0\ud83c\uddf5 Kim Jong-un muda c\u00fapula militar da Coreia do Norte e nomeia novo ministro; remodela\u00e7\u00e3o ministerial de alto n\u00edvel coincide com a homenagem prestada pelo l\u00edder norte-coreano a cientistas da \u00e1rea da defesa por seus avan\u00e7os no armamento de combate do pa\u00eds<\/p>\n\n\n\n<p class=\"wp-block-paragraph\">\ud83c\uddf1\ud83c\uddf7\ud83c\uddfa\ud83c\uddf8 Lib\u00e9ria recebe imigrantes deportados pelos Estados Unidos; voo vindo da Louisiana levou 20 deportados ao pa\u00eds, sob um acordo que pode resultar na transfer\u00eancia de at\u00e9 1.200 pessoas<\/p>\n\n\n\n<p class=\"wp-block-paragraph\">\ud83c\uddfa\ud83c\uddf8 Enchente repentina mata um e deixa ao menos 15 desaparecidos no Grand Canyon; trag\u00e9dia nos EUA destruiu passarelas, interrompeu a navega\u00e7\u00e3o no rio Colorado e obrigou ao menos 62 pessoas a deixarem a \u00e1rea<\/p>\n\n\n\n<p class=\"wp-block-paragraph\">\ud83c\uddfa\ud83c\uddf8\ud83c\uddfb\ud83c\uddea Trump diz que petr\u00f3leo da Venezuela vai reabastecer reserva dos EUA; presidente americano que o processo de &#8220;atingir a altura m\u00e1xima do po\u00e7o&#8221; come\u00e7ar\u00e1 em breve, descrevendo o petr\u00f3leo venezuelano como um &#8220;presente da Venezuela para o povo dos Estados Unidos&#8221;<\/p>\n\n\n\n<p class=\"wp-block-paragraph\">\ud83c\uddfb\ud83c\uddea\ud83c\uddfa\ud83c\uddf8 Delcy Rodr\u00edguez diz que acordo com EUA preserva soberania da Venezuela sobre recursos; presidente interina da Venezuela afirmou que pacto para produ\u00e7\u00e3o de petr\u00f3leo permanecer\u00e1 em vigor por 25 anos<\/p>\n\n\n\n<p class=\"wp-block-paragraph\">\ud83c\udde8\ud83c\uddf7\ud83c\udde9\ud83c\uddea C\u00f4nsul alem\u00e3o morre afogado durante \u2018emerg\u00eancia\u2019 enquanto nadava em lagoa na Costa Rica; Mario Genz, de 53 anos, morreu em um centro recreativo localizado na lagoa do Rio Cuarto, na prov\u00edncia de Alajuela, cerca de 75 quil\u00f4metros ao norte de San Jos\u00e9<\/p>\n\n\n\n<p class=\"wp-block-paragraph\">\ud83c\udde8\ud83c\uddf4\ud83d\udc65 Col\u00f4mbia encerra di\u00e1logos da \u201cpaz total\u201d e adota linha dura contra grupos armados; o presidente do pa\u00eds, Abelardo de la Espriella, encerrou formalmente as negocia\u00e7\u00f5es mantidas pelo governo de Gustavo Petro com diversos grupos armados ilegais no \u00e2mbito da chamada \u201cpaz total\u201d; a decis\u00e3o foi oficializada por meio de uma s\u00e9rie de resolu\u00e7\u00f5es expedidas na noite de sexta-feira (28) e divulgadas no s\u00e1bado (29)<\/p>\n\n\n\n<p class=\"wp-block-paragraph\">\ud83c\udf0d EVENTOS HIST\u00d3RICOS DO DIA<\/p>\n\n\n\n<p class=\"wp-block-paragraph\">-1314: O rei Haakon V da Noruega muda a capital do pa\u00eds de Bergen para Oslo<\/p>\n\n\n\n<p class=\"wp-block-paragraph\">-1420: O terremoto de magnitude de 8,8 a 9,4 Caldera sacode a regi\u00e3o chilena do Atacama, causando tsunami no Chile, Hava\u00ed e Jap\u00e3o<\/p>\n\n\n\n<p class=\"wp-block-paragraph\">-1422: O rei Henrique V da Inglaterra morre de disenteria enquanto estava na Fran\u00e7a. Seu filho, Henrique VI, torna-se rei da Inglaterra aos nove meses de idade<\/p>\n\n\n\n<p class=\"wp-block-paragraph\">-1535: O Papa Paulo III excomunga o rei ingl\u00eas Henrique VIII da Igreja Cat\u00f3lica<\/p>\n\n\n\n<p class=\"wp-block-paragraph\">-1763: Transfer\u00eancia da capital do Estado do Brasil de Salvador para o Rio de Janeiro<\/p>\n\n\n\n<p class=\"wp-block-paragraph\">-1888: A inglesa Mary Ann Nichols \u00e9 assassinada. Ela \u00e9 a primeira das v\u00edtimas confirmadas de Jack, o Estripador<\/p>\n\n\n\n<p class=\"wp-block-paragraph\">-1895: O conde alem\u00e3o Ferdinand von Zeppelin patenteia seu &#8220;bal\u00e3o naveg\u00e1vel&#8221;<\/p>\n\n\n\n<p class=\"wp-block-paragraph\">-1897: Thomas Edison, um empres\u00e1rio e inventor norte-americano, patenteia o Cinetosc\u00f3pio, o primeiro projetor de filmes<\/p>\n\n\n\n<p class=\"wp-block-paragraph\">-1942: O governo brasileiro, atrav\u00e9s do Decreto-Lei n\u2070 10.358, formaliza a entrada do Brasil na Segunda Guerra Mundial, contra a Alemanha nazista e a It\u00e1lia fascista<\/p>\n\n\n\n<p class=\"wp-block-paragraph\">-1950: O voo TWA 903, um Lockheed 749 Constellation, cai perto do Cairo, no Egito, matando todas as 55 pessoas a bordo<\/p>\n\n\n\n<p class=\"wp-block-paragraph\">-1962: Trinidad e Tobago se torna independente do Reino Unido<\/p>\n\n\n\n<p class=\"wp-block-paragraph\">-1972: O voo Aeroflot 558, um Ilyushin II-18V, cai no distrito de Abzelliovsky em Bascortost\u00e3o, R\u00fassia (ent\u00e3o Uni\u00e3o Sovi\u00e9tica), matando as 102 pessoas a bordo<\/p>\n\n\n\n<p class=\"wp-block-paragraph\">-1986:<\/p>\n\n\n\n<blockquote class=\"wp-block-quote is-layout-flow wp-block-quote-is-layout-flow\">\n<p class=\"wp-block-paragraph\">O voo Aerom\u00e9xico 498, um McDonnell Douglas DC-9, colide com um Piper PA-28 Cherokee sobre Cerritos, Calif\u00f3rnia, matando 67 pessoas no ar e 15 no solo<br \/>O transatl\u00e2ntico sovi\u00e9tico Almirante Nakhimov afunda no Mar Negro ap\u00f3s colidir com o graneleiro Pyotr Vasev, matando 423 pessoas<\/p>\n<\/blockquote>\n\n\n\n<p class=\"wp-block-paragraph\">-1987: O voo 365 da Thai Airways, um Boeing 737-200, cai no oceano perto de Ko Phuket, na Tail\u00e2ndia, matando todos os 83 a bordo<\/p>\n\n\n\n<p class=\"wp-block-paragraph\">-1991: O Quirguist\u00e3o declara sua independ\u00eancia da Uni\u00e3o Sovi\u00e9tica<\/p>\n\n\n\n<p class=\"wp-block-paragraph\">-1993: A R\u00fassia conclui a remo\u00e7\u00e3o de suas tropas da Litu\u00e2nia<\/p>\n\n\n\n<p class=\"wp-block-paragraph\">-1994: A R\u00fassia conclui a remo\u00e7\u00e3o de suas tropas da Est\u00f4nia<\/p>\n\n\n\n<p class=\"wp-block-paragraph\">-1997: Diana, Princesa de Gales, seu companheiro Dodi Al-Fayed e o motorista Henri Paul morrem em um acidente de carro em Paris (Fran\u00e7a)<\/p>\n\n\n\n<p class=\"wp-block-paragraph\">-1999: Um Boeing 737-200 das Linhas A\u00e9reas Privadas Argentinas (LAPA) cai durante a decolagem do Aeroparque Jorge Newberry, em Buenos Aires, matando 65 pessoas, incluindo duas no solo<\/p>\n\n\n\n<p class=\"wp-block-paragraph\">-2002: O tuf\u00e3o Rusa, o mais poderoso a atingir a Coreia do Sul em 43 anos, atinge a costa, matando pelo menos 236 pessoas<\/p>\n\n\n\n<p class=\"wp-block-paragraph\">-2016: Ap\u00f3s tramita\u00e7\u00e3o de seu processo de impeachment, Dilma Rousseff \u00e9 definitivamente afastada da presid\u00eancia do Brasil e Michel Temer, ent\u00e3o vice-presidente, \u00e9 empossado como o 37.\u2070 Presidente do Brasil<\/p>\n\n\n\n<p class=\"wp-block-paragraph\">-2025: Um terremoto de magnitude 6,0 atinge o Afeganist\u00e3o, causando mais de 1.400 mortes e dois mil feridos<\/p>\n\n\n\n<p class=\"wp-block-paragraph\">Essas s\u00e3o algumas not\u00edcias do dia \u2705<br \/>Autor: Roberto Vieira Filho \ud83c\udde7\ud83c\uddf7\ud83c\udf0e<br \/>Bom Dia!!! \ud83d\udc4d\ud83c\udffc\ud83d\ude09<\/p>\n","protected":false},"excerpt":{"rendered":"<p>\u2705 NOT\u00cdCIAS DO DIA &#8211; ANO 10 n\u00b0 3572Dia 31 de Agosto de 2026, Segunda-Feira DATAS COMEMORATIVASDia do NutricionistaDia do Samba-RockDia Internacional das Passoas AfrodescendentesDia Internacional do Blog TEMPERATURA E INDICADORES FINANCEIROS\u26c5 M\u00edn 25\u2070 M\u00e1x 27\u2070 (Jo\u00e3o Pessoa-PB)\ud83d\udcb5 D\u00f3lar Com \u2b06\ufe0f 0,66% R$ 5,19\ud83d\udcb6 Euro \u2b06\ufe0f 0,1% R$ 6,02\ud83d\udcca Ibovespa \u2b06\ufe0f 0,3% 175.664 pts\ud83e\ude99 Bitcoin [&hellip;]<\/p>\n","protected":false},"author":12,"featured_media":0,"comment_status":"open","ping_status":"open","sticky":false,"template":"","format":"standard","meta":{"footnotes":""},"categories":[9],"tags":[],"class_list":["post-174686","post","type-post","status-publish","format-standard","hentry","category-engracadas"],"_links":{"self":[{"href":"https:\/\/www.largadoemguarapari.com.br\/13largado\/wp-json\/wp\/v2\/posts\/174686","targetHints":{"allow":["GET"]}}],"collection":[{"href":"https:\/\/www.largadoemguarapari.com.br\/13largado\/wp-json\/wp\/v2\/posts"}],"about":[{"href":"https:\/\/www.largadoemguarapari.com.br\/13largado\/wp-json\/wp\/v2\/types\/post"}],"author":[{"embeddable":true,"href":"https:\/\/www.largadoemguarapari.com.br\/13largado\/wp-json\/wp\/v2\/users\/12"}],"replies":[{"embeddable":true,"href":"https:\/\/www.largadoemguarapari.com.br\/13largado\/wp-json\/wp\/v2\/comments?post=174686"}],"version-history":[{"count":1,"href":"https:\/\/www.largadoemguarapari.com.br\/13largado\/wp-json\/wp\/v2\/posts\/174686\/revisions"}],"predecessor-version":[{"id":174687,"href":"https:\/\/www.largadoemguarapari.com.br\/13largado\/wp-json\/wp\/v2\/posts\/174686\/revisions\/174687"}],"wp:attachment":[{"href":"https:\/\/www.largadoemguarapari.com.br\/13largado\/wp-json\/wp\/v2\/media?parent=174686"}],"wp:term":[{"taxonomy":"category","embeddable":true,"href":"https:\/\/www.largadoemguarapari.com.br\/13largado\/wp-json\/wp\/v2\/categories?post=174686"},{"taxonomy":"post_tag","embeddable":true,"href":"https:\/\/www.largadoemguarapari.com.br\/13largado\/wp-json\/wp\/v2\/tags?post=174686"}],"curies":[{"name":"wp","href":"https:\/\/api.w.org\/{rel}","templated":true}]}}