
{"id":174752,"date":"2026-09-01T07:10:57","date_gmt":"2026-09-01T10:10:57","guid":{"rendered":"https:\/\/www.largadoemguarapari.com.br\/13largado\/?p=174752"},"modified":"2026-09-01T07:10:57","modified_gmt":"2026-09-01T10:10:57","slug":"noticias-do-dia-1042","status":"publish","type":"post","link":"https:\/\/www.largadoemguarapari.com.br\/13largado\/noticias-do-dia-1042\/","title":{"rendered":"NOT\u00cdCIAS DO DIA"},"content":{"rendered":"\n<p class=\"wp-block-paragraph\">\u2705 NOT\u00cdCIAS DO DIA &#8211; ANO 10 n\u00b0 3573<br \/>Dia 1 de Setembro de 2026, Ter\u00e7a-Feira<\/p>\n\n\n\n<p class=\"wp-block-paragraph\">DATAS COMEMORATIVAS<br \/>Dia da Bailarina<br \/>Dia do Caixeiro Viajante<br \/>Dia do Corinthians<br \/>Dia do M\u00e9dico Endocrinologista<br \/>Dia do Profissional de Educa\u00e7\u00e3o F\u00edsica<br \/>Dia Mundial de Ora\u00e7\u00e3o pelo Cuidado da Cria\u00e7\u00e3o<br \/>In\u00edcio da Semana da P\u00e1tria<br \/>In\u00edcio do Setembro Amarelo &#8211; Preven\u00e7\u00e3o ao Suic\u00eddio<br \/>In\u00edcio do Setembro Verde &#8211; Doa\u00e7\u00e3o de \u00d3rg\u00e3os<\/p>\n\n\n\n<p class=\"wp-block-paragraph\">TEMPERATURA E INDICADORES FINANCEIROS<br \/>\u26c5 M\u00edn 28\u2070 M\u00e1x 36\u2070 (Manaus-AM)<br \/>\ud83d\udcb5 D\u00f3lar Com \u2b07\ufe0f 0,31% R$ 5,18<br \/>\ud83d\udcb6 Euro \u2b07\ufe0f 0,03% R$ 6,01<br \/>\ud83d\udcca Ibovespa \u2b06\ufe0f 1,0% 177.418 pts<br \/>\ud83e\ude99 Bitcoin \u2b06\ufe0f 0,96% R$ 408.591,00<br \/>\ud83d\udcb2IGP-M \u2b07\ufe0f 0,22% Agosto de 2026<br \/>\ud83d\udcb2INPC \u2b07\ufe0f 0,01% Julho de 2026<br \/>\ud83d\udcb2IPCA \u2b06\ufe0f 0,07% Julho de 2026<br \/>\ud83d\udcb2SELIC \u2b06\ufe0f 14% 5 de Agosto de 2026<br \/>\ud83d\udcb2TR \u2b06\ufe0f 0,14% 31 de Agosto de 2026<br \/>\ud83d\udfe8 Ouro (grama) \u2b07\ufe0f 2,4% R$ 737,82<br \/>Colabore voluntariamente com o Informativo Di\u00e1rio &#8220;NOT\u00cdCIAS DO DIA &#8211; FISHING NEWS&#8221;<br \/>PIX (41) 99646-0100<\/p>\n\n\n\n<p class=\"wp-block-paragraph\">\ud83c\udde7\ud83c\uddf7\ud83d\udcf0 NOT\u00cdCIAS NACIONAIS<\/p>\n\n\n\n<!--more-->\n\n\n\n<p class=\"wp-block-paragraph\">\ud83c\udde7\ud83c\uddf7\ud83c\uddea\ud83c\uddfa Uni\u00e3o Europeia vai proibir importa\u00e7\u00e3o de carne do Brasil a partir da pr\u00f3xima quinta-feira (3); a confirma\u00e7\u00e3o foi feita pela Comiss\u00e3o Europeia, bra\u00e7o executivo da UE, que afirma n\u00e3o ter recebido garantias suficientes de que o Brasil cumpre as regras sanit\u00e1rias do bloco relacionadas ao uso de antibi\u00f3ticos na produ\u00e7\u00e3o animal<\/p>\n\n\n\n<p class=\"wp-block-paragraph\">\ud83c\udde7\ud83c\uddf7\ud83c\uddfa\ud83c\uddf8 Estados Unidos dizem que registro usado para prender Filipe Martins \u00e9 falso e cobra documento; o juiz federal americano Gregory A. Presnell afirmou que \u00e9 falso o registro de imigra\u00e7\u00e3o usado pelo ministro Alexandre de Moraes, do Supremo Tribunal Federal (STF), para justificar, em 2024, a pris\u00e3o preventiva de Filipe Martins, ex-assessor de Jair Bolsonaro<\/p>\n\n\n\n<p class=\"wp-block-paragraph\">\ud83c\udde7\ud83c\uddf7\ud83d\udc65 Emendas parlamentares somam R$ 47,1 bilh\u00f5es ap\u00f3s salto de 315% em 11 anos, aponta Instituto de Pesquisa Econ\u00f4mica Aplicada (Ipea); nos \u00faltimos anos, volume cresceu a ponto de representar uma parcela expressiva dos recursos discricion\u00e1rios da Uni\u00e3o<\/p>\n\n\n\n<p class=\"wp-block-paragraph\">\u2696\ufe0f\ud83d\udc64Dias Toffoli suspende campanha de chapa de Renan Santos \u00e0 Presid\u00eancia; decis\u00e3o do ministro do Tribunal Superior Eleitoral (TSE) determinou a suspens\u00e3o da campanha digital, de recursos do fundo eleitoral e da participa\u00e7\u00e3o do candidato do Miss\u00e3o em debates; o ministro explicou que a suspens\u00e3o da candidatura de Renan aconteceu por falta de registro de endere\u00e7os de sites, blogs, redes sociais e aplicativos de mensagens usados na campanha<\/p>\n\n\n\n<p class=\"wp-block-paragraph\">\u2696\ufe0f\ud83d\udc64Renan Santos diz que decis\u00e3o de Toffoli \u00e9 uma \u2018cassa\u00e7\u00e3o\u2019 \u00e0 sua candidatura; o ministro proibiu o presidenci\u00e1vel de fazer propaganda eleitoral digital e de participar de debates e sabatinas; em entrevista a jornalistas, Renan Santos contestou a afirma\u00e7\u00e3o de Toffoli; o presidenci\u00e1vel afirmou que, quando sua candidatura foi apresentada ao TSE, em 7 de agosto, a equipe comunicou \u00e0 Corte Eleitoral falhas no sistema de registro para informar as redes sociais e sites<\/p>\n\n\n\n<p class=\"wp-block-paragraph\">\u2696\ufe0f Minist\u00e9rio P\u00fablico Federal (MPF) obt\u00e9m R$ 893 milh\u00f5es em condena\u00e7\u00f5es por danos ambientais na Amaz\u00f4nia; levantamento re\u00fane resultados de tr\u00eas anos dos Of\u00edcios da Amaz\u00f4nia Oriental, que atuam no Par\u00e1, Amap\u00e1 e em munic\u00edpios de Mato Grosso inseridos no bioma amaz\u00f4nico; al\u00e9m do pagamento de valores, as decis\u00f5es determinaram medidas como recupera\u00e7\u00e3o de \u00e1reas desmatadas e suspens\u00e3o de Cadastros Ambientais Rurais (CARs)<\/p>\n\n\n\n<p class=\"wp-block-paragraph\">\ud83d\ude94 Pol\u00edcia Federal realiza opera\u00e7\u00e3o integrada na fronteira entre Brasil e Peru; Opera\u00e7\u00e3o Pachamama reuniu for\u00e7as de seguran\u00e7a e \u00f3rg\u00e3os ambientais e indigenistas na regi\u00e3o de Tabatinga (AM) e Isl\u00e2ndia, no Peru<\/p>\n\n\n\n<p class=\"wp-block-paragraph\">\ud83c\udfdb\ufe0f\ud83c\udfe5 Ag\u00eancia Nacional de Vigil\u00e2ncia Sanit\u00e1ria (Anvisa) registra novo medicamento de semaglutida da EMS para diabetes tipo 2; o Ylum\u00e9c foi registrado como medicamento similar e ter\u00e1 vers\u00f5es em canetas aplicadoras; o termo &#8220;produto clone&#8221; significa que ambos os medicamentos usam o mesmo princ\u00edpio ativo, nesse caso, a semaglutida; produto \u00e9 de uso semanal<\/p>\n\n\n\n<p class=\"wp-block-paragraph\">\ud83d\udee3\ufe0f Ag\u00eancia Nacional de Transportes Terrestres (ANTT) declara como sendo de utilidade p\u00fablica uma \u00e1rea de 27,7 quil\u00f4metros ao longo da BR-277 distribu\u00eddos entre Paranagu\u00e1, Irati e Palmeira, no Paran\u00e1; as concession\u00e1rias respons\u00e1veis pelos trechos est\u00e3o agora autorizadas a promover desapropria\u00e7\u00e3o dos terrenos e im\u00f3veis a fim de realizar obras para duplica\u00e7\u00e3o e implanta\u00e7\u00e3o de faixa adicional na rodovia; as medidas envolvem dois trechos administrados pela Via Arauc\u00e1ria e um pela EPR Litoral Pioneiro<\/p>\n\n\n\n<p class=\"wp-block-paragraph\">\ud83d\udeec Um avi\u00e3o com 151 pessoas a bordo saiu da pista durante o pouso e foi parar em uma \u00e1rea de lama no Aeroporto Regional de Cascavel, no oeste do Paran\u00e1, na manh\u00e3 desta segunda-feira (31); o voo LA3858, da Latam Airlines, havia partido do Aeroporto Internacional de Guarulhos, em S\u00e3o Paulo, com 145 passageiros e seis tripulantes; ningu\u00e9m ficou ferido<\/p>\n\n\n\n<p class=\"wp-block-paragraph\">\ud83c\udf2a\ufe0f Ciclone extratropical traz vento e impulsiona frente fria com chuva em 11 estados; o fen\u00f4meno vai se formar sobre o Oceano Atl\u00e2ntico a Leste do Sul do Brasil entre esta ter\u00e7a-feira (1) e a quarta-feira (2) e vai impulsionar uma frente fria pelo Centro-Sul do pa\u00eds e que alcan\u00e7ar\u00e1 at\u00e9 a parte Sul do Nordeste, segundo o site MetSul Meteorologia<\/p>\n\n\n\n<p class=\"wp-block-paragraph\">\ud83d\udcb0Sorteio de hoje da Mega-Sena 3.052 pode pagar pr\u00eamio acumulado estimado de R$ 36 milh\u00f5es; as apostas podem ser feitas at\u00e9 as 19h nas casas lot\u00e9ricas, no aplicativo Loterias Caixa e no portal oficial da Caixa<\/p>\n\n\n\n<p class=\"wp-block-paragraph\">CI\u00caNCIA A e TECNOLOGIA<\/p>\n\n\n\n<p class=\"wp-block-paragraph\">\ud83c\udde7\ud83c\uddf7\ud83d\udda5\ufe0f O Minist\u00e9rio da Educa\u00e7\u00e3o (MEC) est\u00e1 oferecendo cursos gratuitos online na \u00e1rea de Informa\u00e7\u00e3o e Comunica\u00e7\u00e3o pela plataforma Aprenda Mais; as forma\u00e7\u00f5es s\u00e3o voltadas a estudantes, profissionais e interessados em tecnologia, com op\u00e7\u00f5es em programa\u00e7\u00e3o, intelig\u00eancia artificial, desenvolvimento web, redes, seguran\u00e7a da informa\u00e7\u00e3o, Excel e outras \u00e1reas; as turmas dispon\u00edveis aparecem no ambiente virtual com metodologia sem tutoria, o que permite ao participante estudar de forma aut\u00f4noma<\/p>\n\n\n\n<p class=\"wp-block-paragraph\">\ud83d\udc65 Arque\u00f3logos encontram cer\u00e2micas milenares que funcionavam como uma \u201cmarca\u201d e eram reconhecidas a centenas de quil\u00f4metros; muito antes de logotipos, embalagens padronizadas e campanhas publicit\u00e1rias, artes\u00e3os j\u00e1 conseguiam criar produtos cuja apar\u00eancia revelava imediatamente sua origem; uma pesquisa sobre a Qurayyah Painted Ware, cer\u00e2mica produzida no noroeste da Pen\u00ednsula Ar\u00e1bica durante a Idade do Bronze, indica que h\u00e1 cerca de 3.200 anos determinados vasos reuniam caracter\u00edsticas semelhantes \u00e0s de uma marca: produ\u00e7\u00e3o centralizada, identidade visual reconhec\u00edvel, reputa\u00e7\u00e3o e circula\u00e7\u00e3o por centenas de quil\u00f4metros<\/p>\n\n\n\n<p class=\"wp-block-paragraph\">\ud83c\udde8\ud83c\uddf3 China consegue reduzir tempo de download de imagem 8K da Lua para 12 segundos; uma equipe da Academia Chinesa de Ci\u00eancias confirmou o estabelecimento de um link bidirecional de alta velocidade a mais de 400 mil quil\u00f4metros de dist\u00e2ncia; o ensaio levou a tecnologia de transmiss\u00e3o \u00f3tica da China para o ambiente entre o nosso planeta e a Lua<\/p>\n\n\n\n<p class=\"wp-block-paragraph\">ESPORTES<\/p>\n\n\n\n<p class=\"wp-block-paragraph\">\u26bd Campeonato Brasileiro<br \/>S\u00e9rie A, 25\u00aa rodada:<br \/>Remo 2&#215;3 Coritiba<\/p>\n\n\n\n<p class=\"wp-block-paragraph\">S\u00e9rie B, 25\u00aa rodada:<br \/>Fortaleza 1&#215;1 Oper\u00e1rio-PR<\/p>\n\n\n\n<p class=\"wp-block-paragraph\">\u26bd\ud83d\udc64Messi anuncia aposentadoria da sele\u00e7\u00e3o argentina: &#8220;Custo a aceitar&#8221;; craque diz que tomou a decis\u00e3o dois dias depois da final da Copa do Mundo, vencida pela Espanha por 1 a 0 diante da Argentina, em 19 de julho<\/p>\n\n\n\n<p class=\"wp-block-paragraph\">\u26bd\ud83d\udc64Santos anuncia a contrata\u00e7\u00e3o do volante Arthur; ex-Gr\u00eamio e sele\u00e7\u00e3o brasileira, jogador de 30 anos assinou contrato at\u00e9 o fim do ano<\/p>\n\n\n\n<p class=\"wp-block-paragraph\">\u26bd\ud83d\udc65 Clube da S\u00e9rie B se pronuncia ap\u00f3s atleta ser alvo de opera\u00e7\u00e3o da Pol\u00edcia Federal; Hayner, do Vila Nova-GO, e David, do Vasco, foram alvos de busca e apreens\u00e3o na manh\u00e3 desta segunda-feira (31), em investiga\u00e7\u00e3o de envolvimento de uma organiza\u00e7\u00e3o criminosa<\/p>\n\n\n\n<p class=\"wp-block-paragraph\">\ud83c\udfbe Tsitsipas comenta doping de Kyrgios por coca\u00edna: &#8220;Surpreendido por ter demorado tanto&#8221;; tenista Grego de 28 anos revela que j\u00e1 sabia de comportamentos do australiano fora de quadra e que o assunto era comentado nos bastidores do circuito<\/p>\n\n\n\n<p class=\"wp-block-paragraph\">\ud83c\udf0d\ud83d\udcf0 NOT\u00cdCIAS INTERNACIONAIS<\/p>\n\n\n\n<p class=\"wp-block-paragraph\">\ud83c\uddfa\ud83c\udde6\ud83c\uddf7\ud83c\uddfa Ucr\u00e2nia tenta desenvolver interceptadores capazes de parar drones russos; Moscou aumentou n\u00famero de opera\u00e7\u00f5es contra Kiev, utilizando modelos a jato que dificilmente conseguem ser parados devido \u00e0 sua velocidade e quantidade<\/p>\n\n\n\n<p class=\"wp-block-paragraph\">\ud83c\uddfa\ud83c\udde6\ud83c\uddf7\ud83c\uddfa Ataques russos contra Kiev deixam ao menos 12 mortos; ofensiva atingiu pr\u00e9dios residenciais e instala\u00e7\u00f5es comerciais; entre os feridos est\u00e3o quatro crian\u00e7as, segundo autoridades ucranianas<\/p>\n\n\n\n<p class=\"wp-block-paragraph\">\ud83c\uddea\ud83c\uddfa\ud83c\uddf7\ud83c\uddfa Navio-tanque suspeito de integrar \u201cfrota fantasma\u201d russa \u00e9 abordado pela Uni\u00e3o Europeia (UE); opera\u00e7\u00e3o naval europeia abordou o petroleiro MV Sun no Mediterr\u00e2neo para verificar sua bandeira, segundo a chefe da pol\u00edtica externa da UE, Kaja Kallas<\/p>\n\n\n\n<p class=\"wp-block-paragraph\">\ud83c\udde9\ud83c\uddea\ud83c\uddf7\ud83c\uddfa Ministro da Alemanha diz que retorno \u00e0 normalidade com a R\u00fassia \u00e9 imposs\u00edvel; Lars Klingbeil afirma que a presen\u00e7a de ministro das Finan\u00e7as russo em encontro do G20 \u00e9 preocupante e que americanos n\u00e3o deveriam receb\u00ea-lo como convidado<\/p>\n\n\n\n<p class=\"wp-block-paragraph\">\ud83c\uddee\ud83c\uddf9\ud83c\uddea\ud83c\uddf8 It\u00e1lia estende controle de fronteira com Espanha ap\u00f3s fluxo migrat\u00f3rio; medida que suspende livre circula\u00e7\u00e3o no espa\u00e7o Schengen ser\u00e1 mantida por mais 15 dias ap\u00f3s entrada de 72 mil migrantes em Ceuta<\/p>\n\n\n\n<p class=\"wp-block-paragraph\">\ud83c\uddee\ud83c\uddf8 Ap\u00f3s rejeitar Uni\u00e3o Europeia (UE), Isl\u00e2ndia buscar\u00e1 novas parcerias de seguran\u00e7a; pa\u00eds pretende ampliar acordos bilaterais e fortalecer coopera\u00e7\u00e3o com o bloco europeu, disse a ministra das Rela\u00e7\u00f5es Exteriores do pa\u00eds, Thorgerdur Gunnarsdottir, \u00e0 Reuters nesta segunda-feira (31)<\/p>\n\n\n\n<p class=\"wp-block-paragraph\">\ud83c\udde8\ud83c\udded Pol\u00edcia su\u00ed\u00e7a prende um homem de 43 anos suspeito de envolvimento no tiroteio que deixou uma pessoa morta e cinco feridas durante uma rave em Aarau, no norte do pa\u00eds, na madrugada de domingo (30); a v\u00edtima foi identificada pela primeira-ministra italiana, Giorgia Meloni, como Maria Spinelli, cidad\u00e3 italiana<\/p>\n\n\n\n<p class=\"wp-block-paragraph\">\ud83c\uddee\ud83c\uddf3\ud83c\uddf7\ud83c\uddfa\ud83d\udc65 Premi\u00ea indiano pede a Vladimir Putin fim da guerra na Ucr\u00e2nia em nome da humanidade; Narendra Modi reiterou ao presidente russo o desejo de Nova D\u00e9lhi por um acordo, destacando que a guerra \u00e9 um retrocesso humanit\u00e1rio<\/p>\n\n\n\n<p class=\"wp-block-paragraph\">\ud83c\uddee\ud83c\uddf3\ud83d\udc18 Elefante avan\u00e7a contra grupo de turistas que tentavam fotograf\u00e1-lo em uma estrada no estado de Kerala, no sul da \u00cdndia; autoridades alertam para que n\u00e3o se aproximem dos animais e afirmam que esse tipo de comportamento pode provocar situa\u00e7\u00f5es de risco<\/p>\n\n\n\n<p class=\"wp-block-paragraph\">\ud83c\uddee\ud83c\uddf1\ud83c\uddec\ud83c\uddf7 Israel assina acordo bilion\u00e1rio de defesa a\u00e9rea com a Gr\u00e9cia; pa\u00edses assinaram nesta segunda-feira (31) um acordo de defesa no valor de 3 bilh\u00f5es de euros (cerca de 18 bilh\u00f5es de reais), segundo o qual Israel construir\u00e1 um sistema de defesa a\u00e9rea em v\u00e1rias camadas para a Gr\u00e9cia, enquanto Atenas d\u00e1 continuidade a um programa mais amplo de moderniza\u00e7\u00e3o militar; o Minist\u00e9rio da Defesa de Israel afirmou que este \u00e9 o maior acordo de exporta\u00e7\u00e3o de defesa j\u00e1 firmado pelo pa\u00eds com a Gr\u00e9cia e um dos maiores da hist\u00f3ria do pa\u00eds<\/p>\n\n\n\n<p class=\"wp-block-paragraph\">\ud83c\uddee\ud83c\uddf7\ud83c\uddfa\ud83c\uddf8 Presidente do Ir\u00e3 diz que ainda busca negocia\u00e7\u00e3o com EUA; Masoud Pezeshkian afirmou ao primeiro-ministro indiano, Narendra Modi, que a continuidade da guerra n\u00e3o interessa a ningu\u00e9m e defendeu di\u00e1logo e coopera\u00e7\u00e3o para resolver o conflito<\/p>\n\n\n\n<p class=\"wp-block-paragraph\">\ud83c\udde8\ud83c\uddfe Nove pessoas s\u00e3o detidas ap\u00f3s naufr\u00e1gio de barco no norte de Chipre; buscas continuam por 20 desaparecidos; embarca\u00e7\u00e3o est\u00e1 a 514 metros de profundidade e dois navios turcos v\u00e3o auxiliar nas opera\u00e7\u00f5es; tribunal cipriota-turco determinou nesta segunda-feira (31) a pris\u00e3o preventiva por tr\u00eas dias dos suspeitos relacionados ao naufr\u00e1gio de um ferry na costa do norte cipriota, segundo autoridades<\/p>\n\n\n\n<p class=\"wp-block-paragraph\">\ud83c\uddf3\ud83c\uddf5Nepal registra mais de mil mortes e quatro mil desaparecidos ap\u00f3s enchentes; equipes de resgate nepalesas chegam em \u00e1reas remotas e escavaram os escombros no Himalaia para resgatar cerca de 300 trabalhadores presos; o Departamento de Turismo do Nepal divulgou uma lista com os nomes de 583 estrangeiros desaparecidos ap\u00f3s as devastadoras enchentes repentinas; a lista evidencia a dimens\u00e3o global da trag\u00e9dia; cidad\u00e3os de 38 pa\u00edses, incluindo os Estados Unidos, est\u00e3o entre os desaparecidos; pelo menos 461 estrangeiros de 23 pa\u00edses est\u00e3o desaparecidos no lado chin\u00eas da fronteira, segundo as autoridades<\/p>\n\n\n\n<p class=\"wp-block-paragraph\">\ud83c\uddf3\ud83c\uddf5\ud83d\udc68\ud83c\udffb\u200d\ud83d\ude92 Mais de 11 mil pessoas foram resgatadas ap\u00f3s enchentes no Nepal, diz premi\u00ea; Balendra Shah informou que pelo menos 3,9 mil continuam sem paradeiro conhecido<\/p>\n\n\n\n<p class=\"wp-block-paragraph\">\ud83c\uddf3\ud83c\uddf5\ud83d\udc68\ud83c\udffb\u200d\ud83d\ude92 Socorristas usam drone t\u00e9rmico para resgatar pessoas no Nepal; equipamento permite que equipes de resgate encontrem desaparecidos sem se expor a locais mais perigosos<\/p>\n\n\n\n<p class=\"wp-block-paragraph\">\ud83c\uddf3\ud83c\uddf5\ud83c\uddfa\ud83c\uddf3 ONU diz que 65 mil pessoas precisam de ajuda emergencial no Nepal; segundo as Na\u00e7\u00f5es Unidas, al\u00e9m do n\u00famero, mais de 22 mil crian\u00e7as precisam de servi\u00e7os de prote\u00e7\u00e3o, e cerca de 2.600 crian\u00e7as menores de cinco anos precisar\u00e3o de tratamento para desnutri\u00e7\u00e3o aguda grave<\/p>\n\n\n\n<p class=\"wp-block-paragraph\">\ud83c\udde8\ud83c\udde9 Rep\u00fablica Democr\u00e1tica do Congo confirma seis mil casos de Ebola; epidemia se tornou a maior da hist\u00f3ria do pa\u00eds, superando o pior surto anterior, ocorrido entre 2018 e 2020<\/p>\n\n\n\n<p class=\"wp-block-paragraph\">\ud83c\uddfa\ud83c\uddf8\ud83c\udde8\ud83c\uddf3 EUA investigam drones suspeitos de espionagem chinesa em bases militares; opera\u00e7\u00e3o em \u00e1rea de testes de m\u00edsseis no Novo M\u00e9xico envolveu helic\u00f3pteros, guerra eletr\u00f4nica e a deten\u00e7\u00e3o de cidad\u00e3os chineses suspeitos de liga\u00e7\u00e3o com a intelig\u00eancia de Pequim<\/p>\n\n\n\n<p class=\"wp-block-paragraph\">\ud83c\uddfa\ud83c\uddf8\ud83d\udc65 EUA firmam acordo de sete anos por interceptadores Patriot em meio \u00e0 crise; negocia\u00e7\u00f5es feitas entre o Pent\u00e1gono, General Dynamics Ordnance and Tactical Systems e Lockheed Martin visam aumentar volume de produ\u00e7\u00e3o de subcomponentes de m\u00edsseis antia\u00e9reos<\/p>\n\n\n\n<p class=\"wp-block-paragraph\">\ud83c\uddfa\ud83c\uddf8\u2696\ufe0f Suprema Corte permite que Trump continue constru\u00e7\u00e3o de sal\u00e3o na Casa Branca; tribunal rejeitou recurso de grupo de preserva\u00e7\u00e3o que buscava interromper indefinidamente o projeto controverso<\/p>\n\n\n\n<p class=\"wp-block-paragraph\">\ud83c\uddfa\ud83c\uddf8\ud83d\udc68\ud83c\udffb\u200d\ud83d\ude92 Enchente no Grand Canyon tem segunda morte confirmada; buscas continuam; Servi\u00e7o Nacional de Parques dos Estados Unidos afirmou segundo corpo foi recuperado em decorr\u00eancia da enxurrada que atingiu o local no s\u00e1bado (29)<\/p>\n\n\n\n<p class=\"wp-block-paragraph\">\ud83c\uddfa\ud83c\uddf8\ud83e\udd88 Pescadores fisgam tubar\u00e3o-branco de mais de 4,2 metros e estimados 680 quilos na Fl\u00f3rida, Estados Unidos, lutam por cerca de sete horas at\u00e9 a linha romper, encontram o animal novamente preso \u00e0s boias, religam o equipamento e conseguem traz\u00ea-lo ao barco para reanim\u00e1-lo antes de solt\u00e1-lo vivo no oceano<\/p>\n\n\n\n<p class=\"wp-block-paragraph\">\ud83c\uddf5\ud83c\udde6 Homem usa garrafas pl\u00e1sticas e constr\u00f3i vilarejo sustent\u00e1vel no Panam\u00e1; sistema modular transforma milh\u00f5es de garrafas em moradias resistentes e isolantes, combatendo o lixo e gerando moradia acess\u00edvel na Ilha Col\u00f3n<\/p>\n\n\n\n<p class=\"wp-block-paragraph\">\ud83c\udf0d EVENTOS HIST\u00d3RICOS DO DIA<\/p>\n\n\n\n<p class=\"wp-block-paragraph\">-1145: \u00c9 consagrado o altar-mor da Catedral de Lund, na Su\u00e9cia, na \u00e9poca sede da s\u00e9 arquiepiscopal de todos os pa\u00edses n\u00f3rdicos<\/p>\n\n\n\n<p class=\"wp-block-paragraph\">-1529: O forte espanhol de Sancti Spiritu, o primeiro constru\u00eddo na atual Argentina, \u00e9 destru\u00eddo pelos nativos<\/p>\n\n\n\n<p class=\"wp-block-paragraph\">-1715: Aos cinco anos de idade, Lu\u00eds XV torna-se rei da Fran\u00e7a, sucedendo a seu bisav\u00f4, o rei Lu\u00eds XIV.<\/p>\n\n\n\n<p class=\"wp-block-paragraph\">-1804: Juno, um dos maiores asteroides do cintur\u00e3o principal, \u00e9 descoberto pelo astr\u00f4nomo alem\u00e3o Karl Ludwig Harding<\/p>\n\n\n\n<p class=\"wp-block-paragraph\">-1902: \u00c9 lan\u00e7ado na Fran\u00e7a o filme Viagem \u00e0 Lua, de Georges M\u00e9li\u00e8s, considerado o primeiro filme de fic\u00e7\u00e3o cient\u00edfica<\/p>\n\n\n\n<p class=\"wp-block-paragraph\">-1910: \u00c9 fundado o Sport Club Corinthians Paulista<\/p>\n\n\n\n<p class=\"wp-block-paragraph\">-1914:<\/p>\n\n\n\n<blockquote class=\"wp-block-quote is-layout-flow wp-block-quote-is-layout-flow\">\n<p class=\"wp-block-paragraph\">S\u00e3o Petersburgo, na R\u00fassia, muda seu nome para Petrogrado<br \/>O \u00faltimo pombo-passageiro ou pombo-viajante conhecido, uma f\u00eamea chamada Martha, morre em cativeiro no zool\u00f3gico de Cincinnati, nos Estados Unidos<\/p>\n<\/blockquote>\n\n\n\n<p class=\"wp-block-paragraph\">-1923: O grande sismo de Kant\u00f5, no Jap\u00e3o, devasta T\u00f3quio e Yokohama, matando cerca de 105 mil pessoas<\/p>\n\n\n\n<p class=\"wp-block-paragraph\">-1939: Segunda Guerra Mundial: a Alemanha Nazista e a Eslov\u00e1quia invadem a Pol\u00f4nia, iniciando a fase europeia da guerra<\/p>\n\n\n\n<p class=\"wp-block-paragraph\">-1952: Publicado pela primeira vez o romance vencedor do Pr\u00eamio Pulitzer, de Ernest Hemingway, O Velho e o Mar<\/p>\n\n\n\n<p class=\"wp-block-paragraph\">-1961: O voo 529 da TWA, um Lockheed Constellation L-049, cai logo ap\u00f3s a decolagem do Aeroporto Midway, em Chicago, matando todas as 78 pessoas a bordo. Na \u00e9poca, foi o desastre de avi\u00e3o mais mortal da hist\u00f3ria dos Estados Unidos<\/p>\n\n\n\n<p class=\"wp-block-paragraph\">-1966: O voo Britannia Airways 105, modelo Bristol 175 Brittania, cai durante a aproxima\u00e7\u00e3o para o Aeroporto Jo\u017ee Pu\u010dnik de Liubliana, na Iugosl\u00e1via. A aeronave atingiu \u00e1rvores na floresta entre Lahov\u010de e Nasov\u010de sob c\u00e9u nublado. Noventa e oito pessoas dos 117 passageiros e tripulantes morreram no acidente.<\/p>\n\n\n\n<p class=\"wp-block-paragraph\">-1969: A Rede Globo estreia o Jornal Nacional<\/p>\n\n\n\n<p class=\"wp-block-paragraph\">-1983: Guerra Fria: o voo KAL 007, um Boeing 747, \u00e9 abatido por um ca\u00e7a a jato da Uni\u00e3o Sovi\u00e9tica quando o avi\u00e3o comercial entra no espa\u00e7o a\u00e9reo sovi\u00e9tico, matando todos os 269 a bordo<\/p>\n\n\n\n<p class=\"wp-block-paragraph\">-1985: S\u00e3o encontrados, pela primeira vez, restos do Titanic, por uma expedi\u00e7\u00e3o americana e francesa<\/p>\n\n\n\n<p class=\"wp-block-paragraph\">-1991: O Uzbequist\u00e3o declara independ\u00eancia da Uni\u00e3o Sovi\u00e9tica<\/p>\n\n\n\n<p class=\"wp-block-paragraph\">-2008: Guerra do Iraque: as For\u00e7as Armadas dos Estados Unidos transferem o controle da Prov\u00edncia de Anbar para as For\u00e7as Armadas do Iraque<\/p>\n\n\n\n<p class=\"wp-block-paragraph\">-2019: O Furac\u00e3o Dorian atinge as Bahamas como tempestade de categoria 5 e mata pelo menos 50 pessoas<\/p>\n\n\n\n<p class=\"wp-block-paragraph\">-2025:<\/p>\n\n\n\n<blockquote class=\"wp-block-quote is-layout-flow wp-block-quote-is-layout-flow\">\n<p class=\"wp-block-paragraph\">Um terremoto de magnitude 6,0 atinge o Afeganist\u00e3o, causando mais de 1.400 mortes<br \/>Ataques da For\u00e7a A\u00e9rea Israelense matam ministros do governo liderado pelos Houthis em San\u00e1, I\u00eamen, incluindo o primeiro-ministro Ahmed al-Rahawi<\/p>\n<\/blockquote>\n\n\n\n<p class=\"wp-block-paragraph\">Essas s\u00e3o algumas not\u00edcias do dia \u2705<br \/>Autor: Roberto Vieira Filho \ud83c\udde7\ud83c\uddf7\ud83c\udf0e<br \/>Bom Dia!!! \ud83d\udc4d\ud83c\udffc\ud83d\ude09<\/p>\n","protected":false},"excerpt":{"rendered":"<p>\u2705 NOT\u00cdCIAS DO DIA &#8211; ANO 10 n\u00b0 3573Dia 1 de Setembro de 2026, Ter\u00e7a-Feira DATAS COMEMORATIVASDia da BailarinaDia do Caixeiro ViajanteDia do CorinthiansDia do M\u00e9dico EndocrinologistaDia do Profissional de Educa\u00e7\u00e3o F\u00edsicaDia Mundial de Ora\u00e7\u00e3o pelo Cuidado da Cria\u00e7\u00e3oIn\u00edcio da Semana da P\u00e1triaIn\u00edcio do Setembro Amarelo &#8211; Preven\u00e7\u00e3o ao Suic\u00eddioIn\u00edcio do Setembro Verde &#8211; Doa\u00e7\u00e3o [&hellip;]<\/p>\n","protected":false},"author":12,"featured_media":0,"comment_status":"open","ping_status":"open","sticky":false,"template":"","format":"standard","meta":{"footnotes":""},"categories":[9],"tags":[],"class_list":["post-174752","post","type-post","status-publish","format-standard","hentry","category-engracadas"],"_links":{"self":[{"href":"https:\/\/www.largadoemguarapari.com.br\/13largado\/wp-json\/wp\/v2\/posts\/174752","targetHints":{"allow":["GET"]}}],"collection":[{"href":"https:\/\/www.largadoemguarapari.com.br\/13largado\/wp-json\/wp\/v2\/posts"}],"about":[{"href":"https:\/\/www.largadoemguarapari.com.br\/13largado\/wp-json\/wp\/v2\/types\/post"}],"author":[{"embeddable":true,"href":"https:\/\/www.largadoemguarapari.com.br\/13largado\/wp-json\/wp\/v2\/users\/12"}],"replies":[{"embeddable":true,"href":"https:\/\/www.largadoemguarapari.com.br\/13largado\/wp-json\/wp\/v2\/comments?post=174752"}],"version-history":[{"count":1,"href":"https:\/\/www.largadoemguarapari.com.br\/13largado\/wp-json\/wp\/v2\/posts\/174752\/revisions"}],"predecessor-version":[{"id":174755,"href":"https:\/\/www.largadoemguarapari.com.br\/13largado\/wp-json\/wp\/v2\/posts\/174752\/revisions\/174755"}],"wp:attachment":[{"href":"https:\/\/www.largadoemguarapari.com.br\/13largado\/wp-json\/wp\/v2\/media?parent=174752"}],"wp:term":[{"taxonomy":"category","embeddable":true,"href":"https:\/\/www.largadoemguarapari.com.br\/13largado\/wp-json\/wp\/v2\/categories?post=174752"},{"taxonomy":"post_tag","embeddable":true,"href":"https:\/\/www.largadoemguarapari.com.br\/13largado\/wp-json\/wp\/v2\/tags?post=174752"}],"curies":[{"name":"wp","href":"https:\/\/api.w.org\/{rel}","templated":true}]}}