
{"id":174785,"date":"2026-09-02T00:17:00","date_gmt":"2026-09-02T03:17:00","guid":{"rendered":"https:\/\/www.largadoemguarapari.com.br\/13largado\/?p=174785"},"modified":"2026-09-01T18:16:06","modified_gmt":"2026-09-01T21:16:06","slug":"frase-do-dia-2896","status":"publish","type":"post","link":"https:\/\/www.largadoemguarapari.com.br\/13largado\/frase-do-dia-2896\/","title":{"rendered":"FRASE DO DIA"},"content":{"rendered":"\n<h1 class=\"wp-block-heading has-text-align-left\">\u201cQuer resolver de forma transparente? Vou levar ao plen\u00e1rio e quero a imprensa presente\u201d<\/h1>\n\n\n\n<p class=\"wp-block-paragraph\">Teria dito Andr\u00e9 Mendon\u00e7a ao ministro Alexandre de Moraes em meio aos desdobramentos da investiga\u00e7\u00e3o envolvendo mensagens apreendidas pela Pol\u00edcia Federal no celular do ex-banqueiro Daniel Vorcaro. A declara\u00e7\u00e3o, segundo relatos de bastidores, refor\u00e7aria a posi\u00e7\u00e3o de Mendon\u00e7a de defender que a an\u00e1lise do caso ocorra de forma p\u00fablica, com discuss\u00e3o no Plen\u00e1rio do Supremo Tribunal Federal (STF) e acompanhamento da imprensa. O ministro j\u00e1 havia determinado a retirada do sigilo de documentos relacionados \u00e0 investiga\u00e7\u00e3o e destacado que, por envolver integrante da pr\u00f3pria Corte, eventuais decis\u00f5es sobre os pr\u00f3ximos passos deveriam passar pelo colegiado do STF.<\/p>\n\n\n\n<div style=\"height:20px\" aria-hidden=\"true\" class=\"wp-block-spacer\"><\/div>\n\n\n\n<p class=\"wp-block-paragraph\"><\/p>\n","protected":false},"excerpt":{"rendered":"<p>\u201cQuer resolver de forma transparente? Vou levar ao plen\u00e1rio e quero a imprensa presente\u201d Teria dito Andr\u00e9 Mendon\u00e7a ao ministro Alexandre de Moraes em meio aos desdobramentos da investiga\u00e7\u00e3o envolvendo mensagens apreendidas pela Pol\u00edcia Federal no celular do ex-banqueiro Daniel Vorcaro. A declara\u00e7\u00e3o, segundo relatos de bastidores, refor\u00e7aria a posi\u00e7\u00e3o de Mendon\u00e7a de defender que [&hellip;]<\/p>\n","protected":false},"author":10,"featured_media":0,"comment_status":"open","ping_status":"open","sticky":false,"template":"","format":"standard","meta":{"footnotes":""},"categories":[9],"tags":[],"class_list":["post-174785","post","type-post","status-publish","format-standard","hentry","category-engracadas"],"_links":{"self":[{"href":"https:\/\/www.largadoemguarapari.com.br\/13largado\/wp-json\/wp\/v2\/posts\/174785","targetHints":{"allow":["GET"]}}],"collection":[{"href":"https:\/\/www.largadoemguarapari.com.br\/13largado\/wp-json\/wp\/v2\/posts"}],"about":[{"href":"https:\/\/www.largadoemguarapari.com.br\/13largado\/wp-json\/wp\/v2\/types\/post"}],"author":[{"embeddable":true,"href":"https:\/\/www.largadoemguarapari.com.br\/13largado\/wp-json\/wp\/v2\/users\/10"}],"replies":[{"embeddable":true,"href":"https:\/\/www.largadoemguarapari.com.br\/13largado\/wp-json\/wp\/v2\/comments?post=174785"}],"version-history":[{"count":1,"href":"https:\/\/www.largadoemguarapari.com.br\/13largado\/wp-json\/wp\/v2\/posts\/174785\/revisions"}],"predecessor-version":[{"id":174786,"href":"https:\/\/www.largadoemguarapari.com.br\/13largado\/wp-json\/wp\/v2\/posts\/174785\/revisions\/174786"}],"wp:attachment":[{"href":"https:\/\/www.largadoemguarapari.com.br\/13largado\/wp-json\/wp\/v2\/media?parent=174785"}],"wp:term":[{"taxonomy":"category","embeddable":true,"href":"https:\/\/www.largadoemguarapari.com.br\/13largado\/wp-json\/wp\/v2\/categories?post=174785"},{"taxonomy":"post_tag","embeddable":true,"href":"https:\/\/www.largadoemguarapari.com.br\/13largado\/wp-json\/wp\/v2\/tags?post=174785"}],"curies":[{"name":"wp","href":"https:\/\/api.w.org\/{rel}","templated":true}]}}