
{"id":174814,"date":"2026-09-02T08:17:14","date_gmt":"2026-09-02T11:17:14","guid":{"rendered":"https:\/\/www.largadoemguarapari.com.br\/13largado\/?p=174814"},"modified":"2026-09-02T08:17:14","modified_gmt":"2026-09-02T11:17:14","slug":"noticias-do-dia-1043","status":"publish","type":"post","link":"https:\/\/www.largadoemguarapari.com.br\/13largado\/noticias-do-dia-1043\/","title":{"rendered":"NOT\u00cdCIAS DO DIA"},"content":{"rendered":"\n<p class=\"wp-block-paragraph\">\u2705 NOT\u00cdCIAS DO DIA &#8211; ANO 10 n\u00b0 3574<br \/>Dia 2 de Setembro de 2026, Quarta-Feira<\/p>\n\n\n\n<p class=\"wp-block-paragraph\">DATAS COMEMORATIVAS<br \/>Dia do Florista<br \/>Dia do Rep\u00f3rter Fotogr\u00e1fico<br \/>Dia Nacional da Kombi<\/p>\n\n\n\n<p class=\"wp-block-paragraph\">TEMPERATURA E INDICADORES FINANCEIROS<br \/>\u26c5 M\u00edn 21\u2070 M\u00e1x 32\u2070 (Bras\u00edlia-DF)<br \/>\ud83d\udcb5 D\u00f3lar Com \u2b07\ufe0f 0,47% R$ 5,15<br \/>\ud83d\udcb6 Euro \u2b07\ufe0f 0,74% R$ 5,97<br \/>\ud83d\udcca Ibovespa \u2b06\ufe0f 1,3% 179.722 pts<br \/>\ud83e\ude99 Bitcoin \u2b07\ufe0f 2,2% R$ 398.210,29<br \/>\ud83d\udcb2IGP-M \u2b07\ufe0f 0,22% Agosto de 2026<br \/>\ud83d\udcb2INPC \u2b07\ufe0f 0,01% Julho de 2026<br \/>\ud83d\udcb2IPCA \u2b06\ufe0f 0,07% Julho de 2026<br \/>\ud83d\udcb2SELIC \u2b06\ufe0f 14% 5 de Agosto de 2026<br \/>\ud83d\udcb2TR \u2b06\ufe0f 0,14% 01 de Setembro de 2026<br \/>\ud83d\udfe8 Ouro (grama) \u2b07\ufe0f 1,65% R$ 724,82<br \/>Colabore voluntariamente com o Informativo Di\u00e1rio &#8220;NOT\u00cdCIAS DO DIA &#8211; FISHING NEWS&#8221;<br \/>PIX (41) 99646-0100<\/p>\n\n\n\n<p class=\"wp-block-paragraph\">\ud83c\udde7\ud83c\uddf7\ud83d\udcf0 NOT\u00cdCIAS NACIONAIS<\/p>\n\n\n\n<!--more-->\n\n\n\n<p class=\"wp-block-paragraph\">\ud83c\udde7\ud83c\uddf7\ud83d\udc65 Senado deve votar nesta quarta-feira (2) o projeto de lei que cria a Pol\u00edtica Nacional de Minerais Cr\u00edticos e Estrat\u00e9gicos, em meio a cr\u00edticas do setor privado sobre a &#8220;inseguran\u00e7a jur\u00eddica&#8221; e o grau de &#8220;discricionariedade&#8221; dado ao governo na futura regulamenta\u00e7\u00e3o da proposta; representantes de mineradoras e entidades do setor estiveram no Congresso nesta ter\u00e7a-feira (1\u00ba) e devem continuar as articula\u00e7\u00f5es nesta quarta para tentar convencer senadores a apoiar mudan\u00e7as no texto aprovado pela C\u00e2mara dos Deputados<\/p>\n\n\n\n<p class=\"wp-block-paragraph\">\ud83c\udde7\ud83c\uddf7\ud83d\udc65 Senado aprova indica\u00e7\u00e3o de Rodrigo Pacheco ao Tribunal de Contas da Uni\u00e3o (TCU); a vaga foi aberta com a sa\u00edda antecipada do ministro Bruno Dantas; foram 63 votos favor\u00e1veis e 4 contr\u00e1rios; a vota\u00e7\u00e3o de autoridades \u00e9 sigilosa, n\u00e3o \u00e9 poss\u00edvel saber em quem cada senador votou, apenas quais parlamentares participaram da vota\u00e7\u00e3o; ap\u00f3s a aprova\u00e7\u00e3o no Senado, a indica\u00e7\u00e3o ser\u00e1 analisada pela C\u00e2mara dos Deputados<\/p>\n\n\n\n<p class=\"wp-block-paragraph\">\u2696\ufe0f\ud83d\udc65 Trocas de mensagens entre Daniel Vorcaro e Alexandre de Moraes indicam que o dono do Banco Master pediu diversas vezes ao ministro do Supremo Tribunal Federal (STF) para que ele interviesse com o procurador-geral da Rep\u00fablica, Paulo Gonet, ou diretor-geral da Pol\u00edcia Federal, Andrei Rodrigues, se poderia travar as investiga\u00e7\u00f5es sobre a institui\u00e7\u00e3o financeira; as mensagens teriam sido obtidas no celular do banqueiro pelo relat\u00f3rio da PF<\/p>\n\n\n\n<p class=\"wp-block-paragraph\">\u2696\ufe0f\ud83d\udc65 Vorcaro perguntou a Moraes se deveria \u201cestar fora\u201d dois dias antes de ser preso; banqueiro perguntou a um contato atribu\u00eddo ao ministro do Supremo Tribunal Federal (STF) se deveria &#8220;estar fora&#8221; dois dias antes de sua pris\u00e3o; a informa\u00e7\u00e3o consta no relat\u00f3rio de investiga\u00e7\u00e3o da Pol\u00edcia Federal (PF), cujo sigilo foi derrubado nesta ter\u00e7a-feira (1\u00ba) pelo ministro Andr\u00e9 Mendon\u00e7a<\/p>\n\n\n\n<p class=\"wp-block-paragraph\">\u2696\ufe0f\ud83d\udc65 O ministro Andr\u00e9 Mendon\u00e7a, do Supremo Tribunal Federal (STF), pediu \u00e0 Procuradoria-Geral da Rep\u00fablica (PGR) que se manifeste sobre um relat\u00f3rio da Pol\u00edcia Federal que re\u00fane mensagens trocadas entre o ministro Alexandre de Moraes e Daniel Vorcaro, dono do Banco Master; parte das conversas entre Vorcaro e Moraes foi revelada pelo Estad\u00e3o<\/p>\n\n\n\n<p class=\"wp-block-paragraph\">\u2696\ufe0f\ud83d\udc65 Andr\u00e9 Mendon\u00e7a levar\u00e1 pedido de investiga\u00e7\u00e3o contra Alexandre de Moraes ao plen\u00e1rio mesmo se Procuradoria-Geral da Rep\u00fablica (PGR) for contra; a determina\u00e7\u00e3o consta no despacho que levantou o sigilo do relat\u00f3rio da Pol\u00edcia Federal sobre as mensagens trocadas entre Moraes e Daniel Vorcaro, dono do Banco Master; Mendon\u00e7a pediu a manifesta\u00e7\u00e3o da PGR, mas frisou que a delibera\u00e7\u00e3o dos ministros ocorrer\u00e1 de qualquer forma<\/p>\n\n\n\n<p class=\"wp-block-paragraph\">\u2696\ufe0f\ud83d\ude94\ud83d\udc65 PGR pede anula\u00e7\u00e3o de relat\u00f3rio da Pol\u00edcia Federal contra Moraes e acusa Mendon\u00e7a de atropelar rito do STF; o procurador-Geral da Rep\u00fablica, Paulo Gonet Branco, pediu nesta ter\u00e7a-feira (1\u00ba) que seja declarada a nulidade do relat\u00f3rio da PF que revelou troca de mensagens entre o ministro do Supremo Tribunal Federal (STF) Alexandre de Moraes e Daniel Vorcaro, dono do Banco Master<\/p>\n\n\n\n<p class=\"wp-block-paragraph\">\u2696\ufe0f\ud83d\udc65 O Conselho Federal da Ordem dos Advogados do Brasil (CFOAB) defendeu nesta ter\u00e7a-feira (1\u00ba) uma investiga\u00e7\u00e3o \u201crigorosa\u201d sobre \u201cquem quer que seja\u201d ap\u00f3s a Pol\u00edcia Federal revelar mensagens trocadas entre o ministro do Supremo Tribunal Federal (STF) Alexandre de Moraes com Daniel Vorcaro, dono do Banco Master; o ministro Andr\u00e9 Mendon\u00e7a derrubou o sigilo da investiga\u00e7\u00e3o, que foi aberta a partir do material encontrado em um dos celulares apreendidos do banqueiro<\/p>\n\n\n\n<p class=\"wp-block-paragraph\">\u2696\ufe0f\ud83d\ude94\ud83d\udc65 Pol\u00edcia Federal aponta que Vorcaro negociou cotas de jatinho em contrato de R$ 50 milh\u00f5es com mulher de Moraes; a opera\u00e7\u00e3o previa que parte dos honor\u00e1rios fosse paga com cotas de um jato executivo e de um helic\u00f3ptero; uma minuta localizada pela PF previa R$ 40 milh\u00f5es em honor\u00e1rios mediante a transfer\u00eancia de ativos relacionados \u00e0s duas aeronaves; outros R$ 10 milh\u00f5es seriam destinados ao reembolso de despesas com voos; a documenta\u00e7\u00e3o analisada indica que a negocia\u00e7\u00e3o come\u00e7ou em maio de 2025 e envolvia a aeronave Legacy 650, de prefixo PP-NLR, e um helic\u00f3ptero Airbus EC 155 B1<\/p>\n\n\n\n<p class=\"wp-block-paragraph\">\u2696\ufe0f\ud83d\ude94\ud83d\udc65 Vorcaro teria bancado viagem de filho de Paulo Gonet, procurador-geral da Rep\u00fablica, a Londres em meados de 2025, segundo mensagens reveladas nesta ter\u00e7a-feira (1\u00ba) em uma das investiga\u00e7\u00f5es da Pol\u00edcia Federal referentes a ele; as mensagens constam em um longo documento da autoridade policial que teve o sigilo levantado pelo ministro Andr\u00e9 Mendon\u00e7a, do STF, produzido a partir dos dados extra\u00eddos de um dos celulares apreendidos do ex-banqueiro; al\u00e9m da rela\u00e7\u00e3o com o filho de Gonet, h\u00e1 ind\u00edcios de que Vorcaro dialogou com o ministro Alexandre de Moraes dias antes de ser preso<\/p>\n\n\n\n<p class=\"wp-block-paragraph\">\ud83d\ude94\ud83d\udc65 Pol\u00edcia Federal encontrou registros de encontros entre Vorcaro e Moraes at\u00e9 a v\u00e9spera da pris\u00e3o; os di\u00e1logos encontrados apontam reuni\u00f5es em Bras\u00edlia, S\u00e3o Paulo e Campos do Jord\u00e3o, na Serra da Mantiqueira, e mostram que o dono do Banco Master recorria a diferentes interlocutores para combinar compromissos com o ministro; o material da PF foi&nbsp;tornado p\u00fablico nesta ter\u00e7a-feira (1), ap\u00f3s o ministro Andr\u00e9 Mendon\u00e7a retirar o sigilo de documentos relacionados ao caso das fraudes do Master<\/p>\n\n\n\n<p class=\"wp-block-paragraph\">\ud83c\udde7\ud83c\uddf7\ud83d\udc65 Oposi\u00e7\u00e3o articula impeachment de Moraes no Congresso e fala em colocar Alcolumbre sob press\u00e3o; o senador Carlos Viana informou nesta ter\u00e7a-feira (1\u00ba) ter solicitado ao presidente do Congresso Nacional, Davi Alcolumbre, a realiza\u00e7\u00e3o de uma sess\u00e3o no plen\u00e1rio da Casa; de acordo com o parlamentar, a inten\u00e7\u00e3o \u00e9 de contar com a presen\u00e7a do ministro do Supremo Alexandre de Moraes, para que tenha oportunidade de se defender de um pedido de impeachment que tramita na Casa<\/p>\n\n\n\n<p class=\"wp-block-paragraph\">\ud83c\udde7\ud83c\uddf7\ud83d\udc65 Al\u00e9m de um novo pedido de impeachment contra Alexandre de Moraes, que chegou ao n\u00famero 54 protocolado apenas no Senado Federal, a oposi\u00e7\u00e3o anunciou nesta ter\u00e7a-feira (1\u00ba) medidas relacionadas \u00e0s revela\u00e7\u00f5es envolvendo o ministro e o caso Banco Master; al\u00e9m dos afastamentos cautelares de Moraes, do STF, e do diretor-geral da Pol\u00edcia Federal (PF), Andrei Rodrigues, foi protocolada uma queixa-crime contra o procurador-geral da Rep\u00fablica, Paulo Gonet<\/p>\n\n\n\n<p class=\"wp-block-paragraph\">\u2696\ufe0f\ud83d\udc64Dias Toffoli, ministro do Tribunal Superior Eleitoral (TSE), recua de decis\u00e3o e restabelece campanha de Renan Santos; candidato \u00e0 Presid\u00eancia n\u00e3o teria informado sobre perfis de redes sociais a tempo<\/p>\n\n\n\n<p class=\"wp-block-paragraph\">\u2696\ufe0f Minist\u00e9rio P\u00fablico Federal (MPF) exige medidas urgentes por risco de rompimento de barragem em Minas Gerais; \u00f3rg\u00e3o alerta para risco iminente de rompimento da estrutura, o que poderia provocar desastre socioambiental na regi\u00e3o de Campina Verde, no Tri\u00e2ngulo Mineiro<\/p>\n\n\n\n<p class=\"wp-block-paragraph\">\ud83c\udde7\ud83c\uddf7\ud83d\udc65 Fl\u00e1vio pede sa\u00edda de Moraes, Zema defende pris\u00e3o e Cury prop\u00f5e mandato no STF; segundo a PF, Moraes teria editado um contrato de R$ 131 milh\u00f5es entre o Banco Master e o escrit\u00f3rio de advocacia de sua esposa, Viviane Barci de Moraes; os investigadores chegaram \u00e0 informa\u00e7\u00e3o por meio da an\u00e1lise dos metadados do documento encontrado no celular de Vorcaro; o contrato vigorou entre fevereiro de 2024 e novembro de 2025<\/p>\n\n\n\n<p class=\"wp-block-paragraph\">\ud83d\udc64\ud83d\udc65 Dark Horse: Vorcaro repassou US$ 1,6 milh\u00e3o a mais que o admitido por Fl\u00e1vio; relat\u00f3rio do Coaf identificou pagamento feito pelo ex-banqueiro em setembro do ano passado; mensagem tamb\u00e9m indicou repasse no m\u00eas seguinte; a informa\u00e7\u00e3o foi revelada pela revista Piau\u00ed<\/p>\n\n\n\n<p class=\"wp-block-paragraph\">\ud83d\ude99\ud83d\ude9a Batida entre carro e caminh\u00e3o deixa tr\u00eas mortos e tr\u00eas feridos em Santa Catarina; acidente ocorreu no km 274 da BR-470, em Brun\u00f3polis, na regi\u00e3o serrana catarinense; motorista do caminh\u00e3o n\u00e3o se machucou<\/p>\n\n\n\n<p class=\"wp-block-paragraph\">\ud83c\udfdb\ufe0f Ag\u00eancia Nacional de Vigil\u00e2ncia Sanit\u00e1ria (Anvisa) pro\u00edbe venda de todos os medicamentos da marca United Labz; empresa tem origem desconhecida e produtos n\u00e3o eram registrados na Anvisa, configurando produ\u00e7\u00e3o clandestina<\/p>\n\n\n\n<p class=\"wp-block-paragraph\">\ud83d\ude9c Empresa Brasileira de Pesquisa Agropecu\u00e1ria (Embrapa) lista 163 medidas para agro enfrentar riscos do El Ni\u00f1o; recomenda\u00e7\u00f5es foram entregues ao Minist\u00e9rio da Agricultura e incluem a\u00e7\u00f5es para produtores e pol\u00edticas p\u00fablicas de adapta\u00e7\u00e3o<\/p>\n\n\n\n<p class=\"wp-block-paragraph\">\ud83d\udcb2\ud83d\udc65 Pix estende prazo de contesta\u00e7\u00e3o e mira golpe contra lojistas; o Pix ampliou de 30 para 80 dias o prazo para contestar devolu\u00e7\u00f5es fraudulentas, mirando golpes contra comerciantes e pequenos neg\u00f3cios<\/p>\n\n\n\n<p class=\"wp-block-paragraph\">\ud83d\udcb0Mega-Sena 3052 acumula e pr\u00eamio vai a R$ 41 milh\u00f5es; os n\u00fameros sorteados foram: 16, 30, 40, 47, 48 e 60; o pr\u00f3ximo sorteio ser\u00e1 realizado na quinta-feira (3)<\/p>\n\n\n\n<p class=\"wp-block-paragraph\">CI\u00caNCIA e TECNOLOGIA<\/p>\n\n\n\n<p class=\"wp-block-paragraph\">\ud83c\udde7\ud83c\uddf7\ud83d\udc65 Achado arqueol\u00f3gico paralisa obras da Linha 6-Laranja em S\u00e3o Paulo; vest\u00edgios de poss\u00edvel terreiro e estruturas ligadas \u00e0 religiosidade afro-brasileira foram encontrados durante escava\u00e7\u00f5es no Bixiga, em S\u00e3o Paulo<\/p>\n\n\n\n<p class=\"wp-block-paragraph\">\ud83c\udde8\ud83c\uddf3 China acelera corrida contra o Jap\u00e3o e apresenta rob\u00f4 de quatro patas que j\u00e1 pode ser pilotado e chegar a 40 km\/h; a demonstra\u00e7\u00e3o ocorreu durante a World Robot Conference 2026, em Pequim, e colocou o projeto chin\u00eas em uma posi\u00e7\u00e3o de destaque na corrida por ve\u00edculos quadr\u00fapedes capazes de transportar pessoas<\/p>\n\n\n\n<p class=\"wp-block-paragraph\">\ud83d\udee2\ufe0fMais de 200 mil barris radioativos foram jogados no Atl\u00e2ntico e cientistas agora confirmam que alguns j\u00e1 vazaram; de acordo com informa\u00e7\u00f5es oficiais publicadas pelo Centro Nacional de Pesquisa Cient\u00edfica (CNRS), da Fran\u00e7a, mais de 200 mil recipientes com res\u00edduos at\u00f4micos foram lan\u00e7ados no oceano entre 1950 e 1990; a expedi\u00e7\u00e3o cient\u00edfica realizada em 2026 registrou recipientes com barris radioativos no Atl\u00e2ntico em est\u00e1gio avan\u00e7ado de deteriora\u00e7\u00e3o a mais de 4.700 metros de profundidade<\/p>\n\n\n\n<p class=\"wp-block-paragraph\">\ud83c\uddf9\ud83c\uddf7\u26ea Igreja de 1.700 anos descoberta sob lago na Turquia pode esclarecer local do Conc\u00edlio de Niceia; uma constru\u00e7\u00e3o escondida sob as ru\u00ednas de uma bas\u00edlica submersa no Lago \u0130znik, na Turquia, pode ajudar a esclarecer um dos epis\u00f3dios mais importantes da hist\u00f3ria do cristianismo; arque\u00f3logos identificaram vest\u00edgios de uma igreja com cerca de 1.700 anos e levantam a hip\u00f3tese de que o espa\u00e7o tenha rela\u00e7\u00e3o com o Primeiro Conc\u00edlio de Niceia, realizado em 325 d.C.; a interpreta\u00e7\u00e3o, por\u00e9m, ainda divide especialistas<\/p>\n\n\n\n<p class=\"wp-block-paragraph\">ESPORTES<\/p>\n\n\n\n<p class=\"wp-block-paragraph\">\u26bd Copa do Brasil<br \/>Quartas de Final, jogo 2:<br \/>Atl\u00e9tico-MG 2&#215;1 Cruzeiro<\/p>\n\n\n\n<p class=\"wp-block-paragraph\">\u26bd Campeonato Brasileiro<br \/>S\u00e9rie B, 25\u00aa rodada:<br \/>Londrina 0x0 Juventude<\/p>\n\n\n\n<p class=\"wp-block-paragraph\">\u26bd\ud83d\udc64Plata reprova nos exames m\u00e9dicos no D\u00ednamo de Moscou e volta ao Flamengo; equatoriano voltar\u00e1 a ser op\u00e7\u00e3o para o t\u00e9cnico Leonardo Jardim<\/p>\n\n\n\n<p class=\"wp-block-paragraph\">\u26bd\ud83d\udc64Matheus Martins \u00e9 reprovado em exames no D\u00ednamo Moscou; Botafogo discorda de diagn\u00f3stico; diretoria alvinegra estuda processar o clube russo por uso indevido da imegem do atacante<\/p>\n\n\n\n<p class=\"wp-block-paragraph\">\u26bd\ud83d\udc64Santos acerta a contrata\u00e7\u00e3o do lateral-direito Rodinei; jogador de 34 anos consegue a libera\u00e7\u00e3o do Olympiacos, da Gr\u00e9cia<\/p>\n\n\n\n<p class=\"wp-block-paragraph\">\u26bd\ud83d\udc64Robinho Jr. deixa Santos e oficializa empr\u00e9stimo para o Genoa, da It\u00e1lia; atacante de 18 anos ficar\u00e1 no clube italiano at\u00e9 o fim da temporada europeia, com op\u00e7\u00e3o de compra de oito milh\u00f5es de euros<\/p>\n\n\n\n<p class=\"wp-block-paragraph\">\ud83c\udfc0 Brasil perde para o M\u00e9xico por 79 a 74, em Zacatecas, pelas Eliminat\u00f3rias da Copa do Mundo FIBA 2027; a sele\u00e7\u00e3o brasileira masculina teve um primeiro tempo abaixo, reagiu depois do intervalo, mas n\u00e3o conseguiu completar a virada e terminou a rodada dupla com duas derrotas; sele\u00e7\u00e3o volta a jogar em casa em novembro<\/p>\n\n\n\n<p class=\"wp-block-paragraph\">\ud83c\udfc4\ud83c\udffc\u200d\u2642\ufe0f Liga Mundial de Surfe (WSL): Yago Dora bate Kanoa Igarashi e vai \u00e0s quartas de final em Fiji; surfista supera japon\u00eas por 14.40 a 6.83 e garante vaga entre os oito melhores da oitava parada do circuito principal; Italo Ferreira, Samuel Pupo, Miguel Pupo e Gabriel Medina ainda disputam as oitavas<\/p>\n\n\n\n<p class=\"wp-block-paragraph\">\ud83c\udf0d\ud83d\udcf0 NOT\u00cdCIAS INTERNACIONAIS<\/p>\n\n\n\n<p class=\"wp-block-paragraph\">\ud83c\uddfa\ud83c\udde6\ud83c\uddf7\ud83c\uddfa Moradores de Kiev, capital da Ucr\u00e2nia, consideram deixar a cidade ap\u00f3s s\u00e9rie de ataques russos; segundo habitantes, ap\u00f3s seis dias de bombardeios intensos, impacto psicol\u00f3gico se tornou severo<\/p>\n\n\n\n<p class=\"wp-block-paragraph\">\ud83c\uddfa\ud83c\udde6\ud83c\uddf7\ud83c\uddfa Ataques russos matam 12 e atingem usina termel\u00e9trica na Ucr\u00e2nia; ofensiva tamb\u00e9m atingiu a regi\u00e3o de Odessa e deixou milhares de fam\u00edlias sem energia, segundo o presidente ucraniamo Volodymyr Zelensky<\/p>\n\n\n\n<p class=\"wp-block-paragraph\">\ud83c\udde9\ud83c\uddea\ud83c\uddf7\ud83c\uddfa Alemanha acusa R\u00fassia de envolvimento em ataque com drone em aeroporto; incidente provocou grandes interrup\u00e7\u00f5es e aumentou as preocupa\u00e7\u00f5es com a seguran\u00e7a em toda a Europa<\/p>\n\n\n\n<p class=\"wp-block-paragraph\">\ud83c\uddf7\ud83c\uddfa\ud83c\uddf9\ud83c\uddf7 Putin e Erdogan discutem usinas nucleares \u00e0s margens de c\u00fapula &#8220;anti-EUA&#8221;; l\u00edderes se reuniram no Quirguist\u00e3o e elogiaram coopera\u00e7\u00e3o entre R\u00fassia e Turquia no setor energ\u00e9tico<\/p>\n\n\n\n<p class=\"wp-block-paragraph\">\ud83c\uddf7\ud83c\uddfa\ud83c\uddfa\ud83c\uddf8\ud83c\udde8\ud83c\uddf3 Putin, Trump e Xi podem realizar reuni\u00e3o trilateral, diz governo russo; segundo assessor do Kremlin, encontro pode acontecer durante a pr\u00f3xima c\u00fapula do APEC (F\u00f3rum de Coopera\u00e7\u00e3o Econ\u00f4mica \u00c1sia-Pac\u00edfico)<\/p>\n\n\n\n<p class=\"wp-block-paragraph\">\ud83c\uddea\ud83c\uddf8\u2600\ufe0f Espanha tem milhares de mortes em ver\u00e3o marcado por calor recorde; pa\u00eds registra mais de cinco mil mortes na esta\u00e7\u00e3o, enquanto o Reino Unido j\u00e1 consolida per\u00edodo como o mais quente da s\u00e9rie hist\u00f3rica<\/p>\n\n\n\n<p class=\"wp-block-paragraph\">\ud83c\uddf3\ud83c\uddf4\ud83d\udc51 Novo rei da Noruega presta juramento no Parlamento ap\u00f3s morte de Harald V; evento faz parte de uma s\u00e9rie de atos que marcam a sucess\u00e3o ao trono<\/p>\n\n\n\n<p class=\"wp-block-paragraph\">\ud83c\uddec\ud83c\udde7 Keir Starmer deixar\u00e1 cargo de deputado no parlamento brit\u00e2nico, diz jornal; ex-primeiro-ministro far\u00e1 an\u00fancio cerca de seis semanas ap\u00f3s sua sa\u00edda do governo e planeja focar em assuntos internacionais<\/p>\n\n\n\n<p class=\"wp-block-paragraph\">\ud83c\uddf5\ud83c\uddf8\ud83c\uddfa\ud83c\uddf3 ONU corta metade da ajuda alimentar na Cisjord\u00e2nia por escassez de recursos; redu\u00e7\u00e3o afeta 200 mil pessoas, em meio a crescente viol\u00eancia e escassez de fundos; contribui\u00e7\u00f5es de doadores externos ca\u00edram, dificultando assist\u00eancia<\/p>\n\n\n\n<p class=\"wp-block-paragraph\">\ud83c\uddee\ud83c\uddf7\ud83c\uddfa\ud83c\uddf8 Militares dos EUA realizam novos ataques contra alvos do Ir\u00e3; Comando Central diz que disparos s\u00e3o em resposta a recentes tentativas de ataque contra navios comerciais no Estreito de Ormuz e contra tropas americanas<\/p>\n\n\n\n<p class=\"wp-block-paragraph\">\ud83c\uddee\ud83c\uddf7\ud83c\uddf6\ud83c\udde6 Ir\u00e3 e Catar dizem que negocia\u00e7\u00f5es com EUA continuam apesar de escalada; Doha afirma que di\u00e1logo com media\u00e7\u00e3o de Om\u00e3 e Paquist\u00e3o \u00e9 necess\u00e1rio para evitar uma nova escalada do conflito<\/p>\n\n\n\n<p class=\"wp-block-paragraph\">\ud83c\udde8\ud83c\uddfe Equipe especializada busca 20 desaparecidos em naufr\u00e1gio no Mediterr\u00e2neo; opera\u00e7\u00e3o com ve\u00edculo subaqu\u00e1tico tenta localizar destro\u00e7os de balsa que afundou no domingo na costa do Chipre, com oito mortos confirmados<\/p>\n\n\n\n<p class=\"wp-block-paragraph\">\ud83c\uddf3\ud83c\uddf5\ud83c\udde8\ud83c\uddf3 Mortos no Nepal passam de 1.100 ap\u00f3s inunda\u00e7\u00e3o e deslizamento; mais de 3.900 pessoas continuam desaparecidas no pa\u00eds, segundo autoridades; no Nepal, foram encontrados 1.114 corpos, segundo boletim divulgado nesta quarta-feira (2) pela Autoridade Nacional de Gest\u00e3o e Redu\u00e7\u00e3o de Riscos de Desastres; j\u00e1 o governo chin\u00eas mant\u00e9m o registro de 16 mortes confirmadas desde domingo (30); ainda de acordo com o governo do Nepal, 4.500 pessoas est\u00e3o desaparecidas nos dois lados da fronteira, e 12.000 foram resgatadas<\/p>\n\n\n\n<p class=\"wp-block-paragraph\">\ud83c\uddfa\ud83c\uddf8\ud83c\uddf0\ud83c\uddf5 A Coreia do Norte e os Estados Unidos est\u00e3o mostrando sinais de retomada do di\u00e1logo, disse um parlamentar sul-coreano nesta ter\u00e7a-feira (1\u00b0), ap\u00f3s ser informado pela ag\u00eancia de intelig\u00eancia de Seul; no entanto, ele afirmou em uma coletiva de imprensa televisionada que n\u00e3o houve confirma\u00e7\u00e3o de contatos espec\u00edficos entre Pyongyang e Washington<\/p>\n\n\n\n<p class=\"wp-block-paragraph\">\ud83c\uddfa\ud83c\uddf8\ud83d\udc65 Trump receber\u00e1 empresas de energia para discutir pre\u00e7o da gasolina nos EUA; presidente americano chamou \u00e0 Casa Branca representantes do setor de energia em meio \u00e0 escalada da gasolina para quase quatro d\u00f3lares o gal\u00e3o<\/p>\n\n\n\n<p class=\"wp-block-paragraph\">\ud83c\uddf3\ud83c\uddee Congresso da Nicar\u00e1gua aprova reforma de Ortega para elei\u00e7\u00f5es sem oposi\u00e7\u00e3o; medida j\u00e1 havia sido criticada anteriormente pelos Estados Unidos e por outros pa\u00edses da regi\u00e3o<\/p>\n\n\n\n<p class=\"wp-block-paragraph\">\ud83c\udde8\ud83c\uddf4 Terremoto atinge 11 mil cafeicultores \u00e0s v\u00e9speras da colheita na Col\u00f4mbia; mais de 120 munic\u00edpios em regi\u00f5es produtoras registraram danos; Federa\u00e7\u00e3o Nacional dos Cafeicultores busca recursos para apoiar fam\u00edlias afetadas; fen\u00f4meno atingiu o pa\u00eds em 10 de agosto justamente no in\u00edcio de uma das etapas mais importantes do calend\u00e1rio da atividade: a temporada de colheita do caf\u00e9<\/p>\n\n\n\n<p class=\"wp-block-paragraph\">\ud83c\uddfb\ud83c\uddea Reforma da Suprema Corte da Venezuela avan\u00e7a na C\u00e2mara dos deputados; segundo a medida, n\u00famero de membros da comiss\u00e3o de nomea\u00e7\u00f5es do Supremo Tribunal aumenta de 21 para 23, e a comiss\u00e3o ser\u00e1 composta por 11 parlamentares e 12 membros da sociedade civil<\/p>\n\n\n\n<p class=\"wp-block-paragraph\">\ud83c\udde8\ud83c\uddf1 Deserto do Atacama, um dos lugares mais secos da Terra, fica coberto de neve em fen\u00f4meno raro; duas tempestades de inverno cobriram grandes \u00e1reas do deserto com neve em agosto; a precipita\u00e7\u00e3o chegou dos Andes em dire\u00e7\u00e3o ao Oceano Pac\u00edfico, atravessando o n\u00facleo hiper\u00e1rido do deserto at\u00e9 perto da costa; o fen\u00f4meno chamou aten\u00e7\u00e3o pela extens\u00e3o incomum e tamb\u00e9m provocou chuvas intensas em outras \u00e1reas do norte do Chile<\/p>\n\n\n\n<p class=\"wp-block-paragraph\">\ud83c\udf0d EVENTOS HIST\u00d3RICOS DO DIA<\/p>\n\n\n\n<p class=\"wp-block-paragraph\">-1666: O Grande Inc\u00eandio de Londres irrompe e arde durante tr\u00eas dias, destruindo 10 mil edif\u00edcios, incluindo a antiga Catedral de S\u00e3o Paulo<\/p>\n\n\n\n<p class=\"wp-block-paragraph\">-1752: A Gr\u00e3-Bretanha, juntamente com suas possess\u00f5es no exterior, adota o calend\u00e1rio gregoriano<\/p>\n\n\n\n<p class=\"wp-block-paragraph\">-1789: \u00c9 fundado o Departamento do Tesouro dos Estados Unidos<\/p>\n\n\n\n<p class=\"wp-block-paragraph\">-1807: A Marinha Real Brit\u00e2nica bombardeia Copenhague com bombas incendi\u00e1rias e foguetes de f\u00f3sforo para impedir que a Dinamarca entregue sua frota a Napole\u00e3o<\/p>\n\n\n\n<p class=\"wp-block-paragraph\">-1822: Maria Leopoldina, primeira imperatriz consorte do Brasil, presidiu a sess\u00e3o do Conselho de Estado que debateu os rumos da separa\u00e7\u00e3o do Brasil de Portugal<\/p>\n\n\n\n<p class=\"wp-block-paragraph\">-1850: Funda\u00e7\u00e3o da cidade de Blumenau, em Santa Catarina, pelo m\u00e9dico e farmac\u00eautico Hermann Blumenau<\/p>\n\n\n\n<p class=\"wp-block-paragraph\">-1935: O Furac\u00e3o do Dia do Trabalho, o furac\u00e3o mais intenso que atingiu os Estados Unidos, atinge Long Key, na Fl\u00f3rida, matando pelo menos 400 pessoas<\/p>\n\n\n\n<p class=\"wp-block-paragraph\">-1939: Come\u00e7am os primeiros conselhos pol\u00edticos e diplom\u00e1ticos da Segunda Guerra Mundial pelos respons\u00e1veis ao ataque \u00e0 Pol\u00f4nia. O Brasil, a Espanha e a Rep\u00fablica da Irlanda declaram neutralidade<\/p>\n\n\n\n<p class=\"wp-block-paragraph\">-1944: Ocorre a \u00faltima execu\u00e7\u00e3o de um finland\u00eas na Finl\u00e2ndia, quando o soldado Olavi Laiho \u00e9 executado a tiro em Oulu<\/p>\n\n\n\n<p class=\"wp-block-paragraph\">-1945: Assinatura da rendi\u00e7\u00e3o do Jap\u00e3o a bordo do encoura\u00e7ado USS Missouri, marcando o fim oficial da Segunda Guerra Mundial<\/p>\n\n\n\n<p class=\"wp-block-paragraph\">-1958: Um Lockheed RC-130 H\u00e9rcules da For\u00e7a A\u00e9rea dos Estados Unidos \u00e9 abatido por ca\u00e7as sobre a Arm\u00eania ao entrar no espa\u00e7o a\u00e9reo sovi\u00e9tico enquanto conduzia uma miss\u00e3o secreta. Todos os membros da tripula\u00e7\u00e3o s\u00e3o mortos<\/p>\n\n\n\n<p class=\"wp-block-paragraph\">-1968: Proferido o discurso do deputado federal M\u00e1rcio Moreira Alves que desencadearia o endurecimento do Regime Militar com a edi\u00e7\u00e3o do AI-5<\/p>\n\n\n\n<p class=\"wp-block-paragraph\">-1969: Dois computadores trocam dados em um teste da rede militar experimental Arpanet, marcando o nascimento da Internet, a rede mundial de computadores<\/p>\n\n\n\n<p class=\"wp-block-paragraph\">-1970: A NASA anuncia o cancelamento de duas miss\u00f5es Apollo para a Lua, Apollo 15 (a designa\u00e7\u00e3o \u00e9 reutilizada para uma miss\u00e3o posterior) e Apollo 19<\/p>\n\n\n\n<p class=\"wp-block-paragraph\">-1988: O voo Swissair 111, um McDonnell Douglas MD-11, cai perto de Peggy&#8217;s Cove, Nova Esc\u00f3cia, Canad\u00e1. Todas as 229 pessoas a bordo morrem.<\/p>\n\n\n\n<p class=\"wp-block-paragraph\">-2008: Google lan\u00e7a seu navegador Google Chrome<\/p>\n\n\n\n<p class=\"wp-block-paragraph\">-2018: O Museu Nacional do Brasil \u00e9 destru\u00eddo por um inc\u00eandio, com a perda de mais de 90% da cole\u00e7\u00e3o do museu<\/p>\n\n\n\n<p class=\"wp-block-paragraph\">Essas s\u00e3o algumas not\u00edcias do dia \u2705<br \/>Autor: Roberto Vieira Filho \ud83c\udde7\ud83c\uddf7\ud83c\udf0e<br \/>Bom Dia!!! \ud83d\udc4d\ud83c\udffc\ud83d\ude09<\/p>\n","protected":false},"excerpt":{"rendered":"<p>\u2705 NOT\u00cdCIAS DO DIA &#8211; ANO 10 n\u00b0 3574Dia 2 de Setembro de 2026, Quarta-Feira DATAS COMEMORATIVASDia do FloristaDia do Rep\u00f3rter Fotogr\u00e1ficoDia Nacional da Kombi TEMPERATURA E INDICADORES FINANCEIROS\u26c5 M\u00edn 21\u2070 M\u00e1x 32\u2070 (Bras\u00edlia-DF)\ud83d\udcb5 D\u00f3lar Com \u2b07\ufe0f 0,47% R$ 5,15\ud83d\udcb6 Euro \u2b07\ufe0f 0,74% R$ 5,97\ud83d\udcca Ibovespa \u2b06\ufe0f 1,3% 179.722 pts\ud83e\ude99 Bitcoin \u2b07\ufe0f 2,2% R$ 398.210,29\ud83d\udcb2IGP-M [&hellip;]<\/p>\n","protected":false},"author":12,"featured_media":0,"comment_status":"open","ping_status":"open","sticky":false,"template":"","format":"standard","meta":{"footnotes":""},"categories":[9],"tags":[],"class_list":["post-174814","post","type-post","status-publish","format-standard","hentry","category-engracadas"],"_links":{"self":[{"href":"https:\/\/www.largadoemguarapari.com.br\/13largado\/wp-json\/wp\/v2\/posts\/174814","targetHints":{"allow":["GET"]}}],"collection":[{"href":"https:\/\/www.largadoemguarapari.com.br\/13largado\/wp-json\/wp\/v2\/posts"}],"about":[{"href":"https:\/\/www.largadoemguarapari.com.br\/13largado\/wp-json\/wp\/v2\/types\/post"}],"author":[{"embeddable":true,"href":"https:\/\/www.largadoemguarapari.com.br\/13largado\/wp-json\/wp\/v2\/users\/12"}],"replies":[{"embeddable":true,"href":"https:\/\/www.largadoemguarapari.com.br\/13largado\/wp-json\/wp\/v2\/comments?post=174814"}],"version-history":[{"count":1,"href":"https:\/\/www.largadoemguarapari.com.br\/13largado\/wp-json\/wp\/v2\/posts\/174814\/revisions"}],"predecessor-version":[{"id":174815,"href":"https:\/\/www.largadoemguarapari.com.br\/13largado\/wp-json\/wp\/v2\/posts\/174814\/revisions\/174815"}],"wp:attachment":[{"href":"https:\/\/www.largadoemguarapari.com.br\/13largado\/wp-json\/wp\/v2\/media?parent=174814"}],"wp:term":[{"taxonomy":"category","embeddable":true,"href":"https:\/\/www.largadoemguarapari.com.br\/13largado\/wp-json\/wp\/v2\/categories?post=174814"},{"taxonomy":"post_tag","embeddable":true,"href":"https:\/\/www.largadoemguarapari.com.br\/13largado\/wp-json\/wp\/v2\/tags?post=174814"}],"curies":[{"name":"wp","href":"https:\/\/api.w.org\/{rel}","templated":true}]}}