
{"id":174898,"date":"2026-09-03T10:06:12","date_gmt":"2026-09-03T13:06:12","guid":{"rendered":"https:\/\/www.largadoemguarapari.com.br\/13largado\/?p=174898"},"modified":"2026-09-03T10:06:12","modified_gmt":"2026-09-03T13:06:12","slug":"noticias-do-dia-1044","status":"publish","type":"post","link":"https:\/\/www.largadoemguarapari.com.br\/13largado\/noticias-do-dia-1044\/","title":{"rendered":"NOT\u00cdCIAS DO DIA"},"content":{"rendered":"\n<p class=\"wp-block-paragraph\">\u2705 NOT\u00cdCIAS DO DIA &#8211; ANO 10 n\u00b0 3575<br \/>Dia 3 de Setembro de 2026, Quinta-Feira<\/p>\n\n\n\n<p class=\"wp-block-paragraph\">DATAS COMEMORATIVAS<br \/>Dia das Organiza\u00e7\u00f5es Populares<br \/>Dia do Bi\u00f3logo<br \/>Dia do Guarda Civil<\/p>\n\n\n\n<p class=\"wp-block-paragraph\">TEMPERATURA E INDICADORES FINANCEIROS<br \/>\u26c5 M\u00edn 10\u2070 M\u00e1x 22\u2070 (Curitiba-PR)<br \/>\ud83d\udcb5 D\u00f3lar Com \u2b07\ufe0f 0,91% R$ 5,11<br \/>\ud83d\udcb6 Euro \u2b07\ufe0f 0,9% R$ 5,92<br \/>\ud83d\udcca Ibovespa \u2b06\ufe0f 3,05% 185.205 pts<br \/>\ud83e\ude99 Bitcoin \u2b07\ufe0f 1,6% R$ 392.622,25<br \/>\ud83d\udcb2IGP-M \u2b07\ufe0f 0,22% Agosto de 2026<br \/>\ud83d\udcb2INPC \u2b07\ufe0f 0,01% Julho de 2026<br \/>\ud83d\udcb2IPCA \u2b06\ufe0f 0,07% Julho de 2026<br \/>\ud83d\udcb2SELIC \u2b06\ufe0f 14% 5 de Agosto de 2026<br \/>\ud83d\udcb2TR \u2b06\ufe0f 0,17% 02 de Setembro de 2026<br \/>\ud83d\udfe8 Ouro (grama) \u2b07\ufe0f 0,44% R$ 720,75<br \/>Colabore voluntariamente com o Informativo Di\u00e1rio &#8220;NOT\u00cdCIAS DO DIA &#8211; FISHING NEWS&#8221;<br \/>PIX (41) 99646-0100<\/p>\n\n\n\n<p class=\"wp-block-paragraph\">\ud83c\udde7\ud83c\uddf7\ud83d\udcf0 NOT\u00cdCIAS NACIONAIS<\/p>\n\n\n\n<!--more-->\n\n\n\n<p class=\"wp-block-paragraph\">\ud83c\udde7\ud83c\uddf7\ud83c\uddfa\ud83c\uddf8 Deputado dos EUA acusa Brasil ao defender plano contra censura estrangeira; Mike Rulli, de Ohio, citou medidas adotadas pelo Brasil contra plataformas digitais como exemplo para defender um projeto de lei que limita a aplica\u00e7\u00e3o de decis\u00f5es estrangeiras relacionadas \u00e0 &#8220;censura&#8221; contra cidad\u00e3os e empresas dos EUA<\/p>\n\n\n\n<p class=\"wp-block-paragraph\">\ud83c\udde7\ud83c\uddf7\ud83d\udc65 Fim da escala 6 por 1 \u00e9 aprovado na Comiss\u00e3o de Constitui\u00e7\u00e3o e Justi\u00e7a (CCJ) do Senado; vota\u00e7\u00e3o no plen\u00e1rio ainda n\u00e3o foi marcada; texto-base da Proposta de Emenda \u00e0 Constitui\u00e7\u00e3o (PEC) reduz jornada semanal de 44 para 40 horas e prev\u00ea dois dias de descanso remunerado, sem redu\u00e7\u00e3o de sal\u00e1rio<\/p>\n\n\n\n<p class=\"wp-block-paragraph\">\ud83c\udde7\ud83c\uddf7\ud83d\udc65 A Comiss\u00e3o de Constitui\u00e7\u00e3o e Justi\u00e7a (CCJ) do Senado aprovou nesta quarta-feira (2) a Proposta de Emenda Constitucional (PEC) da Seguran\u00e7a P\u00fablica; a proposta agora segue para o plen\u00e1rio do Senado; a vota\u00e7\u00e3o foi de forma simb\u00f3lica; no plen\u00e1rio, s\u00e3o necess\u00e1rios 49 votos de 81 para que o texto seja aprovado<\/p>\n\n\n\n<p class=\"wp-block-paragraph\">\ud83c\udde7\ud83c\uddf7\ud83d\udc64Imprensa internacional chama esc\u00e2ndalo envolvendo Moraes de \u201cbomba at\u00f4mica\u201d; o jornal espanhol El Pa\u00eds publicou uma reportagem que afirmou que \u201cMoraes tem mantido sil\u00eancio diante de revela\u00e7\u00f5es que ca\u00edram como uma bomba at\u00f4mica a menos de cinco semanas das elei\u00e7\u00f5es\u201d presidenciais; o argentino La Naci\u00f3n disse que Moraes \u201ctem sido a figura mais temida e polarizadora entre os tr\u00eas poderes\u201d do Brasil, ao acumular \u201cpoderes extraordin\u00e1rios\u201d em processos no STF<\/p>\n\n\n\n<p class=\"wp-block-paragraph\">\ud83c\udde7\ud83c\uddf7\ud83d\udc65 Oposi\u00e7\u00e3o pede impeachment de PGR ap\u00f3s parecer por nulidade em caso Moraes; o deputado federal Carlos Jordy apresentou nesta quarta-feira (2) ao presidente do Senado, Davi Alcolumbre, um pedido de impeachment do procurador-geral da Rep\u00fablica, Paulo Gonet; o parlamentar tamb\u00e9m requer que Gonet fique proibido de exercer fun\u00e7\u00f5es p\u00fablicas por at\u00e9 cinco anos<\/p>\n\n\n\n<p class=\"wp-block-paragraph\">\u2696\ufe0f\ud83d\ude94 Moraes \u00e9 citado 36 vezes em relat\u00f3rio da Pol\u00edcia Federal que ampliou crise no STF; o material re\u00fane mensagens extra\u00eddas do celular de Daniel Vorcaro, registros de ao menos seis poss\u00edveis encontros com Moraes, pedidos de ajuda feitos pelo ex-banqueiro e informa\u00e7\u00f5es sobre contratos do Banco Master com o escrit\u00f3rio de Viviane Barci de Moraes, mulher do ministro<\/p>\n\n\n\n<p class=\"wp-block-paragraph\">\u2696\ufe0f\ud83d\udc65 Daniel Vorcaro prestou depoimento a Andr\u00e9 Mendon\u00e7a sem a presen\u00e7a da Pol\u00edcia Federal; o ex-banqueiro, dono do liquidado Banco Master, prestou depoimento ao ministro do Supremo Tribunal Federal (STF) sem a presen\u00e7a da PF na semana passada; a oitiva ocorreu a pedido da defesa do empres\u00e1rio por supostas \u201cgraves intimida\u00e7\u00f5es\u201d que estaria sofrendo; o depoimento foi confirmado pelo gabinete do ministro nesta quarta-feira (2) com a alega\u00e7\u00e3o de que ocorreu de forma regular e conduzido por um juiz auxiliar que acompanha o caso no STF<\/p>\n\n\n\n<p class=\"wp-block-paragraph\">\ud83c\udde7\ud83c\uddf7\ud83d\udc65 Governistas pedem a Fachin fim do sigilo de caso Dark Horse e criticam Mendon\u00e7a; parlamentares da base do governo Lula pediram, nesta quarta-feira (2), ao presidente do Supremo Tribunal Federal (STF), Edson Fachin, que retire o sigilo sobre os inqu\u00e9ritos que envolvem o senador e candidato \u00e0 Presid\u00eancia da Rep\u00fablica, Fl\u00e1vio Bolsonaro, no caso &#8220;Dark Horse&#8221;, relatado pelo ministro Andr\u00e9 Mendon\u00e7a<\/p>\n\n\n\n<p class=\"wp-block-paragraph\">\ud83d\udc65\ud83c\udfa5 A Go Up Entertainment, produtora respons\u00e1vel por \u201cThe Dark Horse\u201d, filme sobre a trajet\u00f3ria pol\u00edtica do ex-presidente Jair Bolsonaro, afirmou que o repasse de mais US$ 1,6 milh\u00e3o feito pelo empres\u00e1rio Daniel Vorcaro \u00e0 produ\u00e7\u00e3o foi declarado \u00e0 Justi\u00e7a de S\u00e3o Paulo; em nota divulgada nesta quarta-feira (2), a produtora informou que o pagamento, revelado no dia anterior pela revista Piau\u00ed, ocorreu em setembro de 2025 e que a presta\u00e7\u00e3o de contas referente aos recursos foi apresentada \u00e0 Justi\u00e7a de S\u00e3o Paulo em 10 de junho de 2026<\/p>\n\n\n\n<p class=\"wp-block-paragraph\">\u2696\ufe0f\ud83d\udc64Ministro Dias Toffoli, do Tribunal Superior Eleitoral (TSE), libera a campanha digital de Wilson Grassi, candidato do Democrata \u00e0 Presid\u00eancia da Rep\u00fablica; a propaganda da chapa nas redes sociais estava suspensa desde domingo (30)<\/p>\n\n\n\n<p class=\"wp-block-paragraph\">\u2696\ufe0f\ud83d\udc65 Superior Tribunal de Justi\u00e7a (STJ) nega pedido para Alexandre Nardoni e Anna Jatob\u00e1 serem presos novamente; julgamento de condenados pela morte de Isabella Nardoni foi definido por unanimidade no final da noite desta quarta-feira (2); recurso questionava cumprimento de regras do regime aberto<\/p>\n\n\n\n<p class=\"wp-block-paragraph\">\u2696\ufe0f\ud83d\udc65 Minist\u00e9rio P\u00fablico do Rio de Janeiro (MPRJ) denuncia oito pessoas por lavagem de dinheiro do jogo do bicho; segundo a den\u00fancia, realizada pelo N\u00facleo de Combate aos Crimes Cibern\u00e9ticos do Grupo de Atua\u00e7\u00e3o Especializada de Combate ao Crime Organizado do Minist\u00e9rio P\u00fablico do Estado do Rio de Janeiro (CyberGAECO\/MPRJ), os investigados dissimularam e ocultaram ilicitamente pelo menos R$ 5,2 milh\u00f5es por meio de empresas de apostas esportivas online<\/p>\n\n\n\n<p class=\"wp-block-paragraph\">\u2696\ufe0f\ud83d\ude94 O Minist\u00e9rio P\u00fablico do Paran\u00e1 (MPPR) deflagrou, nesta quarta-feira (2), uma opera\u00e7\u00e3o contra 18 alvos investigados por integrar o PCC (Primeiro Comando da Capital) e atuar no tr\u00e1fico de drogas e armas no estado, principalmente na regi\u00e3o Leste de Foz do Igua\u00e7u; a chamada \u201cOpera\u00e7\u00e3o Portal do Crime\u201d \u00e9 conduzida pelo N\u00facleo de Foz do Igua\u00e7u do Gaeco (Grupo de Atua\u00e7\u00e3o Especial de Combate ao Crime Organizado), com apoio de equipes t\u00e1ticas da Pol\u00edcia Militar e da Guarda Municipal de Foz do Igua\u00e7u, al\u00e9m de agentes do setor de Opera\u00e7\u00f5es Especiais do Departamento Penitenci\u00e1rio do Paran\u00e1<\/p>\n\n\n\n<p class=\"wp-block-paragraph\">\ud83c\udde7\ud83c\uddf7\ud83d\udc65 Federa\u00e7\u00e3o das Ind\u00fastrias do Estado de S\u00e3o Paulo (Fiesp) exibe bandeira do Brasil em protesto ap\u00f3s revela\u00e7\u00f5es sobre Moraes e Vorcaro; uma fonte ligada \u00e0 Fiesp confirmou a informa\u00e7\u00e3o \u00e0 Gazeta do Povo e disse que a bandeira permanecer\u00e1 no local por tempo indeterminado; a manifesta\u00e7\u00e3o ocorre um dia depois de o ministro Andr\u00e9 Mendon\u00e7a, do STF, retirar o sigilo de documentos produzidos pela Pol\u00edcia Federal a partir da an\u00e1lise do celular de Vorcaro<\/p>\n\n\n\n<p class=\"wp-block-paragraph\">\u2708\ufe0f Ag\u00eancia Nacional de Avia\u00e7\u00e3o Civil (Anac) suspende provisoriamente as opera\u00e7\u00f5es da Total Linhas A\u00e9reas, respons\u00e1vel pelo transporte a\u00e9reo de mercadorias dos Correios, devido a falhas cr\u00edticas identificadas em processos de fiscaliza\u00e7\u00e3o; a decis\u00e3o, tomada na ter\u00e7a-feira (1) exige que a empresa corrija irregularidades e demonstre a efetividade de seus sistemas de seguran\u00e7a antes de retomar as atividades<\/p>\n\n\n\n<p class=\"wp-block-paragraph\">\ud83c\udfdb\ufe0f Ag\u00eancia Nacional de Vigil\u00e2ncia Sanit\u00e1ria (Anvisa) suspende a fabrica\u00e7\u00e3o de produtos de limpeza da Unilever em uma unidade em Vinhedo, no interior de S\u00e3o Paulo (SP); a empresa \u00e9 dona de marcas de produtos de limpeza como Omo, Cif e Comfort, al\u00e9m de itens de cuidados pessoais, a exemplo de Dove, Rexona e Seda; a medida informa que uma inspe\u00e7\u00e3o identificou falhas nas boas pr\u00e1ticas de fabrica\u00e7\u00e3o, incluindo problemas nos controles realizados durante a produ\u00e7\u00e3o e antes da distribui\u00e7\u00e3o, no monitoramento da \u00e1gua e na corre\u00e7\u00e3o de problemas encontrados pela pr\u00f3pria empresa; n\u00e3o foi identificada contamina\u00e7\u00e3o<\/p>\n\n\n\n<p class=\"wp-block-paragraph\">\ud83d\udc65\ud83d\udcf2 Ag\u00eancia Nacional de Telecomunica\u00e7\u00f5es (Anatel) vota nesta quinta-feira (3) a transfer\u00eancia do controle da Oi Servi\u00e7os Telef\u00f4nicos; o Conselho Diretor convocou reuni\u00e3o extraordin\u00e1ria para analisar anu\u00eancia pr\u00e9via \u00e0 opera\u00e7\u00e3o que transfere a empresa para a M\u00e9todo Telecomunica\u00e7\u00f5es<\/p>\n\n\n\n<p class=\"wp-block-paragraph\">\ud83c\udfe5 Casos confirmados de sarampo chegam a 28 em S\u00e3o Paulo; estado registrou na ter\u00e7a-feira (1) mais dois casos da doen\u00e7a infecciosa, chegando a 28 registrados neste ano; um beb\u00ea e uma mulher de 40 anos foram infectados pelo v\u00edrus; a informa\u00e7\u00e3o foi confirmada pela Secretaria de Sa\u00fade no \u00faltimo balan\u00e7o epidemiol\u00f3gico; segundo dados do governo do estado, 25 infec\u00e7\u00f5es ocorreram na capital paulista, duas em S\u00e3o Bernardo do Campo e uma em Guarulhos, cidades da regi\u00e3o metropolitana da capital paulista<\/p>\n\n\n\n<p class=\"wp-block-paragraph\">\u271d\ufe0f\ud83c\udfa5 Morre o ator Gracindo Jr., aos 83 anos; artista faleceu na noite de ter\u00e7a-feira (1); a assessoria do ator e diretor confirmou a morte por meio das redes sociais; a causa da morte n\u00e3o foi divulgada; com uma trajet\u00f3ria que atravessou diferentes fases da produ\u00e7\u00e3o art\u00edstica brasileira, ele trabalhou no r\u00e1dio, no teatro, no cinema e na televis\u00e3o; filho do tamb\u00e9m ator Paulo Gracindo, tornou-se um nome conhecido da dramaturgia e tamb\u00e9m exerceu fun\u00e7\u00f5es de dire\u00e7\u00e3o<\/p>\n\n\n\n<p class=\"wp-block-paragraph\">\u2744\ufe0f Uma nova massa de ar polar avan\u00e7a pelo Brasil, a partir desta quarta-feira (2), e derruba as temperaturas at\u00e9 o feriado do Dia da Independ\u00eancia, na segunda-feira (7); al\u00e9m da queda nas temperaturas, o sistema traz chuvas intensas com risco de raios e rajadas de vento de at\u00e9 55 km\/h; nas serras ga\u00fachas e catarinenses h\u00e1 chance de geada e at\u00e9 neve; a frente fria chega pelo Rio Grande do Sul e se espalha para outros estados no centro-sul do pa\u00eds<\/p>\n\n\n\n<p class=\"wp-block-paragraph\">\ud83d\udcb0Sorteio de hoje da Mega-Sena 3.053 pode pagar pr\u00eamio acumulado de R$ 41 milh\u00f5es; os jogos podem ser feitos at\u00e9 as 20h em lot\u00e9ricas credenciadas ou pelos canais eletr\u00f4nicos da Caixa<\/p>\n\n\n\n<p class=\"wp-block-paragraph\">CI\u00caNCIA e TECNOLOGIA<\/p>\n\n\n\n<p class=\"wp-block-paragraph\">\ud83e\udea8\ud83c\udf0f A 700 metros sob o Mar do Norte, cratera de 3,2 quil\u00f4metros revela mega cicatriz de asteroide que atingiu a Terra h\u00e1 mais de 43 milh\u00f5es de anos; a estrutura est\u00e1 localizada no sul do Mar do Norte, aproximadamente 130 quil\u00f4metros da costa de Yorkshire, na Inglaterra; sua posi\u00e7\u00e3o abaixo do fundo marinho fez com que permanecesse escondida at\u00e9 ser identificada em dados s\u00edsmicos em 2002<\/p>\n\n\n\n<p class=\"wp-block-paragraph\">\ud83d\udef0\ufe0f Nasa lan\u00e7a telesc\u00f3pio Roman, capaz de observar uma \u00e1rea de um milh\u00e3o de quil\u00f4metros no espa\u00e7o; novo telesc\u00f3pio da Nasa ter\u00e1 campo de vis\u00e3o 100 vezes maior que o do Hubble para estudar os mist\u00e9rios do universo<\/p>\n\n\n\n<p class=\"wp-block-paragraph\">ESPORTES<\/p>\n\n\n\n<p class=\"wp-block-paragraph\">\u26bd Copa do Brasil<br \/>Quartas de Final, jogo 2:<br \/>Santos 0x0 Palmeiras<br \/>Vit\u00f3ria 0x2 Vasco<\/p>\n\n\n\n<p class=\"wp-block-paragraph\">\u26bd Campeonato Brasileiro<br \/>S\u00e9rie A, 4\u00aa rodada (jogo adiado):<br \/>Flamengo 2&#215;0 Mirassol<\/p>\n\n\n\n<p class=\"wp-block-paragraph\">\u26bd\ud83d\udc65 D\u00ednamo Moscou se pronuncia ap\u00f3s devolver Plata ao Flamengo e Matheus Martins ao Botafogo; clube russo d\u00e1 a sua vers\u00e3o sobre o ocorrido, n\u00e3o apresenta motivos para desist\u00eancias e credita decis\u00e3o a &#8220;interesses de longo prazo&#8221;<\/p>\n\n\n\n<p class=\"wp-block-paragraph\">\u26bd\ud83d\udc64Bragantino anuncia contrata\u00e7\u00e3o de Wallace Yan, do Flamengo; meia-atacante de 21 anos assinou contrato com equipe de Bragan\u00e7a Paulista at\u00e9 2031<\/p>\n\n\n\n<p class=\"wp-block-paragraph\">\u26bd\u2696\ufe0f Corinthians \u00e9 denunciado ao STJD por confus\u00e3o em ofensas a garoto que ganhou camisa de Neymar; clube pode levar multa de R$ 100 a R$ 100 mil por desordem causada por torcedores na Neo Qu\u00edmica Arena no cl\u00e1ssico contra o Santos<\/p>\n\n\n\n<p class=\"wp-block-paragraph\">\u26bd CBF anuncia as datas e advers\u00e1rios dos seus dois \u00faltimos jogos de 2026; a Sele\u00e7\u00e3o far\u00e1 nova viagem \u00e0 \u00c1sia e enfrentar\u00e1 o Jap\u00e3o, no dia 14 de novembro, e Singapura, no dia 17; as duas partidas ser\u00e3o no Est\u00e1dio Nacional de Singapura<\/p>\n\n\n\n<p class=\"wp-block-paragraph\">\ud83c\udfc4\ud83c\udffc\u200d\u2642\ufe0f Liga Mundial de Surfe (WSL): Gabriel Medina d\u00e1 show, tira uma nota 10 na final, mas fica com o vice em Fiji; tricampe\u00e3o mundial faz grande competi\u00e7\u00e3o, contudo, a onda perfeita n\u00e3o foi capaz de evitar o t\u00edtulo do americano Cole Houshmand, que levou a etapa de Cloudbreak com um placar de 16.87 a 15.17 na decis\u00e3o; Erin Brooks leva o t\u00edtulo feminino; Italo Ferreira segue em primeiro no ranking<\/p>\n\n\n\n<p class=\"wp-block-paragraph\">\ud83c\udf0d\ud83d\udcf0 NOT\u00cdCIAS INTERNACIONAIS<\/p>\n\n\n\n<p class=\"wp-block-paragraph\">\ud83c\uddfa\ud83c\udde6\ud83c\uddf7\ud83c\uddfa Um ataque russo contra as principais instala\u00e7\u00f5es de energia da regi\u00e3o de Odessa, no sul da Ucr\u00e2nia, deixou temporariamente mais de 350 mil fam\u00edlias sem eletricidade nesta quarta-feira (2), segundo a empresa de energia DTEK; enquanto isso, os ataques contra a capital Kiev entraram no s\u00e9timo dia consecutivo<\/p>\n\n\n\n<p class=\"wp-block-paragraph\">\ud83c\uddfa\ud83c\udde6\ud83c\uddf7\ud83c\uddfa Em meio a ataques, Ucr\u00e2nia anuncia rede subterr\u00e2nea para combust\u00edveis; com o setor de energia na mira, novo sistema busca garantir abastecimento de diesel para defesa e infraestrutura cr\u00edtica<\/p>\n\n\n\n<p class=\"wp-block-paragraph\">\ud83c\uddfa\ud83c\udde6\ud83c\udde9\ud83c\uddea Ucr\u00e2nia chegou a acordo de produ\u00e7\u00e3o drones com Alemanha, diz Zelensky; acordo proposto pela Ucr\u00e2nia h\u00e1 meses deve incluir o desenvolvimento conjunto de diferentes tipos de drones, m\u00edsseis e softwares relacionados<\/p>\n\n\n\n<p class=\"wp-block-paragraph\">\ud83c\udde9\ud83c\uddea Alemanha investiga sabotagens \u00e0 rede el\u00e9trica, com temor de guerra h\u00edbrida; incidente ocorre ap\u00f3s Berlim responsabilizar a R\u00fassia por ataque com drones em aeroporto e em meio \u00e0 amea\u00e7a de conflito<\/p>\n\n\n\n<p class=\"wp-block-paragraph\">\ud83c\uddea\ud83c\uddfa\ud83c\uddf7\ud83c\uddfa Uni\u00e3o Europeia vai endurecer san\u00e7\u00f5es contra a R\u00fassia, afirmou nesta quarta-feira (2) a chefe de pol\u00edtica externa do bloco, Kaja Kallas; ministros das Rela\u00e7\u00f5es Exteriores de pa\u00edses do bloco tamb\u00e9m retomaram a ideia de utilizar ativos russos congelados para financiar a Ucr\u00e2nia<\/p>\n\n\n\n<p class=\"wp-block-paragraph\">\ud83c\uddea\ud83c\uddfa\ud83c\uddf7\ud83c\uddfa Von der Leyen diz que ataque com drones eleva tens\u00e3o entre R\u00fassia e Europa; Presidente da Comiss\u00e3o Europeia e secret\u00e1rio-geral da OTAN alertam para a escalada de incidentes perigosos atribu\u00eddos a Moscou, como em Leipzig<\/p>\n\n\n\n<p class=\"wp-block-paragraph\">\ud83c\uddf7\ud83c\uddfa\ud83c\udde9\ud83c\uddea R\u00fassia rejeita acusa\u00e7\u00e3o da Alemanha sobre tentativa de ataque com drones no Aeroporto de Leipzig\/Halle no m\u00eas passado; Minist\u00e9rio das Rela\u00e7\u00f5es Exteriores da R\u00fassia convocou encarregado de neg\u00f3cios da Alemanha em Moscou para rejeitar den\u00fancias &#8220;totalmente fabricadas&#8221;<\/p>\n\n\n\n<p class=\"wp-block-paragraph\">\ud83c\uddf3\ud83c\uddf4\ud83c\uddf7\ud83c\uddfa Noruega apreende navio russo para cobrar indeniza\u00e7\u00e3o de US$ 4,2 bilh\u00f5es, obtida pela empresa ucraniana de energia Naftogaz, em raz\u00e3o da tomada de seus ativos por Moscou quando a R\u00fassia anexou a Crimeia, em 2014, informaram autoridades na noite desta quarta-feira (2); a ag\u00eancia estatal russa TASS citou um porta-voz do Minist\u00e9rio das Rela\u00e7\u00f5es Exteriores dizendo que a a\u00e7\u00e3o da Noruega foi um ato de \u201cpirataria\u201d<\/p>\n\n\n\n<p class=\"wp-block-paragraph\">\ud83c\uddf9\ud83c\uddf7\ud83c\uddf7\ud83c\uddfa Tayyip Erdogan alerta sobre nova crise de gr\u00e3os no Mar Negro; presidente turco debateu situa\u00e7\u00e3o com Vladimir Putin, presidente russo, e prop\u00f4s plano para passagem segura de alimentos diante de poss\u00edvel escassez no Leste Europeu<\/p>\n\n\n\n<p class=\"wp-block-paragraph\">\ud83c\uddf3\ud83c\uddf5\ud83d\udc65 Nepal realiza enterro coletivo para v\u00edtimas n\u00e3o identificadas de enchente; n\u00famero de mortos chegou a 1.204, enquanto 4.216 pessoas seguem desaparecidas ap\u00f3s desastre natural<\/p>\n\n\n\n<p class=\"wp-block-paragraph\">\ud83c\uddf3\ud83c\uddf5\ud83c\udde8\ud83c\uddf3 Nepal reconstruir\u00e1 sistema de alerta na fronteira com a China ap\u00f3s enchente; medida ocorre uma semana ap\u00f3s enchente provocada pelo colapso de uma geleira deixar milhares de mortos e desaparecidos<\/p>\n\n\n\n<p class=\"wp-block-paragraph\">\ud83c\udde8\ud83c\uddf3\ud83c\uddee\ud83c\uddf3 Terremoto de magnitude 5 atinge o Tibete, dizem centros de pesquisa; servi\u00e7os geol\u00f3gicos dos Estados Unidos e Alemanha identificaram temor pr\u00f3ximo \u00e0 fronteira com a \u00cdndia; de acordo com os institutos, o tremor ocorreu a uma profundidade de 10 quil\u00f4metros, considerada rasa; at\u00e9 o momento, n\u00e3o h\u00e1 informa\u00e7\u00f5es sobre v\u00edtimas ou danos; local n\u00e3o \u00e9 pr\u00f3ximo da regi\u00e3o onde uma enchente rel\u00e2mpago deixou um rastro de destrui\u00e7\u00e3o na quarta-feira (26\/08)<\/p>\n\n\n\n<p class=\"wp-block-paragraph\">\ud83c\udde8\ud83c\udde9 Surto de Ebola na Rep\u00fablica Democr\u00e1tica do Congo matou mais de tr\u00eas mil, segundo o governo; epidemia no pa\u00eds se torna pior de sua hist\u00f3ria, espalhando-se pelo nordeste do territ\u00f3rio e preocupando autoridades<\/p>\n\n\n\n<p class=\"wp-block-paragraph\">\ud83c\uddee\ud83c\uddf1\ud83c\uddee\ud83c\uddf7 Israel coloca ca\u00e7as em prontid\u00e3o e amea\u00e7a responder com \u201cgrande for\u00e7a\u201d a eventual novo ataque do Ir\u00e3; o alerta foi feito pelo ministro da Defesa israelense, Israel Katz, que afirmou que ca\u00e7as da For\u00e7a A\u00e9rea est\u00e3o prontos para decolar se houver necessidade de uma rea\u00e7\u00e3o militar urgente<\/p>\n\n\n\n<p class=\"wp-block-paragraph\">\ud83c\uddfa\ud83c\uddf8\ud83c\uddee\ud83c\uddf7 EUA negam ter atingido civis ap\u00f3s relato de ataque a casamento no Ir\u00e3; Comando do Ex\u00e9rcito americano refuta alega\u00e7\u00f5es iranianas sobre v\u00edtimas atingidas na regi\u00e3o do Estreito de Ormuz<\/p>\n\n\n\n<p class=\"wp-block-paragraph\">\ud83c\uddfa\ud83c\uddf8\ud83c\uddee\ud83c\uddf7\u2708\ufe0f EUA avaliam san\u00e7\u00f5es a a\u00e9reas e ativos digitais ligados ao Ir\u00e3, diz Scott Bessent; em outra declara\u00e7\u00e3o, o Secret\u00e1rio do Tesouro dos Estados Unidos tamb\u00e9m disse que pa\u00eds vai sancionar banco iraniano nesta semana<\/p>\n\n\n\n<p class=\"wp-block-paragraph\">\ud83c\uddfa\ud83c\uddf8\ud83d\udc65 O Servi\u00e7o de Imigra\u00e7\u00e3o e Alf\u00e2ndega dos EUA (ICE) prendeu 51 mil pessoas em agosto e marca novo recorde do governo Trump; ag\u00eancia sofre press\u00e3o para cumprir cotas de deten\u00e7\u00f5es impostas pela Casa Branca e amplia escopo de quem pode ser detido<\/p>\n\n\n\n<p class=\"wp-block-paragraph\">\ud83c\uddfa\ud83c\uddf8\ud83d\udc8a Nova terapia oral contra c\u00e2ncer de p\u00e2ncreas \u00e9 aprovada nos EUA ap\u00f3s resultados promissores e abre uma frente in\u00e9dita no tratamento da enfermidade; a Food and Drug Administration (FDA), ag\u00eancia reguladora norte-americana, autorizou em 26 de agosto o daraxonrasib, vendido sob o nome comercial Rasonque, para determinados pacientes adultos com adenocarcinoma pancre\u00e1tico metast\u00e1tico<\/p>\n\n\n\n<p class=\"wp-block-paragraph\">\ud83c\uddfa\ud83c\uddf8\ud83c\uddf3\ud83c\uddee Marco Rubio pede isolamento da Nicar\u00e1gua ap\u00f3s reforma constitucional; Secret\u00e1rio de Estado dos Estados Unidos apelou a parceiros internacionais ap\u00f3s reforma que pro\u00edbe oposi\u00e7\u00e3o e estende mandato presidencial de Daniel Ortega<\/p>\n\n\n\n<p class=\"wp-block-paragraph\">\ud83c\uddfa\ud83c\uddf8\ud83c\udde8\ud83c\uddfa Ve\u00edculos de imprensa dos Estados Unidos noticiaram nesta quarta-feira (2) que o ex-ditador cubano Ra\u00fal Castro, de 95 anos, teria sofrido um acidente vascular cerebral (AVC) e estaria internado em estado grave em Cuba; at\u00e9 o momento, por\u00e9m, o regime cubano n\u00e3o confirmou oficialmente as informa\u00e7\u00f5es sobre o estado de sa\u00fade do antigo l\u00edder do pa\u00eds<\/p>\n\n\n\n<p class=\"wp-block-paragraph\">\ud83c\uddfa\ud83c\uddf8\ud83c\uddea\ud83c\udde8 EUA afundam suposto ponto de reabastecimento de drogas de gangue do Equador; opera\u00e7\u00e3o foi realizada em colabora\u00e7\u00e3o com o governo do Equador; embarca\u00e7\u00e3o prestava apoio \u00e0 organiza\u00e7\u00e3o criminosa &#8220;Los Choneros&#8221;, considerada terrorista por Washington, informou o Comando Sul dos Estados Unidos (SOUTHCOM)<\/p>\n\n\n\n<p class=\"wp-block-paragraph\">\ud83c\uddfb\ud83c\uddea\ud83c\uddfa\ud83c\uddf8 Delcy Rodr\u00edguez agradece a Donald Trump por acordos de petr\u00f3leo; presidente interina da Venezuela diz que projetos v\u00e3o ajudar na recupera\u00e7\u00e3o econ\u00f4mica e no bem-estar geral do pa\u00eds<\/p>\n\n\n\n<p class=\"wp-block-paragraph\">\ud83c\udf0d EVENTOS HIST\u00d3RICOS DO DIA<\/p>\n\n\n\n<p class=\"wp-block-paragraph\">-301: San Marino, uma das menores na\u00e7\u00f5es do mundo e a rep\u00fablica mais antiga do mundo ainda existente, \u00e9 fundada por S\u00e3o Marino, um antigo crist\u00e3o romano do s\u00e9culo IV<\/p>\n\n\n\n<p class=\"wp-block-paragraph\">-590: \u00c9 eleito o Papa Greg\u00f3rio I<\/p>\n\n\n\n<p class=\"wp-block-paragraph\">-1783: Guerra de Independ\u00eancia dos Estados Unidos: a guerra termina com a assinatura do Tratado de Paris pelos Estados Unidos e o Reino da Gr\u00e3-Bretanha<\/p>\n\n\n\n<p class=\"wp-block-paragraph\">-1914: O Cardeal Giacomo della Chiesa \u00e9 eleito papa e toma o nome de Bento XV<\/p>\n\n\n\n<p class=\"wp-block-paragraph\">-1939: Segunda Guerra Mundial: Fran\u00e7a, Reino Unido, Nova Zel\u00e2ndia e Austr\u00e1lia declaram guerra \u00e0 Alemanha ap\u00f3s a invas\u00e3o da Pol\u00f4nia, formando os Aliados<\/p>\n\n\n\n<p class=\"wp-block-paragraph\">-1943: As for\u00e7as aliadas iniciam a invas\u00e3o continental da It\u00e1lia na Segunda Guerra Mundial<\/p>\n\n\n\n<p class=\"wp-block-paragraph\">-1950: O automobilista italiano &#8220;Nino&#8221; Farina se torna o primeiro campe\u00e3o da F\u00f3rmula 1, ap\u00f3s vencer o Grande Pr\u00eamio da It\u00e1lia de 1950<\/p>\n\n\n\n<p class=\"wp-block-paragraph\">-1971: O Catar se torna um Estado Independente<\/p>\n\n\n\n<p class=\"wp-block-paragraph\">-1976: Programa Viking: a espa\u00e7onave americana Viking 2 aterrissa na Utopia Planitia em Marte<\/p>\n\n\n\n<p class=\"wp-block-paragraph\">-1989:<\/p>\n\n\n\n<blockquote class=\"wp-block-quote is-layout-flow wp-block-quote-is-layout-flow\">\n<p class=\"wp-block-paragraph\">O voo Varig 254, um Boeing 737, faz um pouso for\u00e7ado sobre uma regi\u00e3o de selva localizada 60 quil\u00f4metros ao norte de S\u00e3o Jos\u00e9 do Xingu, em Mato Grosso, em decorr\u00eancia de falta de combust\u00edvel; 12 pessoas morreram<br \/>O voo 9046 da Cubana de Aviaci\u00f3n, um Ilyushin II-62M, cai em uma \u00e1rea residencial de Havana, Cuba, logo ap\u00f3s a decolagem do Aeroporto Internacional Jos\u00e9 Mart\u00ed, matando 150 pessoas<\/p>\n<\/blockquote>\n\n\n\n<p class=\"wp-block-paragraph\">-1994: A R\u00fassia e a Rep\u00fablica Popular da China concordam em desalinhar suas armas nucleares umas contra as outras<\/p>\n\n\n\n<p class=\"wp-block-paragraph\">-1995: O eBay, uma empresa de com\u00e9rcio eletr\u00f4nico, \u00e9 fundado nos Estados Unidos<\/p>\n\n\n\n<p class=\"wp-block-paragraph\">-1997: O voo 815 da Vietnam Airlines, um Tupolev Tu-134, cai ao se aproximar do Aeroporto de Phnom Penh, matando 64 pessoas<\/p>\n\n\n\n<p class=\"wp-block-paragraph\">-2017: A Coreia do Norte conduz seu sexto e mais poderoso teste nuclear<\/p>\n\n\n\n<p class=\"wp-block-paragraph\">-2025: Em Lisboa, Portugal, o Elevador da Gl\u00f3ria descarrila ap\u00f3s descer a Cal\u00e7ada da Gl\u00f3ria desgovernado, provocando 16 mortos<\/p>\n\n\n\n<p class=\"wp-block-paragraph\">Essas s\u00e3o algumas not\u00edcias do dia \u2705<br \/>Autor: Roberto Vieira Filho \ud83c\udde7\ud83c\uddf7\ud83c\udf0e<br \/>Bom Dia!!! \ud83d\udc4d\ud83c\udffc\ud83d\ude09<\/p>\n\n\n\n<p class=\"wp-block-paragraph\"><\/p>\n","protected":false},"excerpt":{"rendered":"<p>\u2705 NOT\u00cdCIAS DO DIA &#8211; ANO 10 n\u00b0 3575Dia 3 de Setembro de 2026, Quinta-Feira DATAS COMEMORATIVASDia das Organiza\u00e7\u00f5es PopularesDia do Bi\u00f3logoDia do Guarda Civil TEMPERATURA E INDICADORES FINANCEIROS\u26c5 M\u00edn 10\u2070 M\u00e1x 22\u2070 (Curitiba-PR)\ud83d\udcb5 D\u00f3lar Com \u2b07\ufe0f 0,91% R$ 5,11\ud83d\udcb6 Euro \u2b07\ufe0f 0,9% R$ 5,92\ud83d\udcca Ibovespa \u2b06\ufe0f 3,05% 185.205 pts\ud83e\ude99 Bitcoin \u2b07\ufe0f 1,6% R$ 392.622,25\ud83d\udcb2IGP-M [&hellip;]<\/p>\n","protected":false},"author":12,"featured_media":0,"comment_status":"open","ping_status":"open","sticky":false,"template":"","format":"standard","meta":{"footnotes":""},"categories":[9],"tags":[],"class_list":["post-174898","post","type-post","status-publish","format-standard","hentry","category-engracadas"],"_links":{"self":[{"href":"https:\/\/www.largadoemguarapari.com.br\/13largado\/wp-json\/wp\/v2\/posts\/174898","targetHints":{"allow":["GET"]}}],"collection":[{"href":"https:\/\/www.largadoemguarapari.com.br\/13largado\/wp-json\/wp\/v2\/posts"}],"about":[{"href":"https:\/\/www.largadoemguarapari.com.br\/13largado\/wp-json\/wp\/v2\/types\/post"}],"author":[{"embeddable":true,"href":"https:\/\/www.largadoemguarapari.com.br\/13largado\/wp-json\/wp\/v2\/users\/12"}],"replies":[{"embeddable":true,"href":"https:\/\/www.largadoemguarapari.com.br\/13largado\/wp-json\/wp\/v2\/comments?post=174898"}],"version-history":[{"count":1,"href":"https:\/\/www.largadoemguarapari.com.br\/13largado\/wp-json\/wp\/v2\/posts\/174898\/revisions"}],"predecessor-version":[{"id":174899,"href":"https:\/\/www.largadoemguarapari.com.br\/13largado\/wp-json\/wp\/v2\/posts\/174898\/revisions\/174899"}],"wp:attachment":[{"href":"https:\/\/www.largadoemguarapari.com.br\/13largado\/wp-json\/wp\/v2\/media?parent=174898"}],"wp:term":[{"taxonomy":"category","embeddable":true,"href":"https:\/\/www.largadoemguarapari.com.br\/13largado\/wp-json\/wp\/v2\/categories?post=174898"},{"taxonomy":"post_tag","embeddable":true,"href":"https:\/\/www.largadoemguarapari.com.br\/13largado\/wp-json\/wp\/v2\/tags?post=174898"}],"curies":[{"name":"wp","href":"https:\/\/api.w.org\/{rel}","templated":true}]}}