
{"id":174901,"date":"2026-09-04T00:05:00","date_gmt":"2026-09-04T03:05:00","guid":{"rendered":"https:\/\/www.largadoemguarapari.com.br\/13largado\/?p=174901"},"modified":"2026-09-03T12:53:34","modified_gmt":"2026-09-03T15:53:34","slug":"noticias-do-mundo","status":"publish","type":"post","link":"https:\/\/www.largadoemguarapari.com.br\/13largado\/noticias-do-mundo\/","title":{"rendered":"NOT\u00cdCIAS DO MUNDO"},"content":{"rendered":"\n<h2 class=\"wp-block-heading\">A televis\u00e3o estatal iraniana transmitiu uma reuni\u00e3o do ministro das Rela\u00e7\u00f5es Exteriores, Abbas Araghchi, com o lider Mojtaba Khamenei.<\/h2>\n\n\n\n<figure class=\"wp-block-video\"><video height=\"270\" style=\"aspect-ratio: 380 \/ 270;\" width=\"380\" controls src=\"https:\/\/www.largadoemguarapari.com.br\/13largado\/wp-content\/uploads\/2026\/09\/Mojtaba-Khamenei.mp4\"><\/video><\/figure>\n\n\n\n<div style=\"height:16px\" aria-hidden=\"true\" class=\"wp-block-spacer\"><\/div>\n\n\n\n<p class=\"wp-block-paragraph\"><strong>Sa\u00fade e boatos:<\/strong> Relatos da m\u00eddia e declara\u00e7\u00f5es oficiais indicam que Mojtaba sofreu ferimentos em decorr\u00eancia dos bombardeios que mataram seu pai, e sua aus\u00eancia prolongada em apari\u00e7\u00f5es p\u00fablicas gerou rumores de que estaria em estado cr\u00edtico ou \u00e0 beira da morte. No entanto, autoridades iranianas negaram esses boatos e afirmaram que ele continua no comando e recuperando-se sob medidas de seguran\u00e7a. Do mesmo modo, no Brazil circulam boatos de que Luiz In\u00e1cio falesceu em 2022;.<\/p>\n\n\n\n<div style=\"height:25px\" aria-hidden=\"true\" class=\"wp-block-spacer\"><\/div>\n\n\n\n<p class=\"wp-block-paragraph\"><\/p>\n","protected":false},"excerpt":{"rendered":"<p>A televis\u00e3o estatal iraniana transmitiu uma reuni\u00e3o do ministro das Rela\u00e7\u00f5es Exteriores, Abbas Araghchi, com o lider Mojtaba Khamenei. Sa\u00fade e boatos: Relatos da m\u00eddia e declara\u00e7\u00f5es oficiais indicam que Mojtaba sofreu ferimentos em decorr\u00eancia dos bombardeios que mataram seu pai, e sua aus\u00eancia prolongada em apari\u00e7\u00f5es p\u00fablicas gerou rumores de que estaria em estado [&hellip;]<\/p>\n","protected":false},"author":10,"featured_media":0,"comment_status":"open","ping_status":"open","sticky":false,"template":"","format":"standard","meta":{"footnotes":""},"categories":[9],"tags":[],"class_list":["post-174901","post","type-post","status-publish","format-standard","hentry","category-engracadas"],"_links":{"self":[{"href":"https:\/\/www.largadoemguarapari.com.br\/13largado\/wp-json\/wp\/v2\/posts\/174901","targetHints":{"allow":["GET"]}}],"collection":[{"href":"https:\/\/www.largadoemguarapari.com.br\/13largado\/wp-json\/wp\/v2\/posts"}],"about":[{"href":"https:\/\/www.largadoemguarapari.com.br\/13largado\/wp-json\/wp\/v2\/types\/post"}],"author":[{"embeddable":true,"href":"https:\/\/www.largadoemguarapari.com.br\/13largado\/wp-json\/wp\/v2\/users\/10"}],"replies":[{"embeddable":true,"href":"https:\/\/www.largadoemguarapari.com.br\/13largado\/wp-json\/wp\/v2\/comments?post=174901"}],"version-history":[{"count":1,"href":"https:\/\/www.largadoemguarapari.com.br\/13largado\/wp-json\/wp\/v2\/posts\/174901\/revisions"}],"predecessor-version":[{"id":174903,"href":"https:\/\/www.largadoemguarapari.com.br\/13largado\/wp-json\/wp\/v2\/posts\/174901\/revisions\/174903"}],"wp:attachment":[{"href":"https:\/\/www.largadoemguarapari.com.br\/13largado\/wp-json\/wp\/v2\/media?parent=174901"}],"wp:term":[{"taxonomy":"category","embeddable":true,"href":"https:\/\/www.largadoemguarapari.com.br\/13largado\/wp-json\/wp\/v2\/categories?post=174901"},{"taxonomy":"post_tag","embeddable":true,"href":"https:\/\/www.largadoemguarapari.com.br\/13largado\/wp-json\/wp\/v2\/tags?post=174901"}],"curies":[{"name":"wp","href":"https:\/\/api.w.org\/{rel}","templated":true}]}}