
{"id":174929,"date":"2026-09-04T07:28:04","date_gmt":"2026-09-04T10:28:04","guid":{"rendered":"https:\/\/www.largadoemguarapari.com.br\/13largado\/?p=174929"},"modified":"2026-09-04T07:28:04","modified_gmt":"2026-09-04T10:28:04","slug":"noticias-do-dia-1045","status":"publish","type":"post","link":"https:\/\/www.largadoemguarapari.com.br\/13largado\/noticias-do-dia-1045\/","title":{"rendered":"NOT\u00cdCIAS DO DIA"},"content":{"rendered":"\n<p class=\"wp-block-paragraph\">\u2705 NOT\u00cdCIAS DO DIA &#8211; ANO 10 n\u00b0 3576<br \/>Dia 4 de Setembro de 2026, Sexta-Feira<\/p>\n\n\n\n<p class=\"wp-block-paragraph\">DATAS COMEMORATIVAS<br \/>Dia da Lei Eus\u00e9bio de Queir\u00f3s<br \/>Dia do Serventu\u00e1rio<br \/>Dia Nacional do Odontolegista<br \/>Dia Mundial da Sa\u00fade Sexual<br \/>Dia Mundial do Taekwondo<\/p>\n\n\n\n<p class=\"wp-block-paragraph\">TEMPERATURA E INDICADORES FINANCEIROS<br \/>\u26c5 M\u00edn 18\u2070 M\u00e1x 31\u2070 (Vit\u00f3ria-ES)<br \/>\ud83d\udcb5 D\u00f3lar Com \u2b07\ufe0f 0,07% R$ 5,10<br \/>\ud83d\udcb6 Euro \u2b06\ufe0f 0,27% R$ 5,93<br \/>\ud83d\udcca Ibovespa \u2b07\ufe0f 0,01% 185.188 pts<br \/>\ud83e\ude99 Bitcoin \u2b06\ufe0f 5,6% R$ 415.799,28<br \/>\ud83d\udcb2IGP-M \u2b07\ufe0f 0,22% Agosto de 2026<br \/>\ud83d\udcb2INPC \u2b07\ufe0f 0,01% Julho de 2026<br \/>\ud83d\udcb2IPCA \u2b06\ufe0f 0,07% Julho de 2026<br \/>\ud83d\udcb2SELIC \u2b06\ufe0f 14% 5 de Agosto de 2026<br \/>\ud83d\udcb2TR \u2b06\ufe0f 0,17% 03 de Setembro de 2026<br \/>\ud83d\udfe8 Ouro (grama) \u2b06\ufe0f 2,18% R$ 735,72<br \/>Colabore voluntariamente com o Informativo Di\u00e1rio &#8220;NOT\u00cdCIAS DO DIA &#8211; FISHING NEWS&#8221;<br \/>PIX (41) 99646-0100<\/p>\n\n\n\n<p class=\"wp-block-paragraph\">\ud83c\udde7\ud83c\uddf7\ud83d\udcf0 NOT\u00cdCIAS NACIONAIS<\/p>\n\n\n\n<!--more-->\n\n\n\n<p class=\"wp-block-paragraph\">\ud83c\udde7\ud83c\uddf7\ud83d\udcb2Equipe econ\u00f4mica do governo prev\u00ea R$ 133,8 bilh\u00f5es em investimentos no Or\u00e7amento de 2027, segundo o projeto da Lei Or\u00e7ament\u00e1ria Anual (PLOA) enviado ao Congresso Nacional; o valor representa aumento em rela\u00e7\u00e3o aos R$ 110,8 bilh\u00f5es previstos no Or\u00e7amento de 2026<\/p>\n\n\n\n<p class=\"wp-block-paragraph\">\ud83c\udde7\ud83c\uddf7\ud83d\udc65 Senado aprova prazo de 60 dias para regulariza\u00e7\u00e3o ambiental de im\u00f3veis rurais; projeto altera a Lei de Crimes Ambientais e visa dar maior previsibilidade aos produtores rurais; o texto segue agora para an\u00e1lise da C\u00e2mara dos Deputados<\/p>\n\n\n\n<p class=\"wp-block-paragraph\">\ud83c\udde7\ud83c\uddf7\ud83d\udc65 Ve\u00edculos de comunica\u00e7\u00e3o cobram defini\u00e7\u00e3o de Lula e Fl\u00e1vio sobre presen\u00e7a em debate; em comunicado divulgado nesta quinta-feira (3), a organiza\u00e7\u00e3o pediu que os dois candidatos confirmem presen\u00e7a at\u00e9 7 de setembro, uma semana antes do evento; o debate come\u00e7a \u00e0s 22 horas e j\u00e1 conta com a confirma\u00e7\u00e3o de Augusto Cury (Avante), Renan Santos (Miss\u00e3o), Ronaldo Caiado (PSD) e Romeu Zema (Novo); a iniciativa re\u00fane CNN Brasil, Exame, Metr\u00f3poles, Novabrasil FM, R\u00e1dio Itatiaia, RedeTV!, Rede Vida, SBT, SBT News, Terra e VEJA+ TV<\/p>\n\n\n\n<p class=\"wp-block-paragraph\">\ud83c\udde7\ud83c\uddf7\ud83d\udc64Renan Santos formaliza pedidos de impeachment contra Moraes e Toffoli, do STF; candidato \u00e0 Presid\u00eancia protocolou den\u00fancias no Senado e acusa ministros de conduta incompat\u00edvel com o cargo em supostas rela\u00e7\u00f5es com Daniel Vorcaro<\/p>\n\n\n\n<p class=\"wp-block-paragraph\">\ud83c\udde7\ud83c\uddf7\ud83d\udc65 Carlos Viana pede afastamento de Alcolumbre por n\u00e3o pautar impeachment de Moraes; senador anunciou nesta quinta-feira (3) que pediu o afastamento do presidente do Senado, Davi Alcolumbre, do comando da Casa Alta; Viana defende o impeachment do ministro Alexandre de Moraes, do Supremo Tribunal Federal (STF), e do procurador-geral da Rep\u00fablica, Paulo Gonet<\/p>\n\n\n\n<p class=\"wp-block-paragraph\">\ud83c\udde7\ud83c\uddf7\ud83d\udc65 Por impeachment de Moraes, advogados recorrem a vice-presidente do Senado; os advogados Michael Robert e Paulo Faria resolveram ignorar o presidente do Senado, Davi Alcolumbre, na tentativa de que avance um processo de impeachment contra o ministro Alexandre de Moraes, do Supremo Tribunal Federal (STF); em peti\u00e7\u00e3o protocolada nesta quinta-feira, 3, a dupla de advogados se dirige formalmente a Eduardo Gomes; o liberal \u00e9 o primeiro-vice-presidente do Senado Federal<\/p>\n\n\n\n<p class=\"wp-block-paragraph\">\u2696\ufe0f\ud83d\udc65 Moraes pede a Fachin para investigar Mendon\u00e7a no inqu\u00e9rito das fake news; o despacho cita supostas irregularidades de Mendon\u00e7a no exerc\u00edcio da relatoria da Opera\u00e7\u00e3o Sem Desconto e na Opera\u00e7\u00e3o Compliance Zero; relatado por Moraes, o inqu\u00e9rito das fake news foi instaurado em 2019 para investigar amea\u00e7as contra integrantes do Supremo; no despacho, ele afirmou que teve acesso a &#8220;relat\u00f3rios de intelig\u00eancia&#8221; da PF que apontaram irregularidades na conduta de Mendon\u00e7a<\/p>\n\n\n\n<p class=\"wp-block-paragraph\">\u2696\ufe0f\ud83d\udc65 Ap\u00f3s tentativa de retalia\u00e7\u00e3o de Alexandre de Moraes, Andr\u00e9 Mendon\u00e7a reage e pede a Edson Fachin, Presidente do STF, o afastamento imediato de Moraes por suspeitas de vantagens ligadas a Vorcaro<\/p>\n\n\n\n<p class=\"wp-block-paragraph\">\u2696\ufe0f\ud83d\udc65 Fachin cobra informa\u00e7\u00f5es de Mendon\u00e7a, Moraes, PF e PGR sobre crise no STF; o presidente do Supremo Tribunal Federal (STF) determinou nesta quinta-feira (3) que os ministros Andr\u00e9 Mendon\u00e7a e Alexandre de Moraes se manifestem no prazo de cinco dias antes de decidir sobre o pedido de investiga\u00e7\u00e3o contra Moraes; o procurador-geral da Rep\u00fablica (PGR), Paulo Gonet, e o diretor-geral da Pol\u00edcia Federal, Andrei Rodrigues, tamb\u00e9m dever\u00e3o encaminhar esclarecimentos \u00e0 Corte<\/p>\n\n\n\n<p class=\"wp-block-paragraph\">\ud83c\udde7\ud83c\uddf7\ud83d\udc65 Oposi\u00e7\u00e3o reage a pedido de Moraes para investigar Mendon\u00e7a: \u201cEst\u00e1 fora de si\u201d; em nota, o senador Rog\u00e9rio Marinho classificou a iniciativa como uma \u201cinvers\u00e3o intoler\u00e1vel de valores\u201d e afirmou que Moraes deveria prestar esclarecimentos sobre os fatos que envolvem seu nome, em vez de usar poderes investigativos para constranger quem conduz apura\u00e7\u00f5es que o alcan\u00e7am<\/p>\n\n\n\n<p class=\"wp-block-paragraph\">\u2696\ufe0f\ud83d\udc64Vorcaro diz que dela\u00e7\u00e3o envolveria \u2018pessoas do n\u00facleo do atual governo\u2019; dono do Master afirmou ao gabinete de Mendon\u00e7a que pretendia relatar casos em que, segundo ele, houve viola\u00e7\u00f5es de limites legais e de moralidade<\/p>\n\n\n\n<p class=\"wp-block-paragraph\">\u2696\ufe0f\ud83c\udfa5 Procuradoria-Geral da Rep\u00fablica (PGR) encaminha proposta de dela\u00e7\u00e3o de empres\u00e1rio sobre \u2018Dark Horse\u2019 para o STF; a empresa de Ant\u00f4nio Carlos Freixo J\u00fanior \u00e9 investigada por supostamente ter sido utilizada em repasses do banqueiro Daniel Vorcaro para o financiamento do filme<\/p>\n\n\n\n<p class=\"wp-block-paragraph\">\u2696\ufe0f\ud83d\udc65 Tribunal Superior Eleitoral (TSE) aprova o registro de seis chapas de candidatos \u00e0 Presid\u00eancia da Rep\u00fablica nas elei\u00e7\u00f5es de outubro; por unanimidade, foram aceitos os registros das chapas, que s\u00e3o formadas pelos candidatos e seus respectivos vices; a delibera\u00e7\u00e3o do TSE ocorreu durante sess\u00e3o virtual, na qual os ministros registram os votos no sistema da Corte e n\u00e3o h\u00e1 vota\u00e7\u00e3o presencial<\/p>\n\n\n\n<p class=\"wp-block-paragraph\">\u2696\ufe0f\ud83d\udc64Tribunal Regional Eleitoral do Distrito Federal (TRE-DF) forma maioria para inelegibilidade da candidatura de Jos\u00e9 Roberto Arruda ao governo do DF; antes mesmo do in\u00edcio da an\u00e1lise, Arruda j\u00e1 tinha indicado que pretendia manter a campanha e recorrer ao Tribunal Superior Eleitoral (TSE); a Procuradoria Regional Eleitoral havia pedido ao TRE-DF a impugna\u00e7\u00e3o do registro de candidatura do ex-governador; o \u00f3rg\u00e3o argumentou que Arruda est\u00e1 ineleg\u00edvel com base na Lei da Ficha Limpa devido a condena\u00e7\u00f5es por improbidade administrativa em segunda inst\u00e2ncia, em raz\u00e3o dos desdobramentos da Opera\u00e7\u00e3o Caixa de Pandora<\/p>\n\n\n\n<p class=\"wp-block-paragraph\">\u2696\ufe0f Minist\u00e9rio P\u00fablico Federal (MPF) denuncia grupo suspeito de traficar paraguaias para explora\u00e7\u00e3o sexual; quadrilha recrutava v\u00edtimas com falsas promesssas de trabalho no Paran\u00e1; mulheres eram obrigadas a pagar multas abusivas por condutas consideradas inapropriadas por integrantes<\/p>\n\n\n\n<p class=\"wp-block-paragraph\">\ud83d\udc65 Tarc\u00edsio demite delegado ap\u00f3s processo; o governador de S\u00e3o Paulo demitiu o deputado federal Carlos Alberto da Cunha, conhecido como Delegado Da Cunha, dos quadros da Pol\u00edcia Civil paulista; a decis\u00e3o saiu no Di\u00e1rio Oficial do Estado nesta quinta-feira (3), ap\u00f3s o governo considerar procedentes as acusa\u00e7\u00f5es examinadas em um processo administrativo<\/p>\n\n\n\n<p class=\"wp-block-paragraph\">\ud83d\ude94\ud83d\udc65 Delegados da Pol\u00edcia Federal dizem que Gilmar Mendes desvia foco de problemas reais do STF; o presidente da Associa\u00e7\u00e3o dos Delegados da Pol\u00edcia Federal (ADPF), Edvandir Paiva, declarou nesta quinta-feira (3) que o decano do Supremo Tribunal Federal (STF) tenta desviar o foco dos problemas da Corte ao sugerir que delegados n\u00e3o possam mais compor a equipe de gabinetes do tribunal<\/p>\n\n\n\n<p class=\"wp-block-paragraph\">\ud83d\ude94\ud83d\udee3\ufe0f Opera\u00e7\u00e3o Independ\u00eancia: Pol\u00edcia Rodovi\u00e1ria Federal (PRF) refor\u00e7a o combate \u00e0 embriaguez ao volante para evitar mortes nas rodovias federais; n\u00famero de pessoas mortas em sinistros de tr\u00e2nsito provocados por ingest\u00e3o de \u00e1lcool diminuiu de janeiro a julho de 2026; recusas ao teste de alcoolemia aumentaram<\/p>\n\n\n\n<p class=\"wp-block-paragraph\">\ud83d\ude94 Pol\u00edcia Federal, em a\u00e7\u00e3o conjunta com o Instituto Brasileiro do Meio Ambiente e dos Recursos Naturais Renov\u00e1veis (Ibama), deflagra a Opera\u00e7\u00e3o Iterum IV, com o objetivo de combater a extra\u00e7\u00e3o ilegal de min\u00e9rio e outros crimes ambientais na regi\u00e3o do baixo Rio Madeira, em Rond\u00f4nia; durante a opera\u00e7\u00e3o, foram inutilizadas 15 dragas e motores utilizados na atividade de garimpo ilegal; tamb\u00e9m foram apreendidos merc\u00fario e aparelhos celulares, que ser\u00e3o analisados e poder\u00e3o contribuir para o prosseguimento das investiga\u00e7\u00f5es<\/p>\n\n\n\n<p class=\"wp-block-paragraph\">\ud83d\ude99\ud83d\udcf2 Uber anuncia que vai demitir cerca de 10% dos funcion\u00e1rios em todo o mundo; empresa tem aproximadamente 34.000 funcion\u00e1rios e opera\u00e7\u00f5es em mais de 70 pa\u00edses, segundo uma apresenta\u00e7\u00e3o recente \u00e0 Comiss\u00e3o de Valores Mobili\u00e1rios<\/p>\n\n\n\n<p class=\"wp-block-paragraph\">\ud83d\udcb0Mega-Sena 3053 acumula e pr\u00eamio vai a R$ 48 milh\u00f5es, segundo estimativa inicial da Caixa Econ\u00f4mica Federal; os n\u00fameros sorteados foram: 01, 13, 25, 35, 39 e 51; o pr\u00f3ximo concurso est\u00e1 previsto para o domingo (6)<\/p>\n\n\n\n<p class=\"wp-block-paragraph\">CI\u00caNCIA e TECNOLOGIA<\/p>\n\n\n\n<p class=\"wp-block-paragraph\">\ud83e\udd9e A descoberta de duas f\u00eameas de lagostim em uma praia de Bel\u00e9m, no Par\u00e1, marcou o primeiro registro dessa esp\u00e9cie invasora no bioma da Amaz\u00f4nia; presen\u00e7a de animais no bioma pode representar riscos de desequil\u00edbrio ambiental na regi\u00e3o; os animais s\u00e3o da esp\u00e9cie Procambarus clarkii, muitos comuns na regi\u00e3o sul dos Estados Unidos e no nordeste do M\u00e9xico; eles tamb\u00e9m s\u00e3o conhecidos como lagostim-vermelho-da-luisiana<\/p>\n\n\n\n<p class=\"wp-block-paragraph\">\ud83c\udde8\ud83c\uddf1\ud83d\udc27 Cientistas criam traje de cobre e zinco para pinguins; pesquisadores do Chile desenvolveram um traje terap\u00eautico feito com fibras que cont\u00eam cobre e zinco para ajudar a acelerar a recupera\u00e7\u00e3o de pinguins ap\u00f3s cirurgias decorrentes de ferimentos causados, principalmente, por emaranhamento em redes de pesca<\/p>\n\n\n\n<p class=\"wp-block-paragraph\">\ud83c\udde8\ud83c\uddf3 A China construiu um telesc\u00f3pio do tamanho de trinta campos de futebol; aninhado nas montanhas de Guizhou, o instrumento repousa em uma depress\u00e3o natural que o protege do ru\u00eddo humano; a geologia porosa ajuda a abafar ecos e vibra\u00e7\u00f5es, criando um bols\u00e3o raro de tranquilidade eletromagn\u00e9tica; essa escolha de localiza\u00e7\u00e3o n\u00e3o foi apenas po\u00e9tica; foi estrat\u00e9gica; ao afastar-se de centros urbanos, os engenheiros reduziram a interfer\u00eancia de celulares, r\u00e1dios e sat\u00e9lites, preservando o sussurro mais t\u00eanue do espa\u00e7o<\/p>\n\n\n\n<p class=\"wp-block-paragraph\">\ud83c\uddfa\ud83c\uddf8\ud83d\udc65 Cientistas fazem uma poss\u00edvel descoberta na pesquisa da mat\u00e9ria escura, observando-os durante uma cerca de uma milha e meio experimento abaixo do solo, no estado norte-americano de Dakota do Sul, embora n\u00e3o tenham chegado \u00e0 afirma\u00e7\u00e3o de que finalmente detectaram esse componente c\u00f3smico; observa\u00e7\u00e3o pode ter envolvido uma part\u00edcula hipot\u00e9tica chamada WIMP, abrevia\u00e7\u00e3o em ingl\u00eas para \u201cpart\u00edcula massiva de intera\u00e7\u00e3o fraca\u201d<\/p>\n\n\n\n<p class=\"wp-block-paragraph\">\ud83c\uddec\ud83c\uddf7\ud83d\udc64T\u00famulo de um guerreiro de 3.500 anos na Gr\u00e9cia surpreendeu com mais de 1.400 objetos de ouro, armas e joias; uma das mais importantes rel\u00edquias da Idade do Bronze no Mediterr\u00e2neo; o achado hist\u00f3rico preserva um rico acervo de rel\u00edquias valiosas e oferece uma vis\u00e3o sem precedentes sobre a elite da antiga civiliza\u00e7\u00e3o mic\u00eanica<\/p>\n\n\n\n<p class=\"wp-block-paragraph\">ESPORTES<\/p>\n\n\n\n<p class=\"wp-block-paragraph\">\u26bd Copa do Brasil<br \/>Quartas de Final, jogo 2:<br \/>Gr\u00eamio 3&#215;1 Internacional<\/p>\n\n\n\n<p class=\"wp-block-paragraph\">\u26bd Campeonato Brasileiro<br \/>S\u00e9rie B, 26\u00aa rodada:<br \/>N\u00e1utico 1&#215;0 Botafogo-SP<\/p>\n\n\n\n<p class=\"wp-block-paragraph\">\u26bd\ud83d\udc64Al-Hilal anuncia a contrata\u00e7\u00e3o de Martinelli, ex-Arsenal; atacante brasileiro foi negociado por 70 milh\u00f5es de euros (R$ 416 milh\u00f5es) e assinou contrato at\u00e9 2030<\/p>\n\n\n\n<p class=\"wp-block-paragraph\">\u26bd\ud83d\udc64Fernando Sobral rescinde com o Coritiba e ser\u00e1 emprestado pelo Cuiab\u00e1 ao Sport; sa\u00edda do volante acontece poucos dias depois de o jogador come\u00e7ar como titular na vit\u00f3ria sobre o Remo<\/p>\n\n\n\n<p class=\"wp-block-paragraph\">\ud83c\udfbe\ud83d\udc65 Segunda melhor dupla do mundo, Luisa Stefani e Gabriela Dabrowski garantem vaga no WTA Finals; brasileira e canadense conquistaram tr\u00eas t\u00edtulos na temporada e se classificaram matematicamente para o torneio que re\u00fane as oito melhores duplas do ano no t\u00eanis<\/p>\n\n\n\n<p class=\"wp-block-paragraph\">\ud83c\udfca\ud83c\udffd Trof\u00e9u Jos\u00e9 Finkel: no pen\u00faltimo dia da competi\u00e7\u00e3o, Maf\u00ea Costa bate recorde sul-americano e Carib\u00e9 se aproxima de marca mundial; nadadora venceu os 200m livre e superou a pr\u00f3pria marca, enquanto &#8216;novo Cielo&#8217; se aproxima do recorde de Nicholas Santos nos 50m borboleta; se despedindo, Scheffer fica em 5\u00ba nos 200m livre<\/p>\n\n\n\n<p class=\"wp-block-paragraph\">\ud83c\udf0d\ud83d\udcf0 NOT\u00cdCIAS INTERNACIONAIS<\/p>\n\n\n\n<p class=\"wp-block-paragraph\">\ud83c\udde9\ud83c\uddea Alemanha investiga suspeita de inc\u00eandio criminoso em empresa de defesa em Berlim; inc\u00eandio foi registrado em f\u00e1brica que produz sistemas de radar capazes de detectar, rastrear e bloquear drones; poss\u00edvel ataque incendi\u00e1rio ocorre dias depois de duas tentativas de sabotagem contra a rede el\u00e9trica e ap\u00f3s um ataque com drone em um aeroporto, que Berlim e seus aliados atribu\u00edram \u00e0 R\u00fassia<\/p>\n\n\n\n<p class=\"wp-block-paragraph\">\ud83c\uddec\ud83c\udde7\ud83c\uddf7\ud83c\uddfa Reino Unido convoca diplomata russo ap\u00f3s ataque a aeroporto na Alemanha; governo alem\u00e3o atribuiu \u00e0 R\u00fassia a responsabilidade pela tentativa de ataque com drone em Leipzig; a Uni\u00e3o Europeia (UE) e outros pa\u00edses do continente tomaram medidas semelhantes<\/p>\n\n\n\n<p class=\"wp-block-paragraph\">\ud83c\uddeb\ud83c\uddf7\u2600\ufe0f Ver\u00e3o de 2026 foi o mais quente registrado na Fran\u00e7a, dizem meteorologistas; quase metade do pa\u00eds enfrentou temperaturas superiores a 40 \u00b0C, segundo ministra; pa\u00eds tamb\u00e9m sofreu com inc\u00eandios florestais e seca<\/p>\n\n\n\n<p class=\"wp-block-paragraph\">\ud83c\uddf3\ud83c\uddf5\ud83d\udc65 Mais de cinco mil pessoas continuam desaparecidas no Nepal, diz autoridade; mais de 1.200 pessoas morreram ap\u00f3s desastre natural; al\u00e9m disso, mais de 20 mil casas ter\u00e3o que ser reconstru\u00eddas<\/p>\n\n\n\n<p class=\"wp-block-paragraph\">\ud83c\uddf3\ud83c\uddf5\ud83d\udc65 Esperan\u00e7a de encontrar trabalhadores vivos no Nepal diminui, diz pol\u00edcia; dois corpos foram encontrados durante uma opera\u00e7\u00e3o de busca no projeto da usina hidrel\u00e9trica Langtang Khola<\/p>\n\n\n\n<p class=\"wp-block-paragraph\">\ud83c\udde8\ud83c\uddf3\ud83c\udf2a\ufe0f Tuf\u00e3o Saudel provoca chuvas torrenciais e inunda\u00e7\u00f5es na costa da China; mais de 80 mil moradores foram retirados de suas casas em Fujian, enquanto autoridades fecharam escolas e suspenderam o transporte p\u00fablico diante do avan\u00e7o do fen\u00f4meno<\/p>\n\n\n\n<p class=\"wp-block-paragraph\">\ud83c\uddee\ud83c\udde9\ud83d\udc65 Mais de 1.700 pessoas adoecem ap\u00f3s comerem refei\u00e7\u00f5es escolares na Indon\u00e9sia; programa multibilion\u00e1rio lan\u00e7ado pelo presidente do pa\u00eds \u00e9 alvo de cr\u00edticas da popula\u00e7\u00e3o<\/p>\n\n\n\n<p class=\"wp-block-paragraph\">\ud83c\uddf5\ud83c\udded\ud83d\udc65 Noivos se casam em igreja alagada nas Filipinas; v\u00eddeo divulgado na segunda-feira (31) mostra a noiva caminhando pelo corredor alagado da igreja com a \u00e1gua batendo na cintura, convidados e integrantes do cortejo nupcial em p\u00e9 com a enchente na altura dos joelhos; a lideran\u00e7a da par\u00f3quia aconselhou adiamento, mas o casal n\u00e3o abriu m\u00e3o da data da cerim\u00f4nia<\/p>\n\n\n\n<p class=\"wp-block-paragraph\">\ud83c\uddee\ud83c\uddf7\ud83c\udde6\ud83c\uddea\ud83c\uddf0\ud83c\uddfc Ir\u00e3 ataca bases dos EUA nos Emirados \u00c1rabes e no Kuwait; ex\u00e9rcito iraniano afirma ter usado m\u00edsseis e drones contra instala\u00e7\u00f5es militares americanas no Golfo<\/p>\n\n\n\n<p class=\"wp-block-paragraph\">\ud83c\uddee\ud83c\uddf7\ud83c\uddfa\ud83c\uddf8 N\u00famero de militares iranianos mortos em ataques dos EUA chega a 13; a ag\u00eancia de not\u00edcias semioficial iraniana Tasnim informou nesta quinta-feira (3) a morte de mais seis militares em decorr\u00eancia de ataques dos EUA nesta semana, elevando o n\u00famero de mortos entre as for\u00e7as armadas para pelo menos 13; os ataques dos EUA na ter\u00e7a-feira (1\u00ba) foram os mais extensos em semanas; no \u00faltimo relat\u00f3rio sobre mortes militares, a ag\u00eancia informou que seis membros das for\u00e7as regulares, incluindo tr\u00eas pilotos, foram mortos no sul do Ir\u00e3; n\u00e3o foram fornecidos detalhes adicionais sobre a localiza\u00e7\u00e3o<\/p>\n\n\n\n<p class=\"wp-block-paragraph\">\ud83c\uddee\ud83c\uddf7 Ir\u00e3 alerta EUA sobre ataque israelense a \u00e1rea do Hezbollah no L\u00edbano; Teer\u00e3 promete retalia\u00e7\u00e3o firme caso Israel avance contra cordilheira Ali al-Taher, onde militares iranianos est\u00e3o com Hezbollah<\/p>\n\n\n\n<p class=\"wp-block-paragraph\">\ud83c\uddfa\ud83c\uddf8\ud83c\udde8\ud83c\uddfa EUA imp\u00f5em novas san\u00e7\u00f5es contra Cuba e neto de Ra\u00fal Castro; Governo de Donald Trump tamb\u00e9m teve como alvo entidades que &#8220;exploram os recursos naturais ou as reservas de energia de Cuba em benef\u00edcio do regime&#8221;<\/p>\n\n\n\n<p class=\"wp-block-paragraph\">\ud83c\uddfa\ud83c\uddf8\ud83c\uddfb\ud83c\uddea\u2696\ufe0f Maduro pede que Justi\u00e7a dos EUA rejeite acusa\u00e7\u00f5es de tr\u00e1fico de drogas; ex-presidente venezuelano alega imunidade como chefe de Estado e diz que tribunal de Nova York n\u00e3o tem jurisdi\u00e7\u00e3o sobre o caso; julgamento est\u00e1 marcado para junho de 2027<\/p>\n\n\n\n<p class=\"wp-block-paragraph\">\ud83c\uddfb\ud83c\uddea\u2708\ufe0f Aeroporto de Caracas, na Venezuela, retoma parcialmente opera\u00e7\u00f5es ap\u00f3s terremoto de junho; no primeiro dia de opera\u00e7\u00f5es parciais, o terminal registrou quatro voos internacionais e sete dom\u00e9sticos<\/p>\n\n\n\n<p class=\"wp-block-paragraph\">\ud83c\udde6\ud83c\uddf7 Milei anuncia san\u00e7\u00f5es e constru\u00e7\u00e3o de base naval no sul da Argentina em nova ofensiva pelas Ilhas Malvinas; presidente da Argentina fez um pronunciamento em cadeia nacional nesta quinta-feira (3) para anunciar um novo pacote de medidas voltado \u00e0 disputa pelas ilhas<\/p>\n\n\n\n<p class=\"wp-block-paragraph\">\ud83c\udf0d EVENTOS HIST\u00d3RICOS DO DIA<\/p>\n\n\n\n<p class=\"wp-block-paragraph\">-476: R\u00f4mulo Augusto, \u00faltimo imperador do Imp\u00e9rio Romano do Ocidente, \u00e9 deposto quando Odoacro proclama-se &#8220;Rei da It\u00e1lia&#8221;, terminando assim o Imp\u00e9rio Romano do Ocidente; marco tradicional que delimita o fim da Idade Antiga e o in\u00edcio da Idade M\u00e9dia<\/p>\n\n\n\n<p class=\"wp-block-paragraph\">-626: Li Shimin, postumamente conhecido como imperador Taizong de Tang, assume o trono da China<\/p>\n\n\n\n<p class=\"wp-block-paragraph\">-1666: Em Londres, Inglaterra, o Grande Inc\u00eandio destruiu a Catedral de S\u00e3o Paulo<\/p>\n\n\n\n<p class=\"wp-block-paragraph\">-1781: Los Angeles \u00e9 fundada como &#8220;A Vila de Nossa Senhora, a Rainha dos Anjos&#8221;, por 44 colonos espanh\u00f3is<\/p>\n\n\n\n<p class=\"wp-block-paragraph\">-1842: Casamento de Pedro II do Brasil com a princesa Teresa Cristina Maria de Bourbon<\/p>\n\n\n\n<p class=\"wp-block-paragraph\">-1850: Promulga\u00e7\u00e3o da Lei Eus\u00e9bio de Queir\u00f3s, que pro\u00edbe definitivamente o tr\u00e1fico negreiro para o Brasil<\/p>\n\n\n\n<p class=\"wp-block-paragraph\">-1888: George Eastman, um empres\u00e1rio dos Estados Unidos, registra a marca Kodak e recebe a patente por sua c\u00e2mera que usa rolo de filme<\/p>\n\n\n\n<p class=\"wp-block-paragraph\">-1950: Darlington Raceway, um aut\u00f3dromo com um formato oval localizado nos Estados Unidos, \u00e9 o local da Bojangles Southern 500, a primeira corrida NASCAR de 500 milhas<\/p>\n\n\n\n<p class=\"wp-block-paragraph\">-1951: A primeira transmiss\u00e3o televisiva transcontinental ao vivo ocorre em S\u00e3o Francisco, na Calif\u00f3rnia (EUA), da Confer\u00eancia Japonesa do Tratado de Paz<\/p>\n\n\n\n<p class=\"wp-block-paragraph\">-1957: A Ford Motor Company apresenta o autom\u00f3vel Edsel<\/p>\n\n\n\n<p class=\"wp-block-paragraph\">-1963: o voo Swissair 306, um Sud Aviation Caravelle, cai perto de D\u00fcrren\u00e4sch, na Su\u00ed\u00e7a, matando todas as 80 pessoas a bordo<\/p>\n\n\n\n<p class=\"wp-block-paragraph\">-1969: Militantes do Movimento Revolucion\u00e1rio 8 de Outubro (MR8) sequestram o embaixador americano no Brasil, Charles Burke Elbrick<\/p>\n\n\n\n<p class=\"wp-block-paragraph\">-1970: Salvador Allende \u00e9 eleito Presidente do Chile<\/p>\n\n\n\n<p class=\"wp-block-paragraph\">-1975: \u00c9 assinado o Acordo Provis\u00f3rio do Sinai relativo ao conflito \u00e1rabe-israelense<\/p>\n\n\n\n<p class=\"wp-block-paragraph\">-1996: Guerra contra as drogas: as For\u00e7as Armadas Revolucion\u00e1rias da Col\u00f4mbia (FARC) atacam uma base militar em Guaviare, iniciando tr\u00eas semanas de guerrilha em que pelo 130 colombianos s\u00e3o mortos<\/p>\n\n\n\n<p class=\"wp-block-paragraph\">-1998: O Google \u00e9 fundado por Larry Page e Sergey Brin, dois estudantes da Universidade Stanford<\/p>\n\n\n\n<p class=\"wp-block-paragraph\">-2010: Um terremoto de magnitude 7,1 atinge a Ilha Sul da Nova Zel\u00e2ndia causando danos generalizados e v\u00e1rias quedas de energia<\/p>\n\n\n\n<p class=\"wp-block-paragraph\">-2020: O Papa Bento XVI torna-se o papa que viveu mais tempo, 95 anos, oito meses e 15 dias, ultrapassando o Papa Le\u00e3o XIII, falecido em 1903 aos 93 anos<\/p>\n\n\n\n<p class=\"wp-block-paragraph\">-2023:<\/p>\n\n\n\n<blockquote class=\"wp-block-quote is-layout-flow wp-block-quote-is-layout-flow\">\n<p class=\"wp-block-paragraph\">Mais de 40 pessoas morrem ap\u00f3s passagem de um ciclone extratropical pela regi\u00e3o sul do Brasil<\/p>\n\n\n\n<p class=\"wp-block-paragraph\">A Tempestade Daniel provoca inunda\u00e7\u00f5es em torno do Mediterr\u00e2neo central e o colapso de duas barragens na L\u00edbia, causando mais de seis mil mortes<\/p>\n<\/blockquote>\n\n\n\n<p class=\"wp-block-paragraph\">Essas s\u00e3o algumas not\u00edcias do dia \u2705<br \/>Autor: Roberto Vieira Filho \ud83c\udde7\ud83c\uddf7\ud83c\udf0e<br \/>Bom Dia!!! \ud83d\udc4d\ud83c\udffc\ud83d\ude09<\/p>\n","protected":false},"excerpt":{"rendered":"<p>\u2705 NOT\u00cdCIAS DO DIA &#8211; ANO 10 n\u00b0 3576Dia 4 de Setembro de 2026, Sexta-Feira DATAS COMEMORATIVASDia da Lei Eus\u00e9bio de Queir\u00f3sDia do Serventu\u00e1rioDia Nacional do OdontolegistaDia Mundial da Sa\u00fade SexualDia Mundial do Taekwondo TEMPERATURA E INDICADORES FINANCEIROS\u26c5 M\u00edn 18\u2070 M\u00e1x 31\u2070 (Vit\u00f3ria-ES)\ud83d\udcb5 D\u00f3lar Com \u2b07\ufe0f 0,07% R$ 5,10\ud83d\udcb6 Euro \u2b06\ufe0f 0,27% R$ 5,93\ud83d\udcca Ibovespa [&hellip;]<\/p>\n","protected":false},"author":12,"featured_media":0,"comment_status":"open","ping_status":"open","sticky":false,"template":"","format":"standard","meta":{"footnotes":""},"categories":[9],"tags":[],"class_list":["post-174929","post","type-post","status-publish","format-standard","hentry","category-engracadas"],"_links":{"self":[{"href":"https:\/\/www.largadoemguarapari.com.br\/13largado\/wp-json\/wp\/v2\/posts\/174929","targetHints":{"allow":["GET"]}}],"collection":[{"href":"https:\/\/www.largadoemguarapari.com.br\/13largado\/wp-json\/wp\/v2\/posts"}],"about":[{"href":"https:\/\/www.largadoemguarapari.com.br\/13largado\/wp-json\/wp\/v2\/types\/post"}],"author":[{"embeddable":true,"href":"https:\/\/www.largadoemguarapari.com.br\/13largado\/wp-json\/wp\/v2\/users\/12"}],"replies":[{"embeddable":true,"href":"https:\/\/www.largadoemguarapari.com.br\/13largado\/wp-json\/wp\/v2\/comments?post=174929"}],"version-history":[{"count":1,"href":"https:\/\/www.largadoemguarapari.com.br\/13largado\/wp-json\/wp\/v2\/posts\/174929\/revisions"}],"predecessor-version":[{"id":174930,"href":"https:\/\/www.largadoemguarapari.com.br\/13largado\/wp-json\/wp\/v2\/posts\/174929\/revisions\/174930"}],"wp:attachment":[{"href":"https:\/\/www.largadoemguarapari.com.br\/13largado\/wp-json\/wp\/v2\/media?parent=174929"}],"wp:term":[{"taxonomy":"category","embeddable":true,"href":"https:\/\/www.largadoemguarapari.com.br\/13largado\/wp-json\/wp\/v2\/categories?post=174929"},{"taxonomy":"post_tag","embeddable":true,"href":"https:\/\/www.largadoemguarapari.com.br\/13largado\/wp-json\/wp\/v2\/tags?post=174929"}],"curies":[{"name":"wp","href":"https:\/\/api.w.org\/{rel}","templated":true}]}}