
{"id":23362,"date":"2015-07-01T00:05:55","date_gmt":"2015-07-01T03:05:55","guid":{"rendered":"http:\/\/www.largadoemguarapari.com.br\/13largado\/?p=23362"},"modified":"2015-07-01T00:14:53","modified_gmt":"2015-07-01T03:14:53","slug":"o-titulo-e-seu-637","status":"publish","type":"post","link":"https:\/\/www.largadoemguarapari.com.br\/13largado\/o-titulo-e-seu-637\/","title":{"rendered":"O T\u00cdTULO \u00c9 SEU"},"content":{"rendered":"<p><strong>QUEM MANDOU BEM NESSA IMAGEM:<br \/>\n<font color=white>***<\/font><br \/>\n<center><img decoding=\"async\" src=\"http:\/\/midia2.largadoemguarapari.com.br\/02_ri-t.jpg\" width=250\/><\/center><br \/>\n<font color=white>***<\/font><br \/>\n Padr\u00e3o (padre grande) disse:<br \/>\nSe tirar eu caio\u2026..<br \/>\n<font color=white>***<\/font><br \/>\nCRISTIANO disse:<br \/>\nPelo visto o peido foi violento ou o brioco dele \u00e9 muito apertadinho e t\u00e1 dif\u00edcil de enterrar\u2026..kkkkkkk<br \/>\n<font color=white>***<\/font><br \/>\nJohnnyboy disse:<br \/>\nMais um Gol da Alemanha! pera\u00ed, o da frente n\u00e3o deveria estar com o uniforme do Brasil?<br \/>\n<font color=white>***<\/font><br \/>\nFULANO DE TAL disse:<br \/>\nUMA DAS RAZ\u00d5ES QUE ME LEVA A TER UMA VIDA SEDENT\u00c1RIA!<br \/>\n<font color=white>***<\/font><br \/>\nEduardinho Vale &#8211; MG disse:<br \/>\nAcho que a luz de freio do cara da frente queimou \u2026 rsrs<br \/>\n<font color=white>***<\/font><br \/>\nmorcegao disse:<br \/>\nDilema, a biba nao sabe se ganha ou se deixa o bofe gozar.<br \/>\n<font color=white>***<\/font><br \/>\nDunha disse:<br \/>\nesporte pra s\u00e3o paulinos.<br \/>\n<font color=white>***<\/font><br \/>\nZoto disse:<br \/>\nAplicando a famosa chave de anel.<br \/>\n<font color=white>***<\/font><br \/>\nMagn\u00f3lio disse:<br \/>\npegar por tr\u00e1s assim, pode Arnaldo ?<br \/>\n<font color=white>***<\/font><br \/>\n<center><img decoding=\"async\" src=\"http:\/\/midia2.largadoemguarapari.com.br\/02_rj-t.jpg\"\/><\/center><br \/>\n<font color=white>***<\/font><\/strong><\/p>\n","protected":false},"excerpt":{"rendered":"<p>QUEM MANDOU BEM NESSA IMAGEM: *** *** Padr\u00e3o (padre grande) disse: Se tirar eu caio\u2026.. *** CRISTIANO disse: Pelo visto o peido foi violento ou o brioco dele \u00e9 muito apertadinho e t\u00e1 dif\u00edcil de enterrar\u2026..kkkkkkk *** Johnnyboy disse: Mais um Gol da Alemanha! pera\u00ed, o da frente n\u00e3o deveria estar com o uniforme do [&hellip;]<\/p>\n","protected":false},"author":7,"featured_media":0,"comment_status":"open","ping_status":"open","sticky":false,"template":"","format":"standard","meta":{"footnotes":""},"categories":[8],"tags":[],"class_list":["post-23362","post","type-post","status-publish","format-standard","hentry","category-o-titulo-e-seu"],"_links":{"self":[{"href":"https:\/\/www.largadoemguarapari.com.br\/13largado\/wp-json\/wp\/v2\/posts\/23362","targetHints":{"allow":["GET"]}}],"collection":[{"href":"https:\/\/www.largadoemguarapari.com.br\/13largado\/wp-json\/wp\/v2\/posts"}],"about":[{"href":"https:\/\/www.largadoemguarapari.com.br\/13largado\/wp-json\/wp\/v2\/types\/post"}],"author":[{"embeddable":true,"href":"https:\/\/www.largadoemguarapari.com.br\/13largado\/wp-json\/wp\/v2\/users\/7"}],"replies":[{"embeddable":true,"href":"https:\/\/www.largadoemguarapari.com.br\/13largado\/wp-json\/wp\/v2\/comments?post=23362"}],"version-history":[{"count":1,"href":"https:\/\/www.largadoemguarapari.com.br\/13largado\/wp-json\/wp\/v2\/posts\/23362\/revisions"}],"predecessor-version":[{"id":23363,"href":"https:\/\/www.largadoemguarapari.com.br\/13largado\/wp-json\/wp\/v2\/posts\/23362\/revisions\/23363"}],"wp:attachment":[{"href":"https:\/\/www.largadoemguarapari.com.br\/13largado\/wp-json\/wp\/v2\/media?parent=23362"}],"wp:term":[{"taxonomy":"category","embeddable":true,"href":"https:\/\/www.largadoemguarapari.com.br\/13largado\/wp-json\/wp\/v2\/categories?post=23362"},{"taxonomy":"post_tag","embeddable":true,"href":"https:\/\/www.largadoemguarapari.com.br\/13largado\/wp-json\/wp\/v2\/tags?post=23362"}],"curies":[{"name":"wp","href":"https:\/\/api.w.org\/{rel}","templated":true}]}}