
{"id":58023,"date":"2018-02-28T00:08:58","date_gmt":"2018-02-28T03:08:58","guid":{"rendered":"http:\/\/www.largadoemguarapari.com.br\/13largado\/?p=58023"},"modified":"2018-02-26T11:02:46","modified_gmt":"2018-02-26T14:02:46","slug":"festa-dos-200-anos-da-imperatriz-dona-amelia","status":"publish","type":"post","link":"https:\/\/www.largadoemguarapari.com.br\/13largado\/festa-dos-200-anos-da-imperatriz-dona-amelia\/","title":{"rendered":"FESTA DOS 200 ANOS DA IMPERATRIZ DONA AM\u00c9LIA."},"content":{"rendered":"<p>O anivers\u00e1rio foi comemorado em 2012<\/p>\n<p><span style=\"color: #ffffff;\">+<\/span><\/p>\n<p><img loading=\"lazy\" decoding=\"async\" class=\"alignnone wp-image-58024\" src=\"http:\/\/www.largadoemguarapari.com.br\/13largado\/wp-content\/uploads\/2018\/02\/bolo-da-festa-de-200-anos-da-imperatriz-dona-amelia-1519336854933_v2_750x421.jpg\" alt=\"\" width=\"600\" height=\"337\" \/><\/p>\n<p><span style=\"color: #ffffff;\">*<\/span><\/p>\n<p>Em frente \u00e0 m\u00famia, que havia sido exumada dias antes para passar pelos exames de imagem, foram colocados retratos coloridos dos familiares de Dona Am\u00e9lia, em portas-retratos&#8230;.<\/p>\n<p><span style=\"color: #ffffff;\">*<\/span><\/p>\n<p><img loading=\"lazy\" decoding=\"async\" class=\"alignnone wp-image-58025\" src=\"http:\/\/www.largadoemguarapari.com.br\/13largado\/wp-content\/uploads\/2018\/02\/festa-de-200-anos-de-nascimento-da-imperatriz-dona-amelia-na-cripta-real-em-sao-paulo-1519336808227_v2_750x421.jpg\" alt=\"\" width=\"600\" height=\"337\" \/><\/p>\n<p>A arque\u00f3loga \u00e9 volunt\u00e1ria do Monumento \u00e0 Independ\u00eancia, onde est\u00e3o guardados os restos mortais de Dom Pedro I e de Dona Leopoldina, primeira mulher do primeiro imperador Brasileiro, al\u00e9m de Dona Am\u00e9lia, a segunda esposa, cuja urna<\/p>\n<p><span style=\"color: #ffffff;\">**<\/span><\/p>\n","protected":false},"excerpt":{"rendered":"<p>O anivers\u00e1rio foi comemorado em 2012 + * Em frente \u00e0 m\u00famia, que havia sido exumada dias antes para passar pelos exames de imagem, foram colocados retratos coloridos dos familiares de Dona Am\u00e9lia, em portas-retratos&#8230;. * A arque\u00f3loga \u00e9 volunt\u00e1ria do Monumento \u00e0 Independ\u00eancia, onde est\u00e3o guardados os restos mortais de Dom Pedro I e [&hellip;]<\/p>\n","protected":false},"author":10,"featured_media":0,"comment_status":"open","ping_status":"open","sticky":false,"template":"","format":"standard","meta":{"footnotes":""},"categories":[20],"tags":[],"class_list":["post-58023","post","type-post","status-publish","format-standard","hentry","category-bizarra"],"_links":{"self":[{"href":"https:\/\/www.largadoemguarapari.com.br\/13largado\/wp-json\/wp\/v2\/posts\/58023","targetHints":{"allow":["GET"]}}],"collection":[{"href":"https:\/\/www.largadoemguarapari.com.br\/13largado\/wp-json\/wp\/v2\/posts"}],"about":[{"href":"https:\/\/www.largadoemguarapari.com.br\/13largado\/wp-json\/wp\/v2\/types\/post"}],"author":[{"embeddable":true,"href":"https:\/\/www.largadoemguarapari.com.br\/13largado\/wp-json\/wp\/v2\/users\/10"}],"replies":[{"embeddable":true,"href":"https:\/\/www.largadoemguarapari.com.br\/13largado\/wp-json\/wp\/v2\/comments?post=58023"}],"version-history":[{"count":1,"href":"https:\/\/www.largadoemguarapari.com.br\/13largado\/wp-json\/wp\/v2\/posts\/58023\/revisions"}],"predecessor-version":[{"id":58026,"href":"https:\/\/www.largadoemguarapari.com.br\/13largado\/wp-json\/wp\/v2\/posts\/58023\/revisions\/58026"}],"wp:attachment":[{"href":"https:\/\/www.largadoemguarapari.com.br\/13largado\/wp-json\/wp\/v2\/media?parent=58023"}],"wp:term":[{"taxonomy":"category","embeddable":true,"href":"https:\/\/www.largadoemguarapari.com.br\/13largado\/wp-json\/wp\/v2\/categories?post=58023"},{"taxonomy":"post_tag","embeddable":true,"href":"https:\/\/www.largadoemguarapari.com.br\/13largado\/wp-json\/wp\/v2\/tags?post=58023"}],"curies":[{"name":"wp","href":"https:\/\/api.w.org\/{rel}","templated":true}]}}