
{"id":62732,"date":"2018-05-24T07:12:30","date_gmt":"2018-05-24T10:12:30","guid":{"rendered":"http:\/\/www.largadoemguarapari.com.br\/13largado\/?p=62732"},"modified":"2018-05-24T07:30:22","modified_gmt":"2018-05-24T10:30:22","slug":"frase-do-dia-1714","status":"publish","type":"post","link":"https:\/\/www.largadoemguarapari.com.br\/13largado\/frase-do-dia-1714\/","title":{"rendered":"FRASE DO DIA"},"content":{"rendered":"<hr \/>\n<h1>Ex-governador de MG Eduardo Azeredo se entrega e \u00e9 preso.<\/h1>\n<p>Azeredo, condenado a 20 anos de pris\u00e3o pelos crimes de peculato e lavagem de dinheiro no mensal\u00e3o mineiro, se entrega \u00e0 pol\u00edcia.\u00a0Pris\u00e3o foi determinada ap\u00f3s \u00faltimo recurso na segunda inst\u00e2ncia ser rejeitado no TJMG. De acordo com a den\u00fancia, o mensal\u00e3o mineiro teria desviado recursos para a campanha eleitoral de Azeredo, que concorria \u00e0 reelei\u00e7\u00e3o ao governo do estado, em 1998.<\/p>\n<p><span style=\"color: #ffffff;\">**<\/span><\/p>\n","protected":false},"excerpt":{"rendered":"<p>Ex-governador de MG Eduardo Azeredo se entrega e \u00e9 preso. Azeredo, condenado a 20 anos de pris\u00e3o pelos crimes de peculato e lavagem de dinheiro no mensal\u00e3o mineiro, se entrega \u00e0 pol\u00edcia.\u00a0Pris\u00e3o foi determinada ap\u00f3s \u00faltimo recurso na segunda inst\u00e2ncia ser rejeitado no TJMG. De acordo com a den\u00fancia, o mensal\u00e3o mineiro teria desviado recursos [&hellip;]<\/p>\n","protected":false},"author":10,"featured_media":0,"comment_status":"open","ping_status":"open","sticky":false,"template":"","format":"standard","meta":{"footnotes":""},"categories":[13],"tags":[],"class_list":["post-62732","post","type-post","status-publish","format-standard","hentry","category-frase-do-dia"],"_links":{"self":[{"href":"https:\/\/www.largadoemguarapari.com.br\/13largado\/wp-json\/wp\/v2\/posts\/62732","targetHints":{"allow":["GET"]}}],"collection":[{"href":"https:\/\/www.largadoemguarapari.com.br\/13largado\/wp-json\/wp\/v2\/posts"}],"about":[{"href":"https:\/\/www.largadoemguarapari.com.br\/13largado\/wp-json\/wp\/v2\/types\/post"}],"author":[{"embeddable":true,"href":"https:\/\/www.largadoemguarapari.com.br\/13largado\/wp-json\/wp\/v2\/users\/10"}],"replies":[{"embeddable":true,"href":"https:\/\/www.largadoemguarapari.com.br\/13largado\/wp-json\/wp\/v2\/comments?post=62732"}],"version-history":[{"count":5,"href":"https:\/\/www.largadoemguarapari.com.br\/13largado\/wp-json\/wp\/v2\/posts\/62732\/revisions"}],"predecessor-version":[{"id":62737,"href":"https:\/\/www.largadoemguarapari.com.br\/13largado\/wp-json\/wp\/v2\/posts\/62732\/revisions\/62737"}],"wp:attachment":[{"href":"https:\/\/www.largadoemguarapari.com.br\/13largado\/wp-json\/wp\/v2\/media?parent=62732"}],"wp:term":[{"taxonomy":"category","embeddable":true,"href":"https:\/\/www.largadoemguarapari.com.br\/13largado\/wp-json\/wp\/v2\/categories?post=62732"},{"taxonomy":"post_tag","embeddable":true,"href":"https:\/\/www.largadoemguarapari.com.br\/13largado\/wp-json\/wp\/v2\/tags?post=62732"}],"curies":[{"name":"wp","href":"https:\/\/api.w.org\/{rel}","templated":true}]}}