
{"id":68634,"date":"2018-08-29T00:09:54","date_gmt":"2018-08-29T03:09:54","guid":{"rendered":"http:\/\/www.largadoemguarapari.com.br\/13largado\/?p=68634"},"modified":"2018-08-28T09:38:54","modified_gmt":"2018-08-28T12:38:54","slug":"ser-humano-e-suas-conviccoes","status":"publish","type":"post","link":"https:\/\/www.largadoemguarapari.com.br\/13largado\/ser-humano-e-suas-conviccoes\/","title":{"rendered":"SER HUMANO E SUAS CONVIC\u00c7\u00d5ES"},"content":{"rendered":"<p>Joaqu\u00edn Guzm\u00e1n Loera, com a alcunha de &#8220;El Chapo Gusman&#8221; \u00e9 um narcotraficante mexicano ligado \u00e0 &#8220;Alianza de Sangre&#8221;, tamb\u00e9m conhecida como Cartel de Sinaloa.\u00a0\u00c9 considerado pelas autoridades como um dos mais poderosos traficantes de drogas do mundo e era um dos bar\u00f5es da droga mais procurados no M\u00e9xico e nos EUA.<\/p>\n<p>&nbsp;<\/p>\n<p>Foi preso por diversas vezes, e por diversas vezes fugiu por t\u00faneis, constru\u00eddos por engenheiros financiados pelo narcotr\u00e1fico. Por fim, encontra-se preso novamente, em um pres\u00eddio de seguran\u00e7a m\u00e1xima, desta vez nos Estados Unidos.<\/p>\n<p>&nbsp;<\/p>\n<p>Um exemplo de pessoa, a n\u00e3o se seguir.<\/p>\n<p>&nbsp;<\/p>\n<p>Dado e confirmado seu car\u00e1ter maligno, vejam o que as pessoas do M\u00e9xico protestaram, quando preso:<\/p>\n<p>&nbsp;<\/p>\n<p><img decoding=\"async\" src=\"https:\/\/ep00.epimg.net\/internacional\/imagenes\/2014\/02\/27\/actualidad\/1393477842_177605_1393478149_noticia_normal.jpg\" \/><\/p>\n<p><img loading=\"lazy\" decoding=\"async\" class=\"\" src=\"https:\/\/abrilexame.files.wordpress.com\/2016\/09\/size_960_16_9_protesto-mexico5.jpg\" width=\"560\" height=\"373\" \/><\/p>\n<p>&nbsp;<\/p>\n<p>Como diz a m\u00e1xima: Qualquer semelhan\u00e7a, n\u00e3o \u00e9 mera coincid\u00eancia.<\/p>\n<p><strong>Tirem suas pr\u00f3prias conclus\u00f5es.<\/strong><\/p>\n<p>&nbsp;<\/p>\n<p>&nbsp;<\/p>\n","protected":false},"excerpt":{"rendered":"<p>Joaqu\u00edn Guzm\u00e1n Loera, com a alcunha de &#8220;El Chapo Gusman&#8221; \u00e9 um narcotraficante mexicano ligado \u00e0 &#8220;Alianza de Sangre&#8221;, tamb\u00e9m conhecida como Cartel de Sinaloa.\u00a0\u00c9 considerado pelas autoridades como um dos mais poderosos traficantes de drogas do mundo e era um dos bar\u00f5es da droga mais procurados no M\u00e9xico e nos EUA. &nbsp; Foi preso [&hellip;]<\/p>\n","protected":false},"author":12,"featured_media":0,"comment_status":"open","ping_status":"open","sticky":false,"template":"","format":"standard","meta":{"footnotes":""},"categories":[20],"tags":[],"class_list":["post-68634","post","type-post","status-publish","format-standard","hentry","category-bizarra"],"_links":{"self":[{"href":"https:\/\/www.largadoemguarapari.com.br\/13largado\/wp-json\/wp\/v2\/posts\/68634","targetHints":{"allow":["GET"]}}],"collection":[{"href":"https:\/\/www.largadoemguarapari.com.br\/13largado\/wp-json\/wp\/v2\/posts"}],"about":[{"href":"https:\/\/www.largadoemguarapari.com.br\/13largado\/wp-json\/wp\/v2\/types\/post"}],"author":[{"embeddable":true,"href":"https:\/\/www.largadoemguarapari.com.br\/13largado\/wp-json\/wp\/v2\/users\/12"}],"replies":[{"embeddable":true,"href":"https:\/\/www.largadoemguarapari.com.br\/13largado\/wp-json\/wp\/v2\/comments?post=68634"}],"version-history":[{"count":4,"href":"https:\/\/www.largadoemguarapari.com.br\/13largado\/wp-json\/wp\/v2\/posts\/68634\/revisions"}],"predecessor-version":[{"id":68638,"href":"https:\/\/www.largadoemguarapari.com.br\/13largado\/wp-json\/wp\/v2\/posts\/68634\/revisions\/68638"}],"wp:attachment":[{"href":"https:\/\/www.largadoemguarapari.com.br\/13largado\/wp-json\/wp\/v2\/media?parent=68634"}],"wp:term":[{"taxonomy":"category","embeddable":true,"href":"https:\/\/www.largadoemguarapari.com.br\/13largado\/wp-json\/wp\/v2\/categories?post=68634"},{"taxonomy":"post_tag","embeddable":true,"href":"https:\/\/www.largadoemguarapari.com.br\/13largado\/wp-json\/wp\/v2\/tags?post=68634"}],"curies":[{"name":"wp","href":"https:\/\/api.w.org\/{rel}","templated":true}]}}